{"id":7465,"date":"2024-11-16T10:07:28","date_gmt":"2024-11-16T10:07:28","guid":{"rendered":"https:\/\/naszpowiat.info\/?p=7465"},"modified":"2024-11-16T10:07:29","modified_gmt":"2024-11-16T10:07:29","slug":"bezplatny-montaz-czujnikow-czadu-w-wolominie","status":"publish","type":"post","link":"https:\/\/naszpowiat.info\/index.php\/2024\/11\/16\/bezplatny-montaz-czujnikow-czadu-w-wolominie\/","title":{"rendered":"Bezp\u0142atny monta\u017c czujnik\u00f3w czadu w Wo\u0142ominie"},"content":{"rendered":"\n<p><strong>Przedsi\u0119biorstwo Komunalne w Wo\u0142ominie<\/strong> ponownie rozpoczyna bezp\u0142atn\u0105 akcj\u0119 monta\u017cu czujnik\u00f3w czadu w lokalach komunalnych. Celem jest zwi\u0119kszenie bezpiecze\u0144stwa mieszka\u0144c\u00f3w i ochrona przed zagro\u017ceniem, jakie niesie obecno\u015b\u0107 tlenku w\u0119gla.<\/p>\n\n\n\n<p>Tlenek w\u0119gla to bezwonny, bezbarwny gaz, kt\u00f3rego nie mo\u017cna wykry\u0107 bez specjalistycznych urz\u0105dze\u0144. Co roku, szczeg\u00f3lnie w okresie grzewczym, dochodzi do tragicznych zdarze\u0144 spowodowanych zatruciami czadem. Monta\u017c czujnika to proste i skuteczne rozwi\u0105zanie, kt\u00f3re mo\u017ce uratowa\u0107 \u017cycie.<\/p>\n\n\n\n<p><strong>Dlaczego warto zamontowa\u0107 czujnik czadu?<\/strong><\/p>\n\n\n\n<ul class=\"wp-block-list\">\n<li><strong>Ochrona zdrowia i \u017cycia<\/strong>: czujnik szybko wykrywa obecno\u015b\u0107 niebezpiecznego gazu, umo\u017cliwiaj\u0105c podj\u0119cie dzia\u0142a\u0144 na czas.<\/li>\n\n\n\n<li><strong>Spok\u00f3j i komfort<\/strong>: mieszka\u0144cy mog\u0105 czu\u0107 si\u0119 bezpieczniej w swoich domach.<\/li>\n\n\n\n<li><strong>Darmowa instalacja<\/strong>: Przedsi\u0119biorstwo Komunalne pokrywa pe\u0142ne koszty monta\u017cu urz\u0105dzenia.<\/li>\n<\/ul>\n\n\n\n<p>Przedsi\u0119biorstwo Komunalne zaprasza wszystkich mieszka\u0144c\u00f3w lokali komunalnych w Wo\u0142ominie, kt\u00f3rzy jeszcze nie posiadaj\u0105 czujnika czadu, do zg\u0142aszania si\u0119 do akcji. W celu um\u00f3wienia si\u0119 na monta\u017c nale\u017cy uda\u0107 si\u0119 do biura przy al. Armii Krajowej 34 w Wo\u0142ominie.<\/p>\n\n\n<div class=\"wp-block-image\">\n<figure class=\"aligncenter size-full\"><img loading=\"lazy\" decoding=\"async\" width=\"667\" height=\"500\" src=\"https:\/\/naszpowiat.info\/wp-content\/uploads\/2024\/11\/na-FB-czujniki-czadu11-667x500-1.png\" alt=\"\" class=\"wp-image-7466\" srcset=\"https:\/\/naszpowiat.info\/wp-content\/uploads\/2024\/11\/na-FB-czujniki-czadu11-667x500-1.png 667w, https:\/\/naszpowiat.info\/wp-content\/uploads\/2024\/11\/na-FB-czujniki-czadu11-667x500-1-300x225.png 300w, https:\/\/naszpowiat.info\/wp-content\/uploads\/2024\/11\/na-FB-czujniki-czadu11-667x500-1-465x349.png 465w\" sizes=\"auto, (max-width: 667px) 100vw, 667px\" \/><figcaption class=\"wp-element-caption\">Fot. wolomin.org<\/figcaption><\/figure>\n<\/div><div class=\"naszp-po-tresci\" id=\"naszp-3425861512\"><script async src=\"\/\/pagead2.googlesyndication.com\/pagead\/js\/adsbygoogle.js?client=ca-pub-5304901113955943\" crossorigin=\"anonymous\"><\/script><ins class=\"adsbygoogle\" style=\"display:block;\" data-ad-client=\"ca-pub-5304901113955943\" \ndata-ad-slot=\"9226873542\" \ndata-ad-format=\"auto\"><\/ins>\n<script> \n(adsbygoogle = window.adsbygoogle || []).push({}); \n<\/script>\n<\/div>","protected":false},"excerpt":{"rendered":"<p>Przedsi\u0119biorstwo Komunalne w Wo\u0142ominie ponownie rozpoczyna bezp\u0142atn\u0105 akcj\u0119 monta\u017cu czujnik\u00f3w czadu w lokalach komunalnych. Celem jest zwi\u0119kszenie bezpiecze\u0144stwa mieszka\u0144c\u00f3w i ochrona przed zagro\u017ceniem, jakie niesie obecno\u015b\u0107 tlenku w\u0119gla. Tlenek w\u0119gla to bezwonny, bezbarwny gaz, kt\u00f3rego nie mo\u017cna wykry\u0107 bez specjalistycznych urz\u0105dze\u0144. Co roku, szczeg\u00f3lnie w okresie grzewczym, dochodzi do tragicznych<span class=\"more-link\"><a href=\"https:\/\/naszpowiat.info\/index.php\/2024\/11\/16\/bezplatny-montaz-czujnikow-czadu-w-wolominie\/\">Czytaj dalej<\/a><\/span><\/p>\n","protected":false},"author":9,"featured_media":7466,"comment_status":"open","ping_status":"open","sticky":false,"template":"","format":"standard","meta":{"_monsterinsights_skip_tracking":false,"_monsterinsights_sitenote_active":false,"_monsterinsights_sitenote_note":"","_monsterinsights_sitenote_category":0,"footnotes":""},"categories":[123,172,28,127,187,58,228],"tags":[156,385,126,296,124],"class_list":["entry","author-admin","post-7465","post","type-post","status-publish","format-standard","has-post-thumbnail","category-aktualnosci","category-bezpieczenstwo","category-dla-mieszkanca","category-inwestycje","category-samorzad","category-wolomin-wolominski","category-zdrowie","tag-bezpieczenstwo","tag-czujniki-czadu","tag-inwestycje","tag-mieszkancy","tag-wolomin"],"aioseo_notices":[],"_links":{"self":[{"href":"https:\/\/naszpowiat.info\/index.php\/wp-json\/wp\/v2\/posts\/7465","targetHints":{"allow":["GET"]}}],"collection":[{"href":"https:\/\/naszpowiat.info\/index.php\/wp-json\/wp\/v2\/posts"}],"about":[{"href":"https:\/\/naszpowiat.info\/index.php\/wp-json\/wp\/v2\/types\/post"}],"author":[{"embeddable":true,"href":"https:\/\/naszpowiat.info\/index.php\/wp-json\/wp\/v2\/users\/9"}],"replies":[{"embeddable":true,"href":"https:\/\/naszpowiat.info\/index.php\/wp-json\/wp\/v2\/comments?post=7465"}],"version-history":[{"count":1,"href":"https:\/\/naszpowiat.info\/index.php\/wp-json\/wp\/v2\/posts\/7465\/revisions"}],"predecessor-version":[{"id":7467,"href":"https:\/\/naszpowiat.info\/index.php\/wp-json\/wp\/v2\/posts\/7465\/revisions\/7467"}],"wp:featuredmedia":[{"embeddable":true,"href":"https:\/\/naszpowiat.info\/index.php\/wp-json\/wp\/v2\/media\/7466"}],"wp:attachment":[{"href":"https:\/\/naszpowiat.info\/index.php\/wp-json\/wp\/v2\/media?parent=7465"}],"wp:term":[{"taxonomy":"category","embeddable":true,"href":"https:\/\/naszpowiat.info\/index.php\/wp-json\/wp\/v2\/categories?post=7465"},{"taxonomy":"post_tag","embeddable":true,"href":"https:\/\/naszpowiat.info\/index.php\/wp-json\/wp\/v2\/tags?post=7465"}],"curies":[{"name":"wp","href":"https:\/\/api.w.org\/{rel}","templated":true}]}}