{"id":7446,"date":"2024-11-12T20:17:42","date_gmt":"2024-11-12T20:17:42","guid":{"rendered":"https:\/\/naszpowiat.info\/?p=7446"},"modified":"2024-11-12T20:17:43","modified_gmt":"2024-11-12T20:17:43","slug":"mikolajkowy-marsz-nordic-walking-w-pruszkowie","status":"publish","type":"post","link":"https:\/\/naszpowiat.info\/index.php\/2024\/11\/12\/mikolajkowy-marsz-nordic-walking-w-pruszkowie\/","title":{"rendered":"Miko\u0142ajkowy Marsz Nordic Walking w Pruszkowie"},"content":{"rendered":"\n<p>7 grudnia w Pruszkowie odb\u0119dzie si\u0119 wyj\u0105tkowy Miko\u0142ajkowy Marsz Nordic Walking pod has\u0142em: \u201eW zdrowym ciele zdrowy duch, a pies i kot ma pe\u0142ny brzuch\u201d. Celem akcji jest zbi\u00f3rka dar\u00f3w dla zwierz\u0105t w potrzebie.<\/p>\n\n\n\n<p>Marsz rozpocznie si\u0119 o godzinie 10:00 w Parku Potulickich, przy uj\u0119ciu wody oligoce\u0144skiej. Aby wzi\u0105\u0107 udzia\u0142, ka\u017cdy uczestnik powinien przynie\u015b\u0107 ze sob\u0105 przynajmniej jeden produkt dla zwierz\u0105t. Preferowane s\u0105 karmy marki Dolina Noteci, a tak\u017ce koce, legowiska i zabawki. Wszystkie zebrane dary zostan\u0105 przekazane pruszkowskiemu stowarzyszeniu na rzecz zwierz\u0105t.<\/p>\n\n\n\n<p>Organizatorzy przygotowali wiele atrakcji dla uczestnik\u00f3w. Marsz poprzedzi pokaz prawid\u0142owej techniki Nordic Walking oraz rozgrzewka prowadzona przez do\u015bwiadczonych instruktor\u00f3w. Trasa marszu dostosowana b\u0119dzie do mo\u017cliwo\u015bci ka\u017cdego uczestnika. Na zako\u0144czenie przewidziane jest spotkanie w restauracji \u201eSzcz\u0119\u015bliwa Si\u00f3demka\u201d, gdzie na uczestnik\u00f3w czeka\u0107 b\u0119d\u0105 ciasto marchewkowe oraz ciep\u0142a herbata.<\/p>\n\n\n\n<p>Organizatorzy zach\u0119caj\u0105 do przybrania \u015bwi\u0105tecznych akcent\u00f3w, co jeszcze bardziej podkre\u015bli magiczny, miko\u0142ajkowy charakter wydarzenia.<\/p>\n\n\n\n<p>Wydarzenie organizowane jest przez Zesp\u00f3\u0142 Szk\u00f3\u0142 Specjalnych im. ks. Jana Twardowskiego we wsp\u00f3\u0142pracy z grup\u0105 \u017bbiki Nordic Walking i lokalnymi partnerami.<\/p>\n\n\n\n<figure class=\"wp-block-image size-large\"><img loading=\"lazy\" decoding=\"async\" width=\"724\" height=\"1024\" src=\"https:\/\/naszpowiat.info\/wp-content\/uploads\/2024\/11\/466424425_1089285262988412_3917390777157077035_n-724x1024.jpg\" alt=\"\" class=\"wp-image-7447\" srcset=\"https:\/\/naszpowiat.info\/wp-content\/uploads\/2024\/11\/466424425_1089285262988412_3917390777157077035_n-724x1024.jpg 724w, https:\/\/naszpowiat.info\/wp-content\/uploads\/2024\/11\/466424425_1089285262988412_3917390777157077035_n-212x300.jpg 212w, https:\/\/naszpowiat.info\/wp-content\/uploads\/2024\/11\/466424425_1089285262988412_3917390777157077035_n-768x1086.jpg 768w, https:\/\/naszpowiat.info\/wp-content\/uploads\/2024\/11\/466424425_1089285262988412_3917390777157077035_n-389x550.jpg 389w, https:\/\/naszpowiat.info\/wp-content\/uploads\/2024\/11\/466424425_1089285262988412_3917390777157077035_n-354x500.jpg 354w, https:\/\/naszpowiat.info\/wp-content\/uploads\/2024\/11\/466424425_1089285262988412_3917390777157077035_n.jpg 1080w\" sizes=\"auto, (max-width: 724px) 100vw, 724px\" \/><figcaption class=\"wp-element-caption\">Fot. Zesp\u00f3\u0142 Szk\u00f3\u0142 Specjalnych im. ks. Jana Twardowskiego w Pruszkowie<\/figcaption><\/figure>\n<div class=\"naszp-po-tresci\" id=\"naszp-1911126800\"><script async src=\"\/\/pagead2.googlesyndication.com\/pagead\/js\/adsbygoogle.js?client=ca-pub-5304901113955943\" crossorigin=\"anonymous\"><\/script><ins class=\"adsbygoogle\" style=\"display:block;\" data-ad-client=\"ca-pub-5304901113955943\" \ndata-ad-slot=\"9226873542\" \ndata-ad-format=\"auto\"><\/ins>\n<script> \n(adsbygoogle = window.adsbygoogle || []).push({}); \n<\/script>\n<\/div>","protected":false},"excerpt":{"rendered":"<p>7 grudnia w Pruszkowie odb\u0119dzie si\u0119 wyj\u0105tkowy Miko\u0142ajkowy Marsz Nordic Walking pod has\u0142em: \u201eW zdrowym ciele zdrowy duch, a pies i kot ma pe\u0142ny brzuch\u201d. Celem akcji jest zbi\u00f3rka dar\u00f3w dla zwierz\u0105t w potrzebie. Marsz rozpocznie si\u0119 o godzinie 10:00 w Parku Potulickich, przy uj\u0119ciu wody oligoce\u0144skiej. Aby wzi\u0105\u0107 udzia\u0142,<span class=\"more-link\"><a href=\"https:\/\/naszpowiat.info\/index.php\/2024\/11\/12\/mikolajkowy-marsz-nordic-walking-w-pruszkowie\/\">Czytaj dalej<\/a><\/span><\/p>\n","protected":false},"author":9,"featured_media":7447,"comment_status":"open","ping_status":"open","sticky":false,"template":"","format":"standard","meta":{"_monsterinsights_skip_tracking":false,"_monsterinsights_sitenote_active":false,"_monsterinsights_sitenote_note":"","_monsterinsights_sitenote_category":0,"footnotes":""},"categories":[123,28,30,42,187],"tags":[207,377,378,141,379],"class_list":["entry","author-admin","post-7446","post","type-post","status-publish","format-standard","has-post-thumbnail","category-aktualnosci","category-dla-mieszkanca","category-kultura","category-pruszkow","category-samorzad","tag-kultura","tag-mikolajki","tag-nordic-walking","tag-pruszkow","tag-zwierzeta"],"aioseo_notices":[],"_links":{"self":[{"href":"https:\/\/naszpowiat.info\/index.php\/wp-json\/wp\/v2\/posts\/7446","targetHints":{"allow":["GET"]}}],"collection":[{"href":"https:\/\/naszpowiat.info\/index.php\/wp-json\/wp\/v2\/posts"}],"about":[{"href":"https:\/\/naszpowiat.info\/index.php\/wp-json\/wp\/v2\/types\/post"}],"author":[{"embeddable":true,"href":"https:\/\/naszpowiat.info\/index.php\/wp-json\/wp\/v2\/users\/9"}],"replies":[{"embeddable":true,"href":"https:\/\/naszpowiat.info\/index.php\/wp-json\/wp\/v2\/comments?post=7446"}],"version-history":[{"count":1,"href":"https:\/\/naszpowiat.info\/index.php\/wp-json\/wp\/v2\/posts\/7446\/revisions"}],"predecessor-version":[{"id":7448,"href":"https:\/\/naszpowiat.info\/index.php\/wp-json\/wp\/v2\/posts\/7446\/revisions\/7448"}],"wp:featuredmedia":[{"embeddable":true,"href":"https:\/\/naszpowiat.info\/index.php\/wp-json\/wp\/v2\/media\/7447"}],"wp:attachment":[{"href":"https:\/\/naszpowiat.info\/index.php\/wp-json\/wp\/v2\/media?parent=7446"}],"wp:term":[{"taxonomy":"category","embeddable":true,"href":"https:\/\/naszpowiat.info\/index.php\/wp-json\/wp\/v2\/categories?post=7446"},{"taxonomy":"post_tag","embeddable":true,"href":"https:\/\/naszpowiat.info\/index.php\/wp-json\/wp\/v2\/tags?post=7446"}],"curies":[{"name":"wp","href":"https:\/\/api.w.org\/{rel}","templated":true}]}}