{"id":7442,"date":"2024-11-10T16:27:59","date_gmt":"2024-11-10T16:27:59","guid":{"rendered":"https:\/\/naszpowiat.info\/?p=7442"},"modified":"2024-11-10T16:27:59","modified_gmt":"2024-11-10T16:27:59","slug":"narodowe-swieto-niepodleglosci-w-pruszkowie-program-obchodow","status":"publish","type":"post","link":"https:\/\/naszpowiat.info\/index.php\/2024\/11\/10\/narodowe-swieto-niepodleglosci-w-pruszkowie-program-obchodow\/","title":{"rendered":"Narodowe \u015awi\u0119to Niepodleg\u0142o\u015bci w Pruszkowie. Program obchod\u00f3w."},"content":{"rendered":"\n<p>Uroczysto\u015bci rozpoczn\u0105 si\u0119 Msz\u0105 \u015awi\u0119t\u0105 w intencji Ojczyzny, kt\u00f3r\u0105 o godzinie 12:00 odprawiona zostanie w ko\u015bciele pw. Niepokalanego Pocz\u0119cia Naj\u015bwi\u0119tszej Maryi Panny przy ulicy 3 Maja 124 w Pruszkowie. Liturgi\u0119 u\u015bwietni uroczyste wprowadzenie sztandar\u00f3w. Po nabo\u017ce\u0144stwie, o godzinie 13:00, wyruszy tradycyjny Marsz Niepodleg\u0142o\u015bci, kt\u00f3ry przejdzie ulic\u0105 3 Maja do pomnika Tadeusza Ko\u015bciuszki. Uczestnicy marszu b\u0119d\u0105 mieli okazj\u0119 wys\u0142ucha\u0107 okoliczno\u015bciowych przem\u00f3wie\u0144 oraz z\u0142o\u017cy\u0107 ho\u0142d bohaterom narodowym, sk\u0142adaj\u0105c kwiaty pod pomnikiem. Po tych wydarzeniach b\u0119dzie mo\u017cliwo\u015b\u0107 zjedzenia ciep\u0142ego posi\u0142ku &#8211; gor\u0105cej groch\u00f3wki. Mo\u017cliwo\u015b\u0107 pobrania posi\u0142ku przy Muzeum Dulag 121.&nbsp;<\/p>\n\n\n\n<p>Na godzin\u0119 16:00 zaplanowany jest koncert ,,Niepodleg\u0142o\u015b\u0107 w kulturze\u201d. Odb\u0119dzie si\u0119 on w sali kameralnej M\u0142odzie\u017cowego Domu Kultury w Pruszkowie, kt\u00f3ry wsp\u00f3\u0142organizuje wydarzenie z Pa\u0144stwow\u0105 Szko\u0142\u0105 Muzyczn\u0105 I st. im. Witolda Lutos\u0142awskiego. Koncert b\u0119dzie sfinansowany ze \u015brodk\u00f3w powiatu pruszkowskiego.&nbsp;<\/p>\n\n\n\n<p>O godzinie 18:00 odb\u0119dzie si\u0119 kolejny koncert &#8211; ,,Piosenki Wolno\u015bci\u201d. Arty\u015bci z Zespo\u0142u Ta\u0144ca Ludowego ,,Pruszkowiacy\u201d, oraz Ch\u00f3ru ,,Pana Moniuszki\u201d wyst\u0105pi\u0105 w Centrum Kultury i Sportu w Pruszkowie przy ul. Bohater\u00f3w Warszawy 4.&nbsp;<\/p>\n\n\n\n<p>Organizatorzy serdecznie zapraszaj\u0105 wszystkich mieszka\u0144c\u00f3w Pruszkowa i okolic do wsp\u00f3lnego uczczenia Narodowego \u015awi\u0119ta Niepodleg\u0142o\u015bci.<\/p>\n\n\n<div class=\"wp-block-image\">\n<figure class=\"aligncenter size-full\"><img loading=\"lazy\" decoding=\"async\" width=\"602\" height=\"361\" src=\"https:\/\/naszpowiat.info\/wp-content\/uploads\/2024\/11\/obraz-4.png\" alt=\"\" class=\"wp-image-7443\" srcset=\"https:\/\/naszpowiat.info\/wp-content\/uploads\/2024\/11\/obraz-4.png 602w, https:\/\/naszpowiat.info\/wp-content\/uploads\/2024\/11\/obraz-4-300x180.png 300w, https:\/\/naszpowiat.info\/wp-content\/uploads\/2024\/11\/obraz-4-465x279.png 465w\" sizes=\"auto, (max-width: 602px) 100vw, 602px\" \/><figcaption class=\"wp-element-caption\">Fot. Urz\u0105d Miasta Pruszk\u00f3w<\/figcaption><\/figure>\n<\/div><div class=\"naszp-po-tresci\" id=\"naszp-2901715764\"><script async src=\"\/\/pagead2.googlesyndication.com\/pagead\/js\/adsbygoogle.js?client=ca-pub-5304901113955943\" crossorigin=\"anonymous\"><\/script><ins class=\"adsbygoogle\" style=\"display:block;\" data-ad-client=\"ca-pub-5304901113955943\" \ndata-ad-slot=\"9226873542\" \ndata-ad-format=\"auto\"><\/ins>\n<script> \n(adsbygoogle = window.adsbygoogle || []).push({}); \n<\/script>\n<\/div>","protected":false},"excerpt":{"rendered":"<p>Uroczysto\u015bci rozpoczn\u0105 si\u0119 Msz\u0105 \u015awi\u0119t\u0105 w intencji Ojczyzny, kt\u00f3r\u0105 o godzinie 12:00 odprawiona zostanie w ko\u015bciele pw. Niepokalanego Pocz\u0119cia Naj\u015bwi\u0119tszej Maryi Panny przy ulicy 3 Maja 124 w Pruszkowie. Liturgi\u0119 u\u015bwietni uroczyste wprowadzenie sztandar\u00f3w. Po nabo\u017ce\u0144stwie, o godzinie 13:00, wyruszy tradycyjny Marsz Niepodleg\u0142o\u015bci, kt\u00f3ry przejdzie ulic\u0105 3 Maja do pomnika<span class=\"more-link\"><a href=\"https:\/\/naszpowiat.info\/index.php\/2024\/11\/10\/narodowe-swieto-niepodleglosci-w-pruszkowie-program-obchodow\/\">Czytaj dalej<\/a><\/span><\/p>\n","protected":false},"author":9,"featured_media":7443,"comment_status":"open","ping_status":"open","sticky":false,"template":"","format":"standard","meta":{"_monsterinsights_skip_tracking":false,"_monsterinsights_sitenote_active":false,"_monsterinsights_sitenote_note":"","_monsterinsights_sitenote_category":0,"footnotes":""},"categories":[123,28,78,30,42,187],"tags":[273,207,285,141,309,369,290],"class_list":["entry","author-admin","post-7442","post","type-post","status-publish","format-standard","has-post-thumbnail","category-aktualnosci","category-dla-mieszkanca","category-historia","category-kultura","category-pruszkow","category-samorzad","tag-historia","tag-kultura","tag-muzyka","tag-pruszkow","tag-samorzad","tag-swieto-niepodleglosci","tag-wydarzenia"],"aioseo_notices":[],"_links":{"self":[{"href":"https:\/\/naszpowiat.info\/index.php\/wp-json\/wp\/v2\/posts\/7442","targetHints":{"allow":["GET"]}}],"collection":[{"href":"https:\/\/naszpowiat.info\/index.php\/wp-json\/wp\/v2\/posts"}],"about":[{"href":"https:\/\/naszpowiat.info\/index.php\/wp-json\/wp\/v2\/types\/post"}],"author":[{"embeddable":true,"href":"https:\/\/naszpowiat.info\/index.php\/wp-json\/wp\/v2\/users\/9"}],"replies":[{"embeddable":true,"href":"https:\/\/naszpowiat.info\/index.php\/wp-json\/wp\/v2\/comments?post=7442"}],"version-history":[{"count":1,"href":"https:\/\/naszpowiat.info\/index.php\/wp-json\/wp\/v2\/posts\/7442\/revisions"}],"predecessor-version":[{"id":7444,"href":"https:\/\/naszpowiat.info\/index.php\/wp-json\/wp\/v2\/posts\/7442\/revisions\/7444"}],"wp:featuredmedia":[{"embeddable":true,"href":"https:\/\/naszpowiat.info\/index.php\/wp-json\/wp\/v2\/media\/7443"}],"wp:attachment":[{"href":"https:\/\/naszpowiat.info\/index.php\/wp-json\/wp\/v2\/media?parent=7442"}],"wp:term":[{"taxonomy":"category","embeddable":true,"href":"https:\/\/naszpowiat.info\/index.php\/wp-json\/wp\/v2\/categories?post=7442"},{"taxonomy":"post_tag","embeddable":true,"href":"https:\/\/naszpowiat.info\/index.php\/wp-json\/wp\/v2\/tags?post=7442"}],"curies":[{"name":"wp","href":"https:\/\/api.w.org\/{rel}","templated":true}]}}