{"id":7429,"date":"2024-11-06T07:11:11","date_gmt":"2024-11-06T07:11:11","guid":{"rendered":"https:\/\/naszpowiat.info\/?p=7429"},"modified":"2024-11-06T07:11:12","modified_gmt":"2024-11-06T07:11:12","slug":"nowe-mosty-na-dw-801-juz-gotowe-otwarcie-drogi-6-listopada-o-1000","status":"publish","type":"post","link":"https:\/\/naszpowiat.info\/index.php\/2024\/11\/06\/nowe-mosty-na-dw-801-juz-gotowe-otwarcie-drogi-6-listopada-o-1000\/","title":{"rendered":"Nowe mosty na DW 801 ju\u017c gotowe! Otwarcie drogi 6 listopada o 10:00"},"content":{"rendered":"\n<p>Osiem miesi\u0119cy pracy, blisko 13 milion\u00f3w z\u0142otych wydatk\u00f3w. Tak pokr\u00f3tce mo\u017cna opisa\u0107 proces budowy dw\u00f3ch most\u00f3w mi\u0119dzy J\u00f3zefowem a Otwockiem. Najwa\u017cniejsza informacja jest jednak taka, \u017ce ruch mo\u017ce ju\u017c zosta\u0107 wznowiony.<\/p>\n\n\n\n<p>Inwestycja drogowa na drodze wojew\u00f3dzkiej nr 801 rozpocz\u0119\u0142a si\u0119 6 marca br. z konieczno\u015bci\u0105 czasowego zamkni\u0119cia ruchu na odcinku mi\u0119dzy mostem na rzece \u015awider a mostem na Kanale Bieli\u0144skim. Celem inwestycji by\u0142o zast\u0105pienie istniej\u0105cych, przestarza\u0142ych most\u00f3w nowymi obiektami in\u017cynieryjnymi, kt\u00f3re spe\u0142niaj\u0105 wsp\u00f3\u0142czesne wymagania techniczne i zapewniaj\u0105 bezpiecze\u0144stwo u\u017cytkownikom.<\/p>\n\n\n\n<p>6 listopada o godz. 10.00 rano kierowcy zn\u00f3w b\u0119d\u0105 mogli korzysta\u0107 z DW 801 na odcinku w J\u00f3zefowie i Otwocku, co zako\u0144czy okres wielomiesi\u0119cznych utrudnie\u0144. Dzi\u0119ki inwestycji sfinansowanej z bud\u017cetu wojew\u00f3dztwa mazowieckiego na kwot\u0119 12,9 mln z\u0142, Mazowsze zyskuje nowoczesn\u0105 infrastruktur\u0119 drogow\u0105, kt\u00f3ra zapewnia p\u0142ynniejszy i bezpieczniejszy ruch.<\/p>\n\n\n\n<p>Modernizacja fragmentu drogi wojew\u00f3dzkiej 801 w J\u00f3zefowie i Otwocku stanowi cz\u0119\u015b\u0107 szerszego przedsi\u0119wzi\u0119cia, maj\u0105cego na celu unowocze\u015bnienie tej wa\u017cnej trasy. Projekt realizowany etapami przez Mazowiecki Zarz\u0105d Dr\u00f3g Wojew\u00f3dzkich ma na celu usprawnienie po\u0142\u0105cze\u0144 mi\u0119dzy Warszaw\u0105 a innymi miastami regionu, co jest istotne zar\u00f3wno dla mieszka\u0144c\u00f3w, jak i dla gospodarki Mazowsza.<\/p>\n\n\n\n<p>Ponadto, mieszka\u0144cy s\u0105siedniej gminy Karczew mog\u0105 ju\u017c wkr\u00f3tce cieszy\u0107 si\u0119 now\u0105, bezpieczniejsz\u0105 drog\u0105 wojew\u00f3dzk\u0105 801. Prace modernizacyjne na sze\u015bciokilometrowym odcinku dobiegaj\u0105 ko\u0144ca. Drogowcy zako\u0144czyli ju\u017c najwa\u017cniejsze prace, takie jak uk\u0142adanie asfaltu i monta\u017c sygnalizacji \u015bwietlnej. Cho\u0107 oficjalne otwarcie planowane jest na koniec pa\u017adziernika, to nieoficjalnie m\u00f3wi si\u0119 o mo\u017cliwo\u015bci wcze\u015bniejszego udost\u0119pnienia drogi dla kierowc\u00f3w.<\/p>\n\n\n<div class=\"wp-block-image\">\n<figure class=\"aligncenter size-full\"><img loading=\"lazy\" decoding=\"async\" width=\"602\" height=\"451\" src=\"https:\/\/naszpowiat.info\/wp-content\/uploads\/2024\/11\/obraz-1.png\" alt=\"\" class=\"wp-image-7430\" srcset=\"https:\/\/naszpowiat.info\/wp-content\/uploads\/2024\/11\/obraz-1.png 602w, https:\/\/naszpowiat.info\/wp-content\/uploads\/2024\/11\/obraz-1-300x225.png 300w, https:\/\/naszpowiat.info\/wp-content\/uploads\/2024\/11\/obraz-1-465x348.png 465w\" sizes=\"auto, (max-width: 602px) 100vw, 602px\" \/><figcaption class=\"wp-element-caption\">Fot. iotwock.info<\/figcaption><\/figure>\n<\/div><div class=\"naszp-po-tresci\" id=\"naszp-3663585149\"><script async src=\"\/\/pagead2.googlesyndication.com\/pagead\/js\/adsbygoogle.js?client=ca-pub-5304901113955943\" crossorigin=\"anonymous\"><\/script><ins class=\"adsbygoogle\" style=\"display:block;\" data-ad-client=\"ca-pub-5304901113955943\" \ndata-ad-slot=\"9226873542\" \ndata-ad-format=\"auto\"><\/ins>\n<script> \n(adsbygoogle = window.adsbygoogle || []).push({}); \n<\/script>\n<\/div>","protected":false},"excerpt":{"rendered":"<p>Osiem miesi\u0119cy pracy, blisko 13 milion\u00f3w z\u0142otych wydatk\u00f3w. Tak pokr\u00f3tce mo\u017cna opisa\u0107 proces budowy dw\u00f3ch most\u00f3w mi\u0119dzy J\u00f3zefowem a Otwockiem. Najwa\u017cniejsza informacja jest jednak taka, \u017ce ruch mo\u017ce ju\u017c zosta\u0107 wznowiony. Inwestycja drogowa na drodze wojew\u00f3dzkiej nr 801 rozpocz\u0119\u0142a si\u0119 6 marca br. z konieczno\u015bci\u0105 czasowego zamkni\u0119cia ruchu na odcinku<span class=\"more-link\"><a href=\"https:\/\/naszpowiat.info\/index.php\/2024\/11\/06\/nowe-mosty-na-dw-801-juz-gotowe-otwarcie-drogi-6-listopada-o-1000\/\">Czytaj dalej<\/a><\/span><\/p>\n","protected":false},"author":9,"featured_media":7430,"comment_status":"open","ping_status":"open","sticky":false,"template":"","format":"standard","meta":{"_monsterinsights_skip_tracking":false,"_monsterinsights_sitenote_active":false,"_monsterinsights_sitenote_note":"","_monsterinsights_sitenote_category":0,"footnotes":""},"categories":[123,186,183,127,152,108],"tags":[373,126,148],"class_list":["entry","author-admin","post-7429","post","type-post","status-publish","format-standard","has-post-thumbnail","category-aktualnosci","category-budzet","category-infrastruktura","category-inwestycje","category-komunikacja","category-otwock","tag-infrastruktura","tag-inwestycje","tag-otwock"],"aioseo_notices":[],"_links":{"self":[{"href":"https:\/\/naszpowiat.info\/index.php\/wp-json\/wp\/v2\/posts\/7429","targetHints":{"allow":["GET"]}}],"collection":[{"href":"https:\/\/naszpowiat.info\/index.php\/wp-json\/wp\/v2\/posts"}],"about":[{"href":"https:\/\/naszpowiat.info\/index.php\/wp-json\/wp\/v2\/types\/post"}],"author":[{"embeddable":true,"href":"https:\/\/naszpowiat.info\/index.php\/wp-json\/wp\/v2\/users\/9"}],"replies":[{"embeddable":true,"href":"https:\/\/naszpowiat.info\/index.php\/wp-json\/wp\/v2\/comments?post=7429"}],"version-history":[{"count":1,"href":"https:\/\/naszpowiat.info\/index.php\/wp-json\/wp\/v2\/posts\/7429\/revisions"}],"predecessor-version":[{"id":7431,"href":"https:\/\/naszpowiat.info\/index.php\/wp-json\/wp\/v2\/posts\/7429\/revisions\/7431"}],"wp:featuredmedia":[{"embeddable":true,"href":"https:\/\/naszpowiat.info\/index.php\/wp-json\/wp\/v2\/media\/7430"}],"wp:attachment":[{"href":"https:\/\/naszpowiat.info\/index.php\/wp-json\/wp\/v2\/media?parent=7429"}],"wp:term":[{"taxonomy":"category","embeddable":true,"href":"https:\/\/naszpowiat.info\/index.php\/wp-json\/wp\/v2\/categories?post=7429"},{"taxonomy":"post_tag","embeddable":true,"href":"https:\/\/naszpowiat.info\/index.php\/wp-json\/wp\/v2\/tags?post=7429"}],"curies":[{"name":"wp","href":"https:\/\/api.w.org\/{rel}","templated":true}]}}