{"id":7365,"date":"2024-10-22T17:00:28","date_gmt":"2024-10-22T17:00:28","guid":{"rendered":"https:\/\/naszpowiat.info\/?p=7365"},"modified":"2024-10-28T19:53:43","modified_gmt":"2024-10-28T19:53:43","slug":"dzien-otwarty-inzyniera-budownictwa-w-starostwie-powiatowym-w-garwolinie","status":"publish","type":"post","link":"https:\/\/naszpowiat.info\/index.php\/2024\/10\/22\/dzien-otwarty-inzyniera-budownictwa-w-starostwie-powiatowym-w-garwolinie\/","title":{"rendered":"Dzie\u0144 Otwarty In\u017cyniera Budownictwa w Starostwie Powiatowym w Garwolinie"},"content":{"rendered":"\n<p>Mieszka\u0144cy naszego powiatu zainteresowani r\u00f3\u017cnymi aspektami procesu inwestycyjnego mogli skorzysta\u0107 z bezp\u0142atnych konsultacji dotycz\u0105cych budowy, remontu czy eksploatacji obiekt\u00f3w budowlanych.<\/p>\n\n\n\n<p>Nasi eksperci \u2013 do\u015bwiadczeni in\u017cynierowie r\u00f3\u017cnych specjalno\u015bci \u2013 udzielali porad dotycz\u0105cych szeroko rozumianego procesu inwestycyjnego, m.in.: remont\u00f3w, procedur prawnych zwi\u0105zanych z budow\u0105 domu i zakupem dzia\u0142ki, wyboru kierownika budowy itp.<br><br><\/p>\n\n\n\n<figure class=\"wp-block-gallery has-nested-images columns-default is-cropped wp-block-gallery-1 is-layout-flex wp-block-gallery-is-layout-flex\">\n<figure class=\"wp-block-image size-large\"><img loading=\"lazy\" decoding=\"async\" width=\"600\" height=\"800\" data-id=\"7371\" src=\"https:\/\/naszpowiat.info\/wp-content\/uploads\/2024\/10\/csm_image00033_adcd344f9c.jpeg\" alt=\"\" class=\"wp-image-7371\" srcset=\"https:\/\/naszpowiat.info\/wp-content\/uploads\/2024\/10\/csm_image00033_adcd344f9c.jpeg 600w, https:\/\/naszpowiat.info\/wp-content\/uploads\/2024\/10\/csm_image00033_adcd344f9c-225x300.jpeg 225w, https:\/\/naszpowiat.info\/wp-content\/uploads\/2024\/10\/csm_image00033_adcd344f9c-413x550.jpeg 413w, https:\/\/naszpowiat.info\/wp-content\/uploads\/2024\/10\/csm_image00033_adcd344f9c-375x500.jpeg 375w\" sizes=\"auto, (max-width: 600px) 100vw, 600px\" \/><\/figure>\n\n\n\n<figure class=\"wp-block-image size-large\"><img loading=\"lazy\" decoding=\"async\" width=\"1024\" height=\"768\" data-id=\"7370\" src=\"https:\/\/naszpowiat.info\/wp-content\/uploads\/2024\/10\/csm_image00010_c84dbff726-1024x768.jpeg\" alt=\"\" class=\"wp-image-7370\" srcset=\"https:\/\/naszpowiat.info\/wp-content\/uploads\/2024\/10\/csm_image00010_c84dbff726-1024x768.jpeg 1024w, https:\/\/naszpowiat.info\/wp-content\/uploads\/2024\/10\/csm_image00010_c84dbff726-300x225.jpeg 300w, https:\/\/naszpowiat.info\/wp-content\/uploads\/2024\/10\/csm_image00010_c84dbff726-768x576.jpeg 768w, https:\/\/naszpowiat.info\/wp-content\/uploads\/2024\/10\/csm_image00010_c84dbff726-465x349.jpeg 465w, https:\/\/naszpowiat.info\/wp-content\/uploads\/2024\/10\/csm_image00010_c84dbff726-667x500.jpeg 667w, https:\/\/naszpowiat.info\/wp-content\/uploads\/2024\/10\/csm_image00010_c84dbff726.jpeg 1067w\" sizes=\"auto, (max-width: 1024px) 100vw, 1024px\" \/><\/figure>\n\n\n\n<figure class=\"wp-block-image size-large\"><img loading=\"lazy\" decoding=\"async\" width=\"600\" height=\"800\" data-id=\"7369\" src=\"https:\/\/naszpowiat.info\/wp-content\/uploads\/2024\/10\/csm_image00022_60b078f44c.jpeg\" alt=\"\" class=\"wp-image-7369\" srcset=\"https:\/\/naszpowiat.info\/wp-content\/uploads\/2024\/10\/csm_image00022_60b078f44c.jpeg 600w, https:\/\/naszpowiat.info\/wp-content\/uploads\/2024\/10\/csm_image00022_60b078f44c-225x300.jpeg 225w, https:\/\/naszpowiat.info\/wp-content\/uploads\/2024\/10\/csm_image00022_60b078f44c-413x550.jpeg 413w, https:\/\/naszpowiat.info\/wp-content\/uploads\/2024\/10\/csm_image00022_60b078f44c-375x500.jpeg 375w\" sizes=\"auto, (max-width: 600px) 100vw, 600px\" \/><\/figure>\n\n\n\n<figure class=\"wp-block-image size-large\"><img loading=\"lazy\" decoding=\"async\" width=\"600\" height=\"800\" data-id=\"7368\" src=\"https:\/\/naszpowiat.info\/wp-content\/uploads\/2024\/10\/csm_image00021_1115fefd53.jpeg\" alt=\"\" class=\"wp-image-7368\" srcset=\"https:\/\/naszpowiat.info\/wp-content\/uploads\/2024\/10\/csm_image00021_1115fefd53.jpeg 600w, https:\/\/naszpowiat.info\/wp-content\/uploads\/2024\/10\/csm_image00021_1115fefd53-225x300.jpeg 225w, https:\/\/naszpowiat.info\/wp-content\/uploads\/2024\/10\/csm_image00021_1115fefd53-413x550.jpeg 413w, https:\/\/naszpowiat.info\/wp-content\/uploads\/2024\/10\/csm_image00021_1115fefd53-375x500.jpeg 375w\" sizes=\"auto, (max-width: 600px) 100vw, 600px\" \/><\/figure>\n\n\n\n<figure class=\"wp-block-image size-large\"><img loading=\"lazy\" decoding=\"async\" width=\"1024\" height=\"576\" data-id=\"7367\" src=\"https:\/\/naszpowiat.info\/wp-content\/uploads\/2024\/10\/csm_image00061_2fd66906dc-1024x576.jpeg\" alt=\"\" class=\"wp-image-7367\" srcset=\"https:\/\/naszpowiat.info\/wp-content\/uploads\/2024\/10\/csm_image00061_2fd66906dc-1024x576.jpeg 1024w, https:\/\/naszpowiat.info\/wp-content\/uploads\/2024\/10\/csm_image00061_2fd66906dc-300x169.jpeg 300w, https:\/\/naszpowiat.info\/wp-content\/uploads\/2024\/10\/csm_image00061_2fd66906dc-768x432.jpeg 768w, https:\/\/naszpowiat.info\/wp-content\/uploads\/2024\/10\/csm_image00061_2fd66906dc-465x262.jpeg 465w, https:\/\/naszpowiat.info\/wp-content\/uploads\/2024\/10\/csm_image00061_2fd66906dc-695x391.jpeg 695w, https:\/\/naszpowiat.info\/wp-content\/uploads\/2024\/10\/csm_image00061_2fd66906dc.jpeg 1200w\" sizes=\"auto, (max-width: 1024px) 100vw, 1024px\" \/><\/figure>\n\n\n\n<figure class=\"wp-block-image size-large\"><img loading=\"lazy\" decoding=\"async\" width=\"600\" height=\"800\" data-id=\"7366\" src=\"https:\/\/naszpowiat.info\/wp-content\/uploads\/2024\/10\/csm_image00071_02cb0d7970.jpeg\" alt=\"\" class=\"wp-image-7366\" srcset=\"https:\/\/naszpowiat.info\/wp-content\/uploads\/2024\/10\/csm_image00071_02cb0d7970.jpeg 600w, https:\/\/naszpowiat.info\/wp-content\/uploads\/2024\/10\/csm_image00071_02cb0d7970-225x300.jpeg 225w, https:\/\/naszpowiat.info\/wp-content\/uploads\/2024\/10\/csm_image00071_02cb0d7970-413x550.jpeg 413w, https:\/\/naszpowiat.info\/wp-content\/uploads\/2024\/10\/csm_image00071_02cb0d7970-375x500.jpeg 375w\" sizes=\"auto, (max-width: 600px) 100vw, 600px\" \/><\/figure>\n<\/figure>\n\n\n\n<p><\/p>\n\n\n\n<p class=\"has-text-align-center\"><strong><em>MATERIA\u0141 SPONSOROWANY<\/em><\/strong><\/p>\n<div class=\"naszp-po-tresci\" id=\"naszp-2431469604\"><script async src=\"\/\/pagead2.googlesyndication.com\/pagead\/js\/adsbygoogle.js?client=ca-pub-5304901113955943\" crossorigin=\"anonymous\"><\/script><ins class=\"adsbygoogle\" style=\"display:block;\" data-ad-client=\"ca-pub-5304901113955943\" \ndata-ad-slot=\"9226873542\" \ndata-ad-format=\"auto\"><\/ins>\n<script> \n(adsbygoogle = window.adsbygoogle || []).push({}); \n<\/script>\n<\/div>","protected":false},"excerpt":{"rendered":"<p>Mieszka\u0144cy naszego powiatu zainteresowani r\u00f3\u017cnymi aspektami procesu inwestycyjnego mogli skorzysta\u0107 z bezp\u0142atnych konsultacji dotycz\u0105cych budowy, remontu czy eksploatacji obiekt\u00f3w budowlanych. Nasi eksperci \u2013 do\u015bwiadczeni in\u017cynierowie r\u00f3\u017cnych specjalno\u015bci \u2013 udzielali porad dotycz\u0105cych szeroko rozumianego procesu inwestycyjnego, m.in.: remont\u00f3w, procedur prawnych zwi\u0105zanych z budow\u0105 domu i zakupem dzia\u0142ki, wyboru kierownika budowy itp.<span class=\"more-link\"><a href=\"https:\/\/naszpowiat.info\/index.php\/2024\/10\/22\/dzien-otwarty-inzyniera-budownictwa-w-starostwie-powiatowym-w-garwolinie\/\">Czytaj dalej<\/a><\/span><\/p>\n","protected":false},"author":9,"featured_media":7367,"comment_status":"open","ping_status":"open","sticky":false,"template":"","format":"standard","meta":{"_monsterinsights_skip_tracking":false,"_monsterinsights_sitenote_active":false,"_monsterinsights_sitenote_note":"","_monsterinsights_sitenote_category":0,"footnotes":""},"categories":[123,28,213,127,187],"tags":[227,126,359,309],"class_list":["entry","author-admin","post-7365","post","type-post","status-publish","format-standard","has-post-thumbnail","category-aktualnosci","category-dla-mieszkanca","category-garwolin","category-inwestycje","category-samorzad","tag-garwolin","tag-inwestycje","tag-inzynier","tag-samorzad"],"aioseo_notices":[],"_links":{"self":[{"href":"https:\/\/naszpowiat.info\/index.php\/wp-json\/wp\/v2\/posts\/7365","targetHints":{"allow":["GET"]}}],"collection":[{"href":"https:\/\/naszpowiat.info\/index.php\/wp-json\/wp\/v2\/posts"}],"about":[{"href":"https:\/\/naszpowiat.info\/index.php\/wp-json\/wp\/v2\/types\/post"}],"author":[{"embeddable":true,"href":"https:\/\/naszpowiat.info\/index.php\/wp-json\/wp\/v2\/users\/9"}],"replies":[{"embeddable":true,"href":"https:\/\/naszpowiat.info\/index.php\/wp-json\/wp\/v2\/comments?post=7365"}],"version-history":[{"count":2,"href":"https:\/\/naszpowiat.info\/index.php\/wp-json\/wp\/v2\/posts\/7365\/revisions"}],"predecessor-version":[{"id":7400,"href":"https:\/\/naszpowiat.info\/index.php\/wp-json\/wp\/v2\/posts\/7365\/revisions\/7400"}],"wp:featuredmedia":[{"embeddable":true,"href":"https:\/\/naszpowiat.info\/index.php\/wp-json\/wp\/v2\/media\/7367"}],"wp:attachment":[{"href":"https:\/\/naszpowiat.info\/index.php\/wp-json\/wp\/v2\/media?parent=7365"}],"wp:term":[{"taxonomy":"category","embeddable":true,"href":"https:\/\/naszpowiat.info\/index.php\/wp-json\/wp\/v2\/categories?post=7365"},{"taxonomy":"post_tag","embeddable":true,"href":"https:\/\/naszpowiat.info\/index.php\/wp-json\/wp\/v2\/tags?post=7365"}],"curies":[{"name":"wp","href":"https:\/\/api.w.org\/{rel}","templated":true}]}}