{"id":7301,"date":"2024-10-08T18:16:40","date_gmt":"2024-10-08T18:16:40","guid":{"rendered":"https:\/\/naszpowiat.info\/?p=7301"},"modified":"2024-10-08T19:39:16","modified_gmt":"2024-10-08T19:39:16","slug":"100-lecie-zespolu-szkol-im-stanislawa-staszica-w-mietnem","status":"publish","type":"post","link":"https:\/\/naszpowiat.info\/index.php\/2024\/10\/08\/100-lecie-zespolu-szkol-im-stanislawa-staszica-w-mietnem\/","title":{"rendered":"100 &#8211; lecie Zespo\u0142u Szk\u00f3\u0142 im. Stanis\u0142awa Staszica w Mi\u0119tnem"},"content":{"rendered":"\n<p>Zesp\u00f3\u0142 Szk\u00f3\u0142 im. Stanis\u0142awa Staszica w Mi\u0119tnem obchodzi w tym roku stulecie istnienia. Uroczysto\u015bci odby\u0142y si\u0119 5 pa\u017adziernika, a g\u0142\u00f3wnymi ich punktami by\u0142a Eucharystia odprawiona w miejscowym ko\u015bciele i jubileuszowa gala w budynku szko\u0142y, gdzie mi\u0119dzy innymi ods\u0142oni\u0119to okoliczno\u015bciow\u0105 tablic\u0119. Go\u015bcie mogli ogl\u0105da\u0107 prezentacje, wystawy, kroniki.<\/p>\n\n\n\n<p>Uroczysto\u015bci jubileuszowe by\u0142y okazj\u0105 do oceny dorobku szko\u0142y, a tak\u017ce odniesienia si\u0119 do jej tradycji i kultywowanego na przestrzeni dziej\u00f3w systemu warto\u015bci. To r\u00f3wnie\u017c doskona\u0142y moment na spojrzenie w przesz\u0142o\u015b\u0107 i uzmys\u0142owienie skali cywilizacyjnego skoku oraz transformacji, jaka dokona\u0142a si\u0119 w mi\u0119tne\u0144skim Zespole Szk\u00f3\u0142 im. Stanis\u0142awa Staszica.<br>Kulminacyjnym punktem obchod\u00f3w by\u0142a Eucharystia sprawowana w miejscowym ko\u015bciele przez proboszcza parafii ks. kan. Grzegorza Kami\u0144skiego i ks. kan. Zbigniewa Daniluka, pierwszego proboszcza parafii w Mi\u0119tnem.<\/p>\n\n\n\n<p>Uroczysto\u015b\u0107 kontynuowana by\u0142a w auli szko\u0142y, gdzie po wprowadzeniu sztandaru, od\u015bpiewaniu hymnu i odta\u0144czeniu przez m\u0142odzie\u017c poloneza, dyrektor plac\u00f3wki Lilla Nawrocka w okoliczno\u015bciowym wyst\u0105pieniu m\u00f3wi\u0142a o historii szko\u0142y, warto\u015bciach, kszta\u0142ceniu.<br>&nbsp;Ods\u0142oni\u0119to tablic\u0119 w podzi\u0119kowaniu tym wszystkim, kt\u00f3rzy przez 100 lat tworzyli szkoln\u0105 spo\u0142eczno\u015b\u0107. Przez swoj\u0105 stuletni\u0105 dzia\u0142alno\u015b\u0107 szko\u0142a wykszta\u0142ci\u0142a tysi\u0105ce cenionych specjalist\u00f3w w wielu zawodach.\u2013 <em>Ta szko\u0142a rozwija m\u0142odych ludzi w kierunkach nie tylko rolniczych<\/em> \u2013 podkre\u015bla\u0142a starosta Iwona Kurowska. Jej absolwenci, stanowi\u0105cy wykwalifikowan\u0105 kadr\u0119 techniczn\u0105, pracuj\u0105 w r\u00f3\u017cnych bran\u017cach, m.in. rolniczej, gastronomii, szkolnictwie, s\u0142u\u017cbach mundurowych, s\u0105 samorz\u0105dowcami, przedsi\u0119biorcami, czy te\u017c in\u017cynierami.<\/p>\n\n\n\n<p>Gratulacje i podzi\u0119kowania przekaza\u0142 pose\u0142 Grzegorz Wo\u017aniak, w imieniu marsza\u0142ka wojew\u00f3dztwa Adama Struzika i cz\u0142onkini zarz\u0105du wojew\u00f3dztwa Janiny Ewy Orze\u0142owskiej \u2013 Magdalena Sa\u0142ata, dyrektor siedleckiej delegatury UMWM, prof. dr hab. Marek Guga\u0142a, prorektor Uniwersytetu w Siedlcach i dziekan Wydzia\u0142u Nauk Rolniczych prof. dr hab. Jacek Sosnowski, w imieniu samorz\u0105dowc\u00f3w powiatu garwoli\u0144skiego w\u00f3jt gminy Garwolin Marcin Ko\u0142odziejczyk, burmistrz \u017belechowa Krystyna Wieczorkiewicz i w\u00f3jt gminy \u0141askarzew Marek Zi\u0119dalski, prezes ZNP Halina Poszytek, szef Wojskowego Centrum Rekrutacji pp\u0142k. Pawe\u0142 Uchro\u0144ski, dyrektorzy szk\u00f3\u0142 ponadpodstawowych Marzena Tudek, Ewa Flaga, Joanna Ostrowska, Sylwia Tomaszek, Lidia So\u0107ko, wicedyrektor KLO Ma\u0142gorzata Kargol, dyrektor WTZ Mi\u0119tne Katarzyna Wawer, stra\u017cacy OSP Mi\u0119tne i in.<\/p>\n\n\n\n<p>Na zako\u0144czenie jubileuszowej gali okaza\u0142y tort podzielili obecna dyrektor Lilla Nawrocka i jej poprzednicy Andrzej Piesiewicz, Stanis\u0142aw Szostakiewicz, Andrzej Kujda i Zdzis\u0142aw Majewski. Jubileusz zako\u0144czy\u0142 si\u0119 balem absolwent\u00f3w.<\/p>\n\n\n<div class=\"wp-block-image\">\n<figure class=\"aligncenter size-full is-resized\"><img loading=\"lazy\" decoding=\"async\" width=\"600\" height=\"800\" src=\"https:\/\/naszpowiat.info\/wp-content\/uploads\/2024\/10\/csm_image00029_92f2a4d4f1.jpeg\" alt=\"\" class=\"wp-image-7302\" style=\"width:384px;height:auto\" srcset=\"https:\/\/naszpowiat.info\/wp-content\/uploads\/2024\/10\/csm_image00029_92f2a4d4f1.jpeg 600w, https:\/\/naszpowiat.info\/wp-content\/uploads\/2024\/10\/csm_image00029_92f2a4d4f1-225x300.jpeg 225w, https:\/\/naszpowiat.info\/wp-content\/uploads\/2024\/10\/csm_image00029_92f2a4d4f1-413x550.jpeg 413w, https:\/\/naszpowiat.info\/wp-content\/uploads\/2024\/10\/csm_image00029_92f2a4d4f1-375x500.jpeg 375w\" sizes=\"auto, (max-width: 600px) 100vw, 600px\" \/><\/figure>\n<\/div>\n\n\n<figure class=\"wp-block-image size-large is-resized\"><img loading=\"lazy\" decoding=\"async\" width=\"1024\" height=\"768\" src=\"https:\/\/naszpowiat.info\/wp-content\/uploads\/2024\/10\/csm_image00055_3e23d35661-1024x768.jpeg\" alt=\"\" class=\"wp-image-7303\" style=\"width:532px;height:auto\" srcset=\"https:\/\/naszpowiat.info\/wp-content\/uploads\/2024\/10\/csm_image00055_3e23d35661-1024x768.jpeg 1024w, https:\/\/naszpowiat.info\/wp-content\/uploads\/2024\/10\/csm_image00055_3e23d35661-300x225.jpeg 300w, https:\/\/naszpowiat.info\/wp-content\/uploads\/2024\/10\/csm_image00055_3e23d35661-768x576.jpeg 768w, https:\/\/naszpowiat.info\/wp-content\/uploads\/2024\/10\/csm_image00055_3e23d35661-465x349.jpeg 465w, https:\/\/naszpowiat.info\/wp-content\/uploads\/2024\/10\/csm_image00055_3e23d35661-667x500.jpeg 667w, https:\/\/naszpowiat.info\/wp-content\/uploads\/2024\/10\/csm_image00055_3e23d35661.jpeg 1067w\" sizes=\"auto, (max-width: 1024px) 100vw, 1024px\" \/><\/figure>\n\n\n\n<figure class=\"wp-block-image size-full is-resized\"><img loading=\"lazy\" decoding=\"async\" width=\"600\" height=\"800\" src=\"https:\/\/naszpowiat.info\/wp-content\/uploads\/2024\/10\/csm_image00031_b1f1281a1b.jpeg\" alt=\"\" class=\"wp-image-7304\" style=\"width:344px;height:auto\" srcset=\"https:\/\/naszpowiat.info\/wp-content\/uploads\/2024\/10\/csm_image00031_b1f1281a1b.jpeg 600w, https:\/\/naszpowiat.info\/wp-content\/uploads\/2024\/10\/csm_image00031_b1f1281a1b-225x300.jpeg 225w, https:\/\/naszpowiat.info\/wp-content\/uploads\/2024\/10\/csm_image00031_b1f1281a1b-413x550.jpeg 413w, https:\/\/naszpowiat.info\/wp-content\/uploads\/2024\/10\/csm_image00031_b1f1281a1b-375x500.jpeg 375w\" sizes=\"auto, (max-width: 600px) 100vw, 600px\" \/><\/figure>\n\n\n\n<figure class=\"wp-block-image size-full is-resized\"><img loading=\"lazy\" decoding=\"async\" width=\"600\" height=\"800\" src=\"https:\/\/naszpowiat.info\/wp-content\/uploads\/2024\/10\/csm_image00016_4a561a5f11.jpeg\" alt=\"\" class=\"wp-image-7305\" style=\"width:337px;height:auto\" srcset=\"https:\/\/naszpowiat.info\/wp-content\/uploads\/2024\/10\/csm_image00016_4a561a5f11.jpeg 600w, https:\/\/naszpowiat.info\/wp-content\/uploads\/2024\/10\/csm_image00016_4a561a5f11-225x300.jpeg 225w, https:\/\/naszpowiat.info\/wp-content\/uploads\/2024\/10\/csm_image00016_4a561a5f11-413x550.jpeg 413w, https:\/\/naszpowiat.info\/wp-content\/uploads\/2024\/10\/csm_image00016_4a561a5f11-375x500.jpeg 375w\" sizes=\"auto, (max-width: 600px) 100vw, 600px\" \/><\/figure>\n\n\n\n<figure class=\"wp-block-image size-full is-resized\"><img loading=\"lazy\" decoding=\"async\" width=\"600\" height=\"800\" src=\"https:\/\/naszpowiat.info\/wp-content\/uploads\/2024\/10\/csm_image00002_7396788c1b.jpeg\" alt=\"\" class=\"wp-image-7306\" style=\"width:339px;height:auto\" srcset=\"https:\/\/naszpowiat.info\/wp-content\/uploads\/2024\/10\/csm_image00002_7396788c1b.jpeg 600w, https:\/\/naszpowiat.info\/wp-content\/uploads\/2024\/10\/csm_image00002_7396788c1b-225x300.jpeg 225w, https:\/\/naszpowiat.info\/wp-content\/uploads\/2024\/10\/csm_image00002_7396788c1b-413x550.jpeg 413w, https:\/\/naszpowiat.info\/wp-content\/uploads\/2024\/10\/csm_image00002_7396788c1b-375x500.jpeg 375w\" sizes=\"auto, (max-width: 600px) 100vw, 600px\" \/><\/figure>\n\n\n\n<figure class=\"wp-block-image size-full is-resized\"><img loading=\"lazy\" decoding=\"async\" width=\"600\" height=\"800\" src=\"https:\/\/naszpowiat.info\/wp-content\/uploads\/2024\/10\/csm_image00077_095c5c3765.jpeg\" alt=\"\" class=\"wp-image-7307\" style=\"width:341px;height:auto\" srcset=\"https:\/\/naszpowiat.info\/wp-content\/uploads\/2024\/10\/csm_image00077_095c5c3765.jpeg 600w, https:\/\/naszpowiat.info\/wp-content\/uploads\/2024\/10\/csm_image00077_095c5c3765-225x300.jpeg 225w, https:\/\/naszpowiat.info\/wp-content\/uploads\/2024\/10\/csm_image00077_095c5c3765-413x550.jpeg 413w, https:\/\/naszpowiat.info\/wp-content\/uploads\/2024\/10\/csm_image00077_095c5c3765-375x500.jpeg 375w\" sizes=\"auto, (max-width: 600px) 100vw, 600px\" \/><\/figure>\n\n\n\n<figure class=\"wp-block-image size-full is-resized\"><img loading=\"lazy\" decoding=\"async\" width=\"600\" height=\"800\" src=\"https:\/\/naszpowiat.info\/wp-content\/uploads\/2024\/10\/csm_image00033_de7db5cf77.jpeg\" alt=\"\" class=\"wp-image-7308\" style=\"width:350px;height:auto\" srcset=\"https:\/\/naszpowiat.info\/wp-content\/uploads\/2024\/10\/csm_image00033_de7db5cf77.jpeg 600w, https:\/\/naszpowiat.info\/wp-content\/uploads\/2024\/10\/csm_image00033_de7db5cf77-225x300.jpeg 225w, https:\/\/naszpowiat.info\/wp-content\/uploads\/2024\/10\/csm_image00033_de7db5cf77-413x550.jpeg 413w, https:\/\/naszpowiat.info\/wp-content\/uploads\/2024\/10\/csm_image00033_de7db5cf77-375x500.jpeg 375w\" sizes=\"auto, (max-width: 600px) 100vw, 600px\" \/><figcaption class=\"wp-element-caption\">Fot. Starostwo Powiatowe w Garwolinie<\/figcaption><\/figure>\n\n\n\n<p class=\"has-text-align-center\"><strong><em>MATERIA\u0141 PARTNER\u00d3W<\/em><\/strong><\/p>\n<div class=\"naszp-po-tresci\" id=\"naszp-1481433698\"><script async src=\"\/\/pagead2.googlesyndication.com\/pagead\/js\/adsbygoogle.js?client=ca-pub-5304901113955943\" crossorigin=\"anonymous\"><\/script><ins class=\"adsbygoogle\" style=\"display:block;\" data-ad-client=\"ca-pub-5304901113955943\" \ndata-ad-slot=\"9226873542\" \ndata-ad-format=\"auto\"><\/ins>\n<script> \n(adsbygoogle = window.adsbygoogle || []).push({}); \n<\/script>\n<\/div>","protected":false},"excerpt":{"rendered":"<p>Zesp\u00f3\u0142 Szk\u00f3\u0142 im. Stanis\u0142awa Staszica w Mi\u0119tnem obchodzi w tym roku stulecie istnienia. Uroczysto\u015bci odby\u0142y si\u0119 5 pa\u017adziernika, a g\u0142\u00f3wnymi ich punktami by\u0142a Eucharystia odprawiona w miejscowym ko\u015bciele i jubileuszowa gala w budynku szko\u0142y, gdzie mi\u0119dzy innymi ods\u0142oni\u0119to okoliczno\u015bciow\u0105 tablic\u0119. Go\u015bcie mogli ogl\u0105da\u0107 prezentacje, wystawy, kroniki. Uroczysto\u015bci jubileuszowe by\u0142y okazj\u0105<span class=\"more-link\"><a href=\"https:\/\/naszpowiat.info\/index.php\/2024\/10\/08\/100-lecie-zespolu-szkol-im-stanislawa-staszica-w-mietnem\/\">Czytaj dalej<\/a><\/span><\/p>\n","protected":false},"author":9,"featured_media":7311,"comment_status":"open","ping_status":"open","sticky":false,"template":"","format":"standard","meta":{"_monsterinsights_skip_tracking":false,"_monsterinsights_sitenote_active":false,"_monsterinsights_sitenote_note":"","_monsterinsights_sitenote_category":0,"footnotes":""},"categories":[123,28,191,213,30,187],"tags":[253,227,273,278,207,309],"class_list":["entry","author-admin","post-7301","post","type-post","status-publish","format-standard","has-post-thumbnail","category-aktualnosci","category-dla-mieszkanca","category-edukacja","category-garwolin","category-kultura","category-samorzad","tag-edukacja","tag-garwolin","tag-historia","tag-iwona-kurowska","tag-kultura","tag-samorzad"],"aioseo_notices":[],"_links":{"self":[{"href":"https:\/\/naszpowiat.info\/index.php\/wp-json\/wp\/v2\/posts\/7301","targetHints":{"allow":["GET"]}}],"collection":[{"href":"https:\/\/naszpowiat.info\/index.php\/wp-json\/wp\/v2\/posts"}],"about":[{"href":"https:\/\/naszpowiat.info\/index.php\/wp-json\/wp\/v2\/types\/post"}],"author":[{"embeddable":true,"href":"https:\/\/naszpowiat.info\/index.php\/wp-json\/wp\/v2\/users\/9"}],"replies":[{"embeddable":true,"href":"https:\/\/naszpowiat.info\/index.php\/wp-json\/wp\/v2\/comments?post=7301"}],"version-history":[{"count":2,"href":"https:\/\/naszpowiat.info\/index.php\/wp-json\/wp\/v2\/posts\/7301\/revisions"}],"predecessor-version":[{"id":7312,"href":"https:\/\/naszpowiat.info\/index.php\/wp-json\/wp\/v2\/posts\/7301\/revisions\/7312"}],"wp:featuredmedia":[{"embeddable":true,"href":"https:\/\/naszpowiat.info\/index.php\/wp-json\/wp\/v2\/media\/7311"}],"wp:attachment":[{"href":"https:\/\/naszpowiat.info\/index.php\/wp-json\/wp\/v2\/media?parent=7301"}],"wp:term":[{"taxonomy":"category","embeddable":true,"href":"https:\/\/naszpowiat.info\/index.php\/wp-json\/wp\/v2\/categories?post=7301"},{"taxonomy":"post_tag","embeddable":true,"href":"https:\/\/naszpowiat.info\/index.php\/wp-json\/wp\/v2\/tags?post=7301"}],"curies":[{"name":"wp","href":"https:\/\/api.w.org\/{rel}","templated":true}]}}