{"id":7290,"date":"2024-10-05T16:45:11","date_gmt":"2024-10-05T16:45:11","guid":{"rendered":"https:\/\/naszpowiat.info\/?p=7290"},"modified":"2024-10-05T16:45:11","modified_gmt":"2024-10-05T16:45:11","slug":"klub-ko-stracil-wiekszosc-w-radzie-miasta-pruszkowa","status":"publish","type":"post","link":"https:\/\/naszpowiat.info\/index.php\/2024\/10\/05\/klub-ko-stracil-wiekszosc-w-radzie-miasta-pruszkowa\/","title":{"rendered":"Klub KO straci\u0142 wi\u0119kszo\u015b\u0107 w Radzie Miasta Pruszkowa"},"content":{"rendered":"\n<p>8 pruszkowskich radnych wyst\u0105pi\u0142o z klubu KO i za\u0142o\u017cy\u0142o konkurencyjny: Pruszk\u00f3w Obywatelski.<\/p>\n\n\n\n<p>W ostatnich wyborach samorz\u0105dowych a\u017c 11 z 23 mandat\u00f3w w Radzie Miasta Pruszkowa zdoby\u0142a Koalicja Obywatelska. 5 mandat\u00f3w przypad\u0142o Mazowieckiej Wsp\u00f3lnocie Samorz\u0105dowej. 4 radnych wprowadzi\u0142o Prawo i Sprawiedliwo\u015b\u0107. Trzy pozosta\u0142e mandaty przypad\u0142y trzem mniejszym listom.<\/p>\n\n\n\n<p>W pi\u0105tek 27 wrze\u015bnia o\u015bmioro radnych KO o\u015bwiadczy\u0142o, \u017ce si\u0119 z klubu wypisuje. Za\u0142o\u017cyli nowy \u2013 Pruszk\u00f3w Obywatelski. Stworzyli go: <strong>\u0141ukasz Ruszczyk<\/strong> (dotychczasowy przewodnicz\u0105cy klubu KO), <strong>Micha\u0142 Maj<\/strong>, <strong>Julia Kossakowska<\/strong>, <strong>Maria Biernacka<\/strong>, <strong>Micha\u0142 Lewandowski<\/strong> (nowy radny, obj\u0105\u0142 mandat po <strong>Dorocie Kossakowskiej<\/strong> powo\u0142anej na stanowisko zast\u0119pcy prezydenta Pruszkowa), <strong>Dorota Smak<\/strong>, <strong>Jacek Rybczy\u0144ski<\/strong> i <strong>Ma\u0142gorzata Widera<\/strong>.<\/p>\n\n\n\n<p>Secesjoni\u015bci wydali o\u015bwiadczenie: \u201eNiestety od pewnego czasu poczynania niekt\u00f3rych os\u00f3b naszego Klubu Radnych polegaj\u0105ce na przeciwleg\u0142ych i nieuzgodnionych dzia\u0142aniach, a tak\u017ce braku akceptacji kooperacji wobec koalicjanta w znacz\u0105cy spos\u00f3b zacz\u0119\u0142y utrudnia\u0107 harmonijn\u0105 i sp\u00f3jn\u0105 wsp\u00f3\u0142prac\u0119 obydwu klub\u00f3w. Mimo wielokrotnych pr\u00f3b przywr\u00f3cenia normalno\u015bci w dzia\u0142aniu, podejmowaniu decyzji oraz koegzystencji koalicyjnej zaistnia\u0142a konieczno\u015b\u0107 podj\u0119cia bardziej zdecydowanych i radykalnych krok\u00f3w organizacyjnych. Dlatego te\u017c z przykro\u015bci\u0105 i wewn\u0119trznym rozgoryczeniem jeste\u015bmy zmuszeni poinformowa\u0107, \u017ce funkcjonowanie klubu radnych Koalicji Obywatelskiej obecnej formule i sk\u0142adzie nie jest dalej mo\u017cliwe\u201d.<\/p>\n\n\n\n<p>Czy tak mocny wizerunkowy cios zaszkodzi lokalnej Koalicji Obywatelskiej? Jak b\u0119dzie uk\u0142ada\u0142a si\u0119 wsp\u00f3\u0142praca mi\u0119dzy nowym klubem a pozosta\u0142\u0105 w KO tr\u00f3jk\u0105 radnych? <\/p>\n\n\n<div class=\"wp-block-image\">\n<figure class=\"aligncenter size-full is-resized\"><img loading=\"lazy\" decoding=\"async\" width=\"1024\" height=\"675\" src=\"https:\/\/naszpowiat.info\/wp-content\/uploads\/2024\/10\/Klub-Pruszkow-Obywatelski-i-prezydent-Piotr-Bak.webp\" alt=\"\" class=\"wp-image-7291\" style=\"width:516px;height:auto\" srcset=\"https:\/\/naszpowiat.info\/wp-content\/uploads\/2024\/10\/Klub-Pruszkow-Obywatelski-i-prezydent-Piotr-Bak.webp 1024w, https:\/\/naszpowiat.info\/wp-content\/uploads\/2024\/10\/Klub-Pruszkow-Obywatelski-i-prezydent-Piotr-Bak-300x198.webp 300w, https:\/\/naszpowiat.info\/wp-content\/uploads\/2024\/10\/Klub-Pruszkow-Obywatelski-i-prezydent-Piotr-Bak-768x506.webp 768w, https:\/\/naszpowiat.info\/wp-content\/uploads\/2024\/10\/Klub-Pruszkow-Obywatelski-i-prezydent-Piotr-Bak-465x307.webp 465w, https:\/\/naszpowiat.info\/wp-content\/uploads\/2024\/10\/Klub-Pruszkow-Obywatelski-i-prezydent-Piotr-Bak-695x458.webp 695w\" sizes=\"auto, (max-width: 1024px) 100vw, 1024px\" \/><figcaption class=\"wp-element-caption\">Pruszk\u00f3w Obywatelski (FB)<\/figcaption><\/figure>\n<\/div><div class=\"naszp-po-tresci\" id=\"naszp-4154555068\"><script async src=\"\/\/pagead2.googlesyndication.com\/pagead\/js\/adsbygoogle.js?client=ca-pub-5304901113955943\" crossorigin=\"anonymous\"><\/script><ins class=\"adsbygoogle\" style=\"display:block;\" data-ad-client=\"ca-pub-5304901113955943\" \ndata-ad-slot=\"9226873542\" \ndata-ad-format=\"auto\"><\/ins>\n<script> \n(adsbygoogle = window.adsbygoogle || []).push({}); \n<\/script>\n<\/div>","protected":false},"excerpt":{"rendered":"<p>8 pruszkowskich radnych wyst\u0105pi\u0142o z klubu KO i za\u0142o\u017cy\u0142o konkurencyjny: Pruszk\u00f3w Obywatelski. W ostatnich wyborach samorz\u0105dowych a\u017c 11 z 23 mandat\u00f3w w Radzie Miasta Pruszkowa zdoby\u0142a Koalicja Obywatelska. 5 mandat\u00f3w przypad\u0142o Mazowieckiej Wsp\u00f3lnocie Samorz\u0105dowej. 4 radnych wprowadzi\u0142o Prawo i Sprawiedliwo\u015b\u0107. Trzy pozosta\u0142e mandaty przypad\u0142y trzem mniejszym listom. W pi\u0105tek 27<span class=\"more-link\"><a href=\"https:\/\/naszpowiat.info\/index.php\/2024\/10\/05\/klub-ko-stracil-wiekszosc-w-radzie-miasta-pruszkowa\/\">Czytaj dalej<\/a><\/span><\/p>\n","protected":false},"author":9,"featured_media":7291,"comment_status":"open","ping_status":"open","sticky":false,"template":"","format":"standard","meta":{"_monsterinsights_skip_tracking":false,"_monsterinsights_sitenote_active":false,"_monsterinsights_sitenote_note":"","_monsterinsights_sitenote_category":0,"footnotes":""},"categories":[123,28,42,187],"tags":[347,346,141,309],"class_list":["entry","author-admin","post-7290","post","type-post","status-publish","format-standard","has-post-thumbnail","category-aktualnosci","category-dla-mieszkanca","category-pruszkow","category-samorzad","tag-ko","tag-polityka","tag-pruszkow","tag-samorzad"],"aioseo_notices":[],"_links":{"self":[{"href":"https:\/\/naszpowiat.info\/index.php\/wp-json\/wp\/v2\/posts\/7290","targetHints":{"allow":["GET"]}}],"collection":[{"href":"https:\/\/naszpowiat.info\/index.php\/wp-json\/wp\/v2\/posts"}],"about":[{"href":"https:\/\/naszpowiat.info\/index.php\/wp-json\/wp\/v2\/types\/post"}],"author":[{"embeddable":true,"href":"https:\/\/naszpowiat.info\/index.php\/wp-json\/wp\/v2\/users\/9"}],"replies":[{"embeddable":true,"href":"https:\/\/naszpowiat.info\/index.php\/wp-json\/wp\/v2\/comments?post=7290"}],"version-history":[{"count":1,"href":"https:\/\/naszpowiat.info\/index.php\/wp-json\/wp\/v2\/posts\/7290\/revisions"}],"predecessor-version":[{"id":7292,"href":"https:\/\/naszpowiat.info\/index.php\/wp-json\/wp\/v2\/posts\/7290\/revisions\/7292"}],"wp:featuredmedia":[{"embeddable":true,"href":"https:\/\/naszpowiat.info\/index.php\/wp-json\/wp\/v2\/media\/7291"}],"wp:attachment":[{"href":"https:\/\/naszpowiat.info\/index.php\/wp-json\/wp\/v2\/media?parent=7290"}],"wp:term":[{"taxonomy":"category","embeddable":true,"href":"https:\/\/naszpowiat.info\/index.php\/wp-json\/wp\/v2\/categories?post=7290"},{"taxonomy":"post_tag","embeddable":true,"href":"https:\/\/naszpowiat.info\/index.php\/wp-json\/wp\/v2\/tags?post=7290"}],"curies":[{"name":"wp","href":"https:\/\/api.w.org\/{rel}","templated":true}]}}