{"id":7239,"date":"2024-09-22T16:31:02","date_gmt":"2024-09-22T16:31:02","guid":{"rendered":"https:\/\/naszpowiat.info\/?p=7239"},"modified":"2024-09-22T16:31:03","modified_gmt":"2024-09-22T16:31:03","slug":"otwock-zbiorki-dla-powodzian","status":"publish","type":"post","link":"https:\/\/naszpowiat.info\/index.php\/2024\/09\/22\/otwock-zbiorki-dla-powodzian\/","title":{"rendered":"Otwock &#8211; zbi\u00f3rki dla powodzian"},"content":{"rendered":"\n<p>W odpowiedzi na katastrof\u0119 powodziow\u0105 po\u0142udniowo-zachodniej Polski w Otwocku zorganizowano szereg zbi\u00f3rek dar\u00f3w, kt\u00f3re pomog\u0105 mieszka\u0144com dotkni\u0119tym przez \u017cywio\u0142.<\/p>\n\n\n\n<p>Jedn\u0105 z pierwszych inicjatyw w Otwocku jest zbi\u00f3rka dar\u00f3w prowadzona przez Fundacj\u0119 Og\u00f3lnopolskie Porozumienie Ochotniczych Stra\u017cy Po\u017carnych. Klub Per\u0142a OSM Otwock, Klub Batory OSM oraz Klub Grota OSM do\u0142\u0105czy\u0142y do tej akcji, organizuj\u0105c punkty zbi\u00f3rek.<\/p>\n\n\n\n<p>Gdzie mo\u017cna dostarczy\u0107 dary?<\/p>\n\n\n\n<ul class=\"wp-block-list\">\n<li>Klub Batory OSM (ul. Batorego 34, Otwock), godz. 13.00-19.00, do 19 wrze\u015bnia.<\/li>\n\n\n\n<li>Klub Per\u0142a OSM (ul. Sportowa 3, Otwock), godz. 13.00-19.00, do 19 wrze\u015bnia.<\/li>\n\n\n\n<li>Klub Grota OSM (ul. Grota-Roweckiego 2, Karczew), godz. 13.00-19.00, do 19 wrze\u015bnia.<\/li>\n\n\n\n<li>Szko\u0142a Podstawowa nr 2 (ul. Otwocka 13, Karczew), sala nr 28, do 18 wrze\u015bnia.<\/li>\n<\/ul>\n\n\n\n<p>Co jest zbierane w ramach tej zbi\u00f3rki?<\/p>\n\n\n\n<ul class=\"wp-block-list\">\n<li>Orzechy, migda\u0142y, rodzynki.<\/li>\n\n\n\n<li>Musy owocowe w tubkach, owoce w puszkach.<\/li>\n\n\n\n<li>S\u0142odycze, batony energetyczne.<\/li>\n\n\n\n<li>Izotoniki i napoje energetyczne.<\/li>\n\n\n\n<li>Produkty d\u0142ugoterminowe, takie jak kasza, makaron, ry\u017c, konserwy, p\u0142atki \u015bniadaniowe.<\/li>\n\n\n\n<li>Woda niegazowana, soki owocowe i warzywne.<\/li>\n\n\n\n<li>\u015arodki higieniczne, pieluchy, papier toaletowy.<\/li>\n\n\n\n<li>Produkty czyszcz\u0105ce, takie jak proszek do prania i myd\u0142a.<\/li>\n<\/ul>\n\n\n\n<p>UWAGA: Organizatorzy prosz\u0105, aby NIE przynosi\u0107 odzie\u017cy, po\u015bcieli ani innych tekstyli\u00f3w.<\/p>\n\n\n\n<p>Dary b\u0119d\u0105 transportowane bezpo\u015brednio do Fundacji przy ul. Geislera 10 w Otwocku. Mo\u017cna r\u00f3wnie\u017c samodzielnie dostarczy\u0107 pomoc na ten adres.<\/p>\n\n\n\n<p>Prezydent Otwocka, Jaros\u0142aw Margielski, og\u0142osi\u0142 rozpocz\u0119cie miejskiej zbi\u00f3rki dar\u00f3w dla poszkodowanych. Punkt zbi\u00f3rki zosta\u0142 zorganizowany w specjalnym namiocie przy Urz\u0119dzie Miasta (od strony ul. Ho\u017cej).<\/p>\n\n\n\n<p>Potrzebne artyku\u0142y:<\/p>\n\n\n\n<ul class=\"wp-block-list\">\n<li>Woda butelkowana.<\/li>\n\n\n\n<li>Sucha \u017cywno\u015b\u0107 d\u0142ugoterminowa.<\/li>\n\n\n\n<li>\u015arodki czysto\u015bci i higieny osobistej.<\/li>\n\n\n\n<li>Medykamenty.<\/li>\n\n\n\n<li>Karma dla zwierz\u0105t.<\/li>\n\n\n\n<li>Koce<\/li>\n<\/ul>\n\n\n\n<p>UWAGA: Organizatorzy prosz\u0105, aby NIE przynosi\u0107 ubra\u0144.<\/p>\n\n\n\n<p>Zbi\u00f3rka prowadzona jest od poniedzia\u0142ku do pi\u0105tku w godzinach 8.00-19.00, a w weekendy w godzinach 9.00-16.00. Akcja trwa do odwo\u0142ania, a dary b\u0119d\u0105 systematycznie przekazywane do os\u00f3b potrzebuj\u0105cych.<\/p>\n\n\n\n<figure class=\"wp-block-image size-large is-resized\"><img loading=\"lazy\" decoding=\"async\" width=\"1024\" height=\"552\" src=\"https:\/\/naszpowiat.info\/wp-content\/uploads\/2024\/09\/1621707_1726490694-1024x552.webp\" alt=\"\" class=\"wp-image-7240\" style=\"width:462px;height:auto\" srcset=\"https:\/\/naszpowiat.info\/wp-content\/uploads\/2024\/09\/1621707_1726490694-1024x552.webp 1024w, https:\/\/naszpowiat.info\/wp-content\/uploads\/2024\/09\/1621707_1726490694-300x162.webp 300w, https:\/\/naszpowiat.info\/wp-content\/uploads\/2024\/09\/1621707_1726490694-768x414.webp 768w, https:\/\/naszpowiat.info\/wp-content\/uploads\/2024\/09\/1621707_1726490694-465x251.webp 465w, https:\/\/naszpowiat.info\/wp-content\/uploads\/2024\/09\/1621707_1726490694-695x375.webp 695w, https:\/\/naszpowiat.info\/wp-content\/uploads\/2024\/09\/1621707_1726490694.webp 1200w\" sizes=\"auto, (max-width: 1024px) 100vw, 1024px\" \/><figcaption class=\"wp-element-caption\">Fot. <em>freepik.com<\/em><\/figcaption><\/figure>\n<div class=\"naszp-po-tresci\" id=\"naszp-3625499096\"><script async src=\"\/\/pagead2.googlesyndication.com\/pagead\/js\/adsbygoogle.js?client=ca-pub-5304901113955943\" crossorigin=\"anonymous\"><\/script><ins class=\"adsbygoogle\" style=\"display:block;\" data-ad-client=\"ca-pub-5304901113955943\" \ndata-ad-slot=\"9226873542\" \ndata-ad-format=\"auto\"><\/ins>\n<script> \n(adsbygoogle = window.adsbygoogle || []).push({}); \n<\/script>\n<\/div>","protected":false},"excerpt":{"rendered":"<p>W odpowiedzi na katastrof\u0119 powodziow\u0105 po\u0142udniowo-zachodniej Polski w Otwocku zorganizowano szereg zbi\u00f3rek dar\u00f3w, kt\u00f3re pomog\u0105 mieszka\u0144com dotkni\u0119tym przez \u017cywio\u0142. Jedn\u0105 z pierwszych inicjatyw w Otwocku jest zbi\u00f3rka dar\u00f3w prowadzona przez Fundacj\u0119 Og\u00f3lnopolskie Porozumienie Ochotniczych Stra\u017cy Po\u017carnych. Klub Per\u0142a OSM Otwock, Klub Batory OSM oraz Klub Grota OSM do\u0142\u0105czy\u0142y do tej<span class=\"more-link\"><a href=\"https:\/\/naszpowiat.info\/index.php\/2024\/09\/22\/otwock-zbiorki-dla-powodzian\/\">Czytaj dalej<\/a><\/span><\/p>\n","protected":false},"author":9,"featured_media":7240,"comment_status":"open","ping_status":"open","sticky":false,"template":"","format":"standard","meta":{"_monsterinsights_skip_tracking":false,"_monsterinsights_sitenote_active":false,"_monsterinsights_sitenote_note":"","_monsterinsights_sitenote_category":0,"footnotes":""},"categories":[123,172,108,187],"tags":[148,337,336],"class_list":["entry","author-admin","post-7239","post","type-post","status-publish","format-standard","has-post-thumbnail","category-aktualnosci","category-bezpieczenstwo","category-otwock","category-samorzad","tag-otwock","tag-pomoc","tag-powodz"],"aioseo_notices":[],"_links":{"self":[{"href":"https:\/\/naszpowiat.info\/index.php\/wp-json\/wp\/v2\/posts\/7239","targetHints":{"allow":["GET"]}}],"collection":[{"href":"https:\/\/naszpowiat.info\/index.php\/wp-json\/wp\/v2\/posts"}],"about":[{"href":"https:\/\/naszpowiat.info\/index.php\/wp-json\/wp\/v2\/types\/post"}],"author":[{"embeddable":true,"href":"https:\/\/naszpowiat.info\/index.php\/wp-json\/wp\/v2\/users\/9"}],"replies":[{"embeddable":true,"href":"https:\/\/naszpowiat.info\/index.php\/wp-json\/wp\/v2\/comments?post=7239"}],"version-history":[{"count":1,"href":"https:\/\/naszpowiat.info\/index.php\/wp-json\/wp\/v2\/posts\/7239\/revisions"}],"predecessor-version":[{"id":7241,"href":"https:\/\/naszpowiat.info\/index.php\/wp-json\/wp\/v2\/posts\/7239\/revisions\/7241"}],"wp:featuredmedia":[{"embeddable":true,"href":"https:\/\/naszpowiat.info\/index.php\/wp-json\/wp\/v2\/media\/7240"}],"wp:attachment":[{"href":"https:\/\/naszpowiat.info\/index.php\/wp-json\/wp\/v2\/media?parent=7239"}],"wp:term":[{"taxonomy":"category","embeddable":true,"href":"https:\/\/naszpowiat.info\/index.php\/wp-json\/wp\/v2\/categories?post=7239"},{"taxonomy":"post_tag","embeddable":true,"href":"https:\/\/naszpowiat.info\/index.php\/wp-json\/wp\/v2\/tags?post=7239"}],"curies":[{"name":"wp","href":"https:\/\/api.w.org\/{rel}","templated":true}]}}