{"id":7208,"date":"2024-09-12T14:07:56","date_gmt":"2024-09-12T14:07:56","guid":{"rendered":"https:\/\/naszpowiat.info\/?p=7208"},"modified":"2024-09-12T14:07:57","modified_gmt":"2024-09-12T14:07:57","slug":"narodowe-czytanie-w-starostwie-powiatowym-w-garwolinie","status":"publish","type":"post","link":"https:\/\/naszpowiat.info\/index.php\/2024\/09\/12\/narodowe-czytanie-w-starostwie-powiatowym-w-garwolinie\/","title":{"rendered":"Narodowe Czytanie w Starostwie Powiatowym w Garwolinie"},"content":{"rendered":"\n<p>10 wrze\u015bnia w Starostwie Powiatowym w Garwolinie odby\u0142o si\u0119 \u201eNarodowe Czytanie\u201d. Tegoroczn\u0105 lektur\u0105 by\u0142 \u201eKordian\u201d Juliusza S\u0142owackiego. Organizatorami XIII edycji wsp\u00f3lnego czytania byli Starostwo Powiatowe w Garwolinie, Zesp\u00f3\u0142 Szk\u00f3\u0142 nr 1 im. Bohater\u00f3w Westerplatte w Garwolinie, Powiatowe Centrum Kultury i Promocji w Mi\u0119tnem.<\/p>\n\n\n\n<p>\u201eKordian\u201d to dramat romantyczny autorstwa Juliusza S\u0142owackiego. Utw\u00f3r napisany zosta\u0142 w Genewie w 1833, ukaza\u0142 si\u0119 anonimowo w Pary\u017cu w 1834 r.<\/p>\n\n\n\n<p>Wsp\u00f3lnie z Pos\u0142em na Sejm RP Grzegorzem Wo\u017aniakiem , Starost\u0105 Powiatu Garwoli\u0144skiego Iwon\u0105 Kurowsk\u0105, Wicestarost\u0105 Miros\u0142awem Walickim, Przewodnicz\u0105cym Rady Powiatu Norbertem Wilbikiem , Radnym Powiatowym Sebastianem Kieliszek, dyrekcj\u0105, nauczycielami oraz m\u0142odzie\u017c\u0105 z Zespo\u0142u Szk\u00f3\u0142 im. Stanis\u0142awa Staszica w Mi\u0119tnem, Zespo\u0142u Szk\u00f3\u0142 nr 1 im. Bohater\u00f3w Westerplatte w Garwolinie, Liceum Og\u00f3lnokszta\u0142c\u0105ce im. Joachima Lelewela w \u017belechowie, Zespo\u0142u Szk\u00f3\u0142 Ponadpodstawowych im. Tadeusza Ko\u015bciuszki w Sobolewie, Zespo\u0142u Szk\u00f3\u0142 Ponadpodstawowych im. Ignacego Wyssogoty Zakrzewskiego w \u017belechowie, I Liceum Og\u00f3lnokszta\u0142c\u0105ce im. Marsza\u0142ka J\u00f3zefa Pi\u0142sudskiego w Garwolinie, Zespo\u0142u Szk\u00f3\u0142 nr 2 im. Tadeusza Ko\u015bciuszki w Garwolinie, Katolickiego Liceum Og\u00f3lnokszta\u0142c\u0105ce im. Cypriana Kamila Norwida w Garwolinie, podopiecznymi \u015aDS Mi\u0119tne oraz przedstawicielkami Miejsko-Powiatowa Biblioteka w Garwolinie czytali\u015bmy &#8222;Kordiana&#8221; dramat Juliusza S\u0142owackiego.<\/p>\n\n\n\n<p>Uczestnicy Narodowego Czytania otrzymali pami\u0105tkowe egzemplarze \u201eKordiana\u201d Juliusza S\u0142owackiego. Serdecznie dzi\u0119kujemy za wsp\u00f3lne czytanie i do zobaczenia za rok!<\/p>\n\n\n\n<p>Patronat honorowy Pary Prezydenckiej.<\/p>\n\n\n\n<figure class=\"wp-block-image size-large is-resized\"><img loading=\"lazy\" decoding=\"async\" width=\"1024\" height=\"768\" src=\"https:\/\/naszpowiat.info\/wp-content\/uploads\/2024\/09\/csm_458969091_480498468146199_3597663197380384904_n_51adf30373-1024x768.jpg\" alt=\"\" class=\"wp-image-7209\" style=\"width:487px;height:auto\" srcset=\"https:\/\/naszpowiat.info\/wp-content\/uploads\/2024\/09\/csm_458969091_480498468146199_3597663197380384904_n_51adf30373-1024x768.jpg 1024w, https:\/\/naszpowiat.info\/wp-content\/uploads\/2024\/09\/csm_458969091_480498468146199_3597663197380384904_n_51adf30373-300x225.jpg 300w, https:\/\/naszpowiat.info\/wp-content\/uploads\/2024\/09\/csm_458969091_480498468146199_3597663197380384904_n_51adf30373-768x576.jpg 768w, https:\/\/naszpowiat.info\/wp-content\/uploads\/2024\/09\/csm_458969091_480498468146199_3597663197380384904_n_51adf30373-465x349.jpg 465w, https:\/\/naszpowiat.info\/wp-content\/uploads\/2024\/09\/csm_458969091_480498468146199_3597663197380384904_n_51adf30373-667x500.jpg 667w, https:\/\/naszpowiat.info\/wp-content\/uploads\/2024\/09\/csm_458969091_480498468146199_3597663197380384904_n_51adf30373.jpg 1067w\" sizes=\"auto, (max-width: 1024px) 100vw, 1024px\" \/><\/figure>\n\n\n\n<figure class=\"wp-block-image size-large is-resized\"><img loading=\"lazy\" decoding=\"async\" width=\"1024\" height=\"768\" src=\"https:\/\/naszpowiat.info\/wp-content\/uploads\/2024\/09\/csm_459035256_480498434812869_4998666760390523485_n_c2d499ea51-1024x768.jpg\" alt=\"\" class=\"wp-image-7210\" style=\"width:488px;height:auto\" srcset=\"https:\/\/naszpowiat.info\/wp-content\/uploads\/2024\/09\/csm_459035256_480498434812869_4998666760390523485_n_c2d499ea51-1024x768.jpg 1024w, https:\/\/naszpowiat.info\/wp-content\/uploads\/2024\/09\/csm_459035256_480498434812869_4998666760390523485_n_c2d499ea51-300x225.jpg 300w, https:\/\/naszpowiat.info\/wp-content\/uploads\/2024\/09\/csm_459035256_480498434812869_4998666760390523485_n_c2d499ea51-768x576.jpg 768w, https:\/\/naszpowiat.info\/wp-content\/uploads\/2024\/09\/csm_459035256_480498434812869_4998666760390523485_n_c2d499ea51-465x349.jpg 465w, https:\/\/naszpowiat.info\/wp-content\/uploads\/2024\/09\/csm_459035256_480498434812869_4998666760390523485_n_c2d499ea51-667x500.jpg 667w, https:\/\/naszpowiat.info\/wp-content\/uploads\/2024\/09\/csm_459035256_480498434812869_4998666760390523485_n_c2d499ea51.jpg 1067w\" sizes=\"auto, (max-width: 1024px) 100vw, 1024px\" \/><\/figure>\n\n\n\n<figure class=\"wp-block-image size-full is-resized\"><img loading=\"lazy\" decoding=\"async\" width=\"600\" height=\"800\" src=\"https:\/\/naszpowiat.info\/wp-content\/uploads\/2024\/09\/csm_459177099_480498904812822_3514692627167692807_n_d776a9d647.jpg\" alt=\"\" class=\"wp-image-7211\" style=\"width:493px;height:auto\" srcset=\"https:\/\/naszpowiat.info\/wp-content\/uploads\/2024\/09\/csm_459177099_480498904812822_3514692627167692807_n_d776a9d647.jpg 600w, https:\/\/naszpowiat.info\/wp-content\/uploads\/2024\/09\/csm_459177099_480498904812822_3514692627167692807_n_d776a9d647-225x300.jpg 225w, https:\/\/naszpowiat.info\/wp-content\/uploads\/2024\/09\/csm_459177099_480498904812822_3514692627167692807_n_d776a9d647-413x550.jpg 413w, https:\/\/naszpowiat.info\/wp-content\/uploads\/2024\/09\/csm_459177099_480498904812822_3514692627167692807_n_d776a9d647-375x500.jpg 375w\" sizes=\"auto, (max-width: 600px) 100vw, 600px\" \/><\/figure>\n\n\n\n<figure class=\"wp-block-image size-large is-resized\"><img loading=\"lazy\" decoding=\"async\" width=\"1024\" height=\"768\" src=\"https:\/\/naszpowiat.info\/wp-content\/uploads\/2024\/09\/csm_459202016_480498341479545_3032247238035986328_n_604863902f-1024x768.jpg\" alt=\"\" class=\"wp-image-7212\" style=\"width:509px;height:auto\" srcset=\"https:\/\/naszpowiat.info\/wp-content\/uploads\/2024\/09\/csm_459202016_480498341479545_3032247238035986328_n_604863902f-1024x768.jpg 1024w, https:\/\/naszpowiat.info\/wp-content\/uploads\/2024\/09\/csm_459202016_480498341479545_3032247238035986328_n_604863902f-300x225.jpg 300w, https:\/\/naszpowiat.info\/wp-content\/uploads\/2024\/09\/csm_459202016_480498341479545_3032247238035986328_n_604863902f-768x576.jpg 768w, https:\/\/naszpowiat.info\/wp-content\/uploads\/2024\/09\/csm_459202016_480498341479545_3032247238035986328_n_604863902f-465x349.jpg 465w, https:\/\/naszpowiat.info\/wp-content\/uploads\/2024\/09\/csm_459202016_480498341479545_3032247238035986328_n_604863902f-667x500.jpg 667w, https:\/\/naszpowiat.info\/wp-content\/uploads\/2024\/09\/csm_459202016_480498341479545_3032247238035986328_n_604863902f.jpg 1067w\" sizes=\"auto, (max-width: 1024px) 100vw, 1024px\" \/><\/figure>\n\n\n\n<figure class=\"wp-block-image size-large is-resized\"><img loading=\"lazy\" decoding=\"async\" width=\"1024\" height=\"768\" src=\"https:\/\/naszpowiat.info\/wp-content\/uploads\/2024\/09\/csm_459269450_480498504812862_937567489189695880_n_74d22d126a-1024x768.jpg\" alt=\"\" class=\"wp-image-7213\" style=\"width:526px;height:auto\" srcset=\"https:\/\/naszpowiat.info\/wp-content\/uploads\/2024\/09\/csm_459269450_480498504812862_937567489189695880_n_74d22d126a-1024x768.jpg 1024w, https:\/\/naszpowiat.info\/wp-content\/uploads\/2024\/09\/csm_459269450_480498504812862_937567489189695880_n_74d22d126a-300x225.jpg 300w, https:\/\/naszpowiat.info\/wp-content\/uploads\/2024\/09\/csm_459269450_480498504812862_937567489189695880_n_74d22d126a-768x576.jpg 768w, https:\/\/naszpowiat.info\/wp-content\/uploads\/2024\/09\/csm_459269450_480498504812862_937567489189695880_n_74d22d126a-465x349.jpg 465w, https:\/\/naszpowiat.info\/wp-content\/uploads\/2024\/09\/csm_459269450_480498504812862_937567489189695880_n_74d22d126a-667x500.jpg 667w, https:\/\/naszpowiat.info\/wp-content\/uploads\/2024\/09\/csm_459269450_480498504812862_937567489189695880_n_74d22d126a.jpg 1067w\" sizes=\"auto, (max-width: 1024px) 100vw, 1024px\" \/><\/figure>\n\n\n\n<figure class=\"wp-block-image size-full is-resized\"><img loading=\"lazy\" decoding=\"async\" width=\"600\" height=\"800\" src=\"https:\/\/naszpowiat.info\/wp-content\/uploads\/2024\/09\/csm_459029266_480498288146217_4373855717057992410_n_d64fbd8536.jpg\" alt=\"\" class=\"wp-image-7214\" style=\"width:525px;height:auto\" srcset=\"https:\/\/naszpowiat.info\/wp-content\/uploads\/2024\/09\/csm_459029266_480498288146217_4373855717057992410_n_d64fbd8536.jpg 600w, https:\/\/naszpowiat.info\/wp-content\/uploads\/2024\/09\/csm_459029266_480498288146217_4373855717057992410_n_d64fbd8536-225x300.jpg 225w, https:\/\/naszpowiat.info\/wp-content\/uploads\/2024\/09\/csm_459029266_480498288146217_4373855717057992410_n_d64fbd8536-413x550.jpg 413w, https:\/\/naszpowiat.info\/wp-content\/uploads\/2024\/09\/csm_459029266_480498288146217_4373855717057992410_n_d64fbd8536-375x500.jpg 375w\" sizes=\"auto, (max-width: 600px) 100vw, 600px\" \/><\/figure>\n\n\n\n<p class=\"has-text-align-center\"><strong>ARTYKU\u0141 SPONSOROWANY<\/strong><\/p>\n<div class=\"naszp-po-tresci\" id=\"naszp-2925966745\"><script async src=\"\/\/pagead2.googlesyndication.com\/pagead\/js\/adsbygoogle.js?client=ca-pub-5304901113955943\" crossorigin=\"anonymous\"><\/script><ins class=\"adsbygoogle\" style=\"display:block;\" data-ad-client=\"ca-pub-5304901113955943\" \ndata-ad-slot=\"9226873542\" \ndata-ad-format=\"auto\"><\/ins>\n<script> \n(adsbygoogle = window.adsbygoogle || []).push({}); \n<\/script>\n<\/div>","protected":false},"excerpt":{"rendered":"<p>10 wrze\u015bnia w Starostwie Powiatowym w Garwolinie odby\u0142o si\u0119 \u201eNarodowe Czytanie\u201d. Tegoroczn\u0105 lektur\u0105 by\u0142 \u201eKordian\u201d Juliusza S\u0142owackiego. Organizatorami XIII edycji wsp\u00f3lnego czytania byli Starostwo Powiatowe w Garwolinie, Zesp\u00f3\u0142 Szk\u00f3\u0142 nr 1 im. Bohater\u00f3w Westerplatte w Garwolinie, Powiatowe Centrum Kultury i Promocji w Mi\u0119tnem. \u201eKordian\u201d to dramat romantyczny autorstwa Juliusza S\u0142owackiego.<span class=\"more-link\"><a href=\"https:\/\/naszpowiat.info\/index.php\/2024\/09\/12\/narodowe-czytanie-w-starostwie-powiatowym-w-garwolinie\/\">Czytaj dalej<\/a><\/span><\/p>\n","protected":false},"author":9,"featured_media":7212,"comment_status":"open","ping_status":"open","sticky":false,"template":"","format":"standard","meta":{"_monsterinsights_skip_tracking":false,"_monsterinsights_sitenote_active":false,"_monsterinsights_sitenote_note":"","_monsterinsights_sitenote_category":0,"footnotes":""},"categories":[123,191,213,30,187,192],"tags":[227,278,207,333,309],"class_list":["entry","author-admin","post-7208","post","type-post","status-publish","format-standard","has-post-thumbnail","category-aktualnosci","category-edukacja","category-garwolin","category-kultura","category-samorzad","category-sztuka","tag-garwolin","tag-iwona-kurowska","tag-kultura","tag-narodowe-czytanie","tag-samorzad"],"aioseo_notices":[],"_links":{"self":[{"href":"https:\/\/naszpowiat.info\/index.php\/wp-json\/wp\/v2\/posts\/7208","targetHints":{"allow":["GET"]}}],"collection":[{"href":"https:\/\/naszpowiat.info\/index.php\/wp-json\/wp\/v2\/posts"}],"about":[{"href":"https:\/\/naszpowiat.info\/index.php\/wp-json\/wp\/v2\/types\/post"}],"author":[{"embeddable":true,"href":"https:\/\/naszpowiat.info\/index.php\/wp-json\/wp\/v2\/users\/9"}],"replies":[{"embeddable":true,"href":"https:\/\/naszpowiat.info\/index.php\/wp-json\/wp\/v2\/comments?post=7208"}],"version-history":[{"count":1,"href":"https:\/\/naszpowiat.info\/index.php\/wp-json\/wp\/v2\/posts\/7208\/revisions"}],"predecessor-version":[{"id":7215,"href":"https:\/\/naszpowiat.info\/index.php\/wp-json\/wp\/v2\/posts\/7208\/revisions\/7215"}],"wp:featuredmedia":[{"embeddable":true,"href":"https:\/\/naszpowiat.info\/index.php\/wp-json\/wp\/v2\/media\/7212"}],"wp:attachment":[{"href":"https:\/\/naszpowiat.info\/index.php\/wp-json\/wp\/v2\/media?parent=7208"}],"wp:term":[{"taxonomy":"category","embeddable":true,"href":"https:\/\/naszpowiat.info\/index.php\/wp-json\/wp\/v2\/categories?post=7208"},{"taxonomy":"post_tag","embeddable":true,"href":"https:\/\/naszpowiat.info\/index.php\/wp-json\/wp\/v2\/tags?post=7208"}],"curies":[{"name":"wp","href":"https:\/\/api.w.org\/{rel}","templated":true}]}}