{"id":7197,"date":"2024-09-10T18:51:49","date_gmt":"2024-09-10T18:51:49","guid":{"rendered":"https:\/\/naszpowiat.info\/?p=7197"},"modified":"2024-09-10T18:51:50","modified_gmt":"2024-09-10T18:51:50","slug":"dozynki-w-opaczy","status":"publish","type":"post","link":"https:\/\/naszpowiat.info\/index.php\/2024\/09\/10\/dozynki-w-opaczy\/","title":{"rendered":"Do\u017cynki w Opaczy"},"content":{"rendered":"\n<p>W niedziel\u0119 (8 wrze\u015bnia) odby\u0142y si\u0119 gminne do\u017cynki w Opaczy (pow. piaseczy\u0144ski). <\/p>\n\n\n\n<p>Imprez\u0119 zainaugurowa\u0142 barwny korow\u00f3d wie\u0144c\u00f3w do\u017cynkowych. Potem odby\u0142a si\u0119 msza \u015bwi\u0119ta dzi\u0119kczynna, po kt\u00f3rej staro\u015bci do\u017cynek, Marzena Kulczyk i Rafa\u0142 Cendrowski z Opaczy, przekazali symboliczny bochen chleba na r\u0119ce gospodarza gminy, burmistrza Micha\u0142a Wi\u015bniewskiego, ten za\u015b pocz\u0119stowa\u0142 chlebem mieszka\u0144c\u00f3w.<\/p>\n\n\n\n<p>Nast\u0119pnie rozpocz\u0119\u0142o si\u0119 wsp\u00f3lne biesiadowania. Na scenie wyst\u0119powa\u0142y lokalne zespo\u0142y muzyczne, w tym m\u0142odzie\u017c szkolna. Potem zagra\u0142 zesp\u00f3\u0142 folklorystyczny Polka Dot, a na zako\u0144czenie wieczoru zaplanowano wyst\u0119p gwiazdy \u2013 zespo\u0142u Mejk, po kt\u00f3rym rozpocz\u0119\u0142a si\u0119 pota\u0144c\u00f3wka. Do\u017cynkom towarzyszy\u0142 piknik rodzinny, dmucha\u0144ce, minizoo, animacje i warsztaty plastyczne dla dzieci. Nie zabrak\u0142o te\u017c stoisk handlowych i gastronomicznych.<\/p>\n\n\n\n<p>Du\u017cym zainteresowaniem cieszy\u0142y si\u0119 turniej so\u0142ectw, a tak\u017ce konkurs na najpi\u0119kniejszy wieniec do\u017cynkowy. W turnieju so\u0142ectw pierwsze miejsce zaj\u0105\u0142 S\u0142omczyn, drugie \u2013 Turowice, a trzecie \u2013 Obory. Jury orzek\u0142o, \u017ce najpi\u0119kniejszy wieniec do\u017cynkowy przygotowa\u0142o so\u0142ectwo Opacz, drugie miejsce zaj\u0119\u0142o so\u0142ectwo Kaw\u0119czyn, a trzecie \u2013 Ko\u0142o Seniora nr 15 w S\u0142omczynie. Podczas \u015bwi\u0119ta plon\u00f3w zosta\u0142y wr\u0119czone r\u00f3wnie\u017c wyr\u00f3\u017cnienia dla Rolnik\u00f3w Roku 2024. Otrzymali je: Ewa i Mariusz Lepiankowie z Bielawy , Marianna i Andrzej \u015awiderscy z Cieciszewa, Miros\u0142aw Szl\u0105zak z Ciszycy, Janusz Zaj\u0105c z Czernide\u0142, Jolanta Guzi\u0144ska z D\u0119b\u00f3wki, Jan W\u0119c\u0142awiak z Habdzina , Wies\u0142aw Osiadacz z \u0141\u0119gu, Lidia i Jacek M\u0142ynarczykowie z Okrzeszyna , Arkadiusz Jagnyziak z Opaczy, Sebastian Kulczyk z Piask\u00f3w oraz Piotr \u015aliwka z S\u0142omczyna.<\/p>\n\n\n<div class=\"wp-block-image\">\n<figure class=\"aligncenter size-large is-resized\"><img loading=\"lazy\" decoding=\"async\" width=\"726\" height=\"1024\" src=\"https:\/\/naszpowiat.info\/wp-content\/uploads\/2024\/09\/dozynki-opacz-726x1024.jpg\" alt=\"\" class=\"wp-image-7198\" style=\"width:672px;height:auto\" srcset=\"https:\/\/naszpowiat.info\/wp-content\/uploads\/2024\/09\/dozynki-opacz-726x1024.jpg 726w, https:\/\/naszpowiat.info\/wp-content\/uploads\/2024\/09\/dozynki-opacz-213x300.jpg 213w, https:\/\/naszpowiat.info\/wp-content\/uploads\/2024\/09\/dozynki-opacz-768x1083.jpg 768w, https:\/\/naszpowiat.info\/wp-content\/uploads\/2024\/09\/dozynki-opacz-1089x1536.jpg 1089w, https:\/\/naszpowiat.info\/wp-content\/uploads\/2024\/09\/dozynki-opacz-390x550.jpg 390w, https:\/\/naszpowiat.info\/wp-content\/uploads\/2024\/09\/dozynki-opacz-354x500.jpg 354w, https:\/\/naszpowiat.info\/wp-content\/uploads\/2024\/09\/dozynki-opacz.jpg 1452w\" sizes=\"auto, (max-width: 726px) 100vw, 726px\" \/><figcaption class=\"wp-element-caption\">Fot. piaseczno.pl<\/figcaption><\/figure>\n<\/div><div class=\"naszp-po-tresci\" id=\"naszp-328350991\"><script async src=\"\/\/pagead2.googlesyndication.com\/pagead\/js\/adsbygoogle.js?client=ca-pub-5304901113955943\" crossorigin=\"anonymous\"><\/script><ins class=\"adsbygoogle\" style=\"display:block;\" data-ad-client=\"ca-pub-5304901113955943\" \ndata-ad-slot=\"9226873542\" \ndata-ad-format=\"auto\"><\/ins>\n<script> \n(adsbygoogle = window.adsbygoogle || []).push({}); \n<\/script>\n<\/div>","protected":false},"excerpt":{"rendered":"<p>W niedziel\u0119 (8 wrze\u015bnia) odby\u0142y si\u0119 gminne do\u017cynki w Opaczy (pow. piaseczy\u0144ski). Imprez\u0119 zainaugurowa\u0142 barwny korow\u00f3d wie\u0144c\u00f3w do\u017cynkowych. Potem odby\u0142a si\u0119 msza \u015bwi\u0119ta dzi\u0119kczynna, po kt\u00f3rej staro\u015bci do\u017cynek, Marzena Kulczyk i Rafa\u0142 Cendrowski z Opaczy, przekazali symboliczny bochen chleba na r\u0119ce gospodarza gminy, burmistrza Micha\u0142a Wi\u015bniewskiego, ten za\u015b pocz\u0119stowa\u0142 chlebem<span class=\"more-link\"><a href=\"https:\/\/naszpowiat.info\/index.php\/2024\/09\/10\/dozynki-w-opaczy\/\">Czytaj dalej<\/a><\/span><\/p>\n","protected":false},"author":9,"featured_media":7198,"comment_status":"open","ping_status":"open","sticky":false,"template":"","format":"standard","meta":{"_monsterinsights_skip_tracking":false,"_monsterinsights_sitenote_active":false,"_monsterinsights_sitenote_note":"","_monsterinsights_sitenote_category":0,"footnotes":""},"categories":[123,28,91,30,187],"tags":[331,207,285,151,290],"class_list":["entry","author-admin","post-7197","post","type-post","status-publish","format-standard","has-post-thumbnail","category-aktualnosci","category-dla-mieszkanca","category-konstancin-jeziorna","category-kultura","category-samorzad","tag-dozynki","tag-kultura","tag-muzyka","tag-piaseczno","tag-wydarzenia"],"aioseo_notices":[],"_links":{"self":[{"href":"https:\/\/naszpowiat.info\/index.php\/wp-json\/wp\/v2\/posts\/7197","targetHints":{"allow":["GET"]}}],"collection":[{"href":"https:\/\/naszpowiat.info\/index.php\/wp-json\/wp\/v2\/posts"}],"about":[{"href":"https:\/\/naszpowiat.info\/index.php\/wp-json\/wp\/v2\/types\/post"}],"author":[{"embeddable":true,"href":"https:\/\/naszpowiat.info\/index.php\/wp-json\/wp\/v2\/users\/9"}],"replies":[{"embeddable":true,"href":"https:\/\/naszpowiat.info\/index.php\/wp-json\/wp\/v2\/comments?post=7197"}],"version-history":[{"count":1,"href":"https:\/\/naszpowiat.info\/index.php\/wp-json\/wp\/v2\/posts\/7197\/revisions"}],"predecessor-version":[{"id":7199,"href":"https:\/\/naszpowiat.info\/index.php\/wp-json\/wp\/v2\/posts\/7197\/revisions\/7199"}],"wp:featuredmedia":[{"embeddable":true,"href":"https:\/\/naszpowiat.info\/index.php\/wp-json\/wp\/v2\/media\/7198"}],"wp:attachment":[{"href":"https:\/\/naszpowiat.info\/index.php\/wp-json\/wp\/v2\/media?parent=7197"}],"wp:term":[{"taxonomy":"category","embeddable":true,"href":"https:\/\/naszpowiat.info\/index.php\/wp-json\/wp\/v2\/categories?post=7197"},{"taxonomy":"post_tag","embeddable":true,"href":"https:\/\/naszpowiat.info\/index.php\/wp-json\/wp\/v2\/tags?post=7197"}],"curies":[{"name":"wp","href":"https:\/\/api.w.org\/{rel}","templated":true}]}}