{"id":7191,"date":"2024-09-06T17:48:39","date_gmt":"2024-09-06T17:48:39","guid":{"rendered":"https:\/\/naszpowiat.info\/?p=7191"},"modified":"2024-09-06T17:48:40","modified_gmt":"2024-09-06T17:48:40","slug":"w-sobote-piaseczynski-baranek","status":"publish","type":"post","link":"https:\/\/naszpowiat.info\/index.php\/2024\/09\/06\/w-sobote-piaseczynski-baranek\/","title":{"rendered":"W sobot\u0119 Piaseczy\u0144ski Baranek"},"content":{"rendered":"\n<p>Ju\u017c w sobot\u0119 (7 wrze\u015bnia) Kolarski Klub Sportowy Bicykl Piaseczno zaprasza do udzia\u0142u w \u201ePiaseczy\u0144skim Baranku\u201d. Na \u015bmia\u0142k\u00f3w amator\u00f3w czeka 200-kilometrowa trasa.<\/p>\n\n\n\n<p>Trasa prowadzi\u0107 b\u0119dzie drogami sze\u015bciu gmin naszego powiatu. Co istotne, nie b\u0119dzie ona oznakowana, dlatego ka\u017cdy uczestnik wy\u015bcigu b\u0119dzie zobowi\u0105zany do korzystania z mapy udost\u0119pnionej przez organizatora oraz samodzielnego nawigowania przejazdu. Start i meta zostan\u0105 usytuowane na Skwerze im. Stefana Kisielewskiego w Piasecznie, na kt\u00f3rym trwa\u0107 b\u0119dzie piknik z atrakcjami. Ka\u017cdy, kto uko\u0144czy wy\u015bcig, otrzyma pami\u0105tkowy medal, a najszybsi wezm\u0105 udzia\u0142 w oficjalnej dekoracji.<\/p>\n\n\n\n<p>\u201ePiaseczy\u0144ski Baranek\u201d to impreza organizowana przez KKS Bicykl Piaseczno, we wsp\u00f3\u0142pracy z powiatem piaseczy\u0144skim oraz gminami powiatu piaseczy\u0144skiego. Wy\u015bcig ma na celu aktywizacj\u0119 i integracj\u0119 lokalnego \u015brodowiska kolarskiego oraz promowanie walor\u00f3w krajoznawczych okolic.<\/p>\n\n\n<div class=\"wp-block-image\">\n<figure class=\"aligncenter size-large is-resized\"><img loading=\"lazy\" decoding=\"async\" width=\"724\" height=\"1024\" src=\"https:\/\/naszpowiat.info\/wp-content\/uploads\/2024\/09\/plakat-baranek-724x1024.jpg\" alt=\"\" class=\"wp-image-7192\" style=\"width:454px;height:auto\" srcset=\"https:\/\/naszpowiat.info\/wp-content\/uploads\/2024\/09\/plakat-baranek-724x1024.jpg 724w, https:\/\/naszpowiat.info\/wp-content\/uploads\/2024\/09\/plakat-baranek-212x300.jpg 212w, https:\/\/naszpowiat.info\/wp-content\/uploads\/2024\/09\/plakat-baranek-768x1086.jpg 768w, https:\/\/naszpowiat.info\/wp-content\/uploads\/2024\/09\/plakat-baranek-389x550.jpg 389w, https:\/\/naszpowiat.info\/wp-content\/uploads\/2024\/09\/plakat-baranek-354x500.jpg 354w, https:\/\/naszpowiat.info\/wp-content\/uploads\/2024\/09\/plakat-baranek.jpg 800w\" sizes=\"auto, (max-width: 724px) 100vw, 724px\" \/><figcaption class=\"wp-element-caption\">Fot. KKS Bicykl Piaseczno (FB)<\/figcaption><\/figure>\n<\/div>\n\n\n<p>Ch\u0119tni mog\u0105 jeszcze wzi\u0105\u0107 udzia\u0142 w wy\u015bcigu. Wystarczy w dniu wydarzenia (od godz. 7.00) zg\u0142osi\u0107 si\u0119 do biura zawod\u00f3w na skwerze Kisiela w Piasecznie. Wysoko\u015b\u0107 op\u0142aty startowej wynosi 150 z\u0142. Wy\u015bcig organizowany jest przy wsparciu finansowym Urz\u0119du Marsza\u0142kowskiego Wojew\u00f3dztwa Mazowieckiego oraz powiatu piaseczy\u0144skiego.<\/p>\n<div class=\"naszp-po-tresci\" id=\"naszp-2119436899\"><script async src=\"\/\/pagead2.googlesyndication.com\/pagead\/js\/adsbygoogle.js?client=ca-pub-5304901113955943\" crossorigin=\"anonymous\"><\/script><ins class=\"adsbygoogle\" style=\"display:block;\" data-ad-client=\"ca-pub-5304901113955943\" \ndata-ad-slot=\"9226873542\" \ndata-ad-format=\"auto\"><\/ins>\n<script> \n(adsbygoogle = window.adsbygoogle || []).push({}); \n<\/script>\n<\/div>","protected":false},"excerpt":{"rendered":"<p>Ju\u017c w sobot\u0119 (7 wrze\u015bnia) Kolarski Klub Sportowy Bicykl Piaseczno zaprasza do udzia\u0142u w \u201ePiaseczy\u0144skim Baranku\u201d. Na \u015bmia\u0142k\u00f3w amator\u00f3w czeka 200-kilometrowa trasa. Trasa prowadzi\u0107 b\u0119dzie drogami sze\u015bciu gmin naszego powiatu. Co istotne, nie b\u0119dzie ona oznakowana, dlatego ka\u017cdy uczestnik wy\u015bcigu b\u0119dzie zobowi\u0105zany do korzystania z mapy udost\u0119pnionej przez organizatora oraz<span class=\"more-link\"><a href=\"https:\/\/naszpowiat.info\/index.php\/2024\/09\/06\/w-sobote-piaseczynski-baranek\/\">Czytaj dalej<\/a><\/span><\/p>\n","protected":false},"author":9,"featured_media":7192,"comment_status":"open","ping_status":"open","sticky":false,"template":"","format":"standard","meta":{"_monsterinsights_skip_tracking":false,"_monsterinsights_sitenote_active":false,"_monsterinsights_sitenote_note":"","_monsterinsights_sitenote_category":0,"footnotes":""},"categories":[123,28,30,110,157,228],"tags":[328,151,138,290],"class_list":["entry","author-admin","post-7191","post","type-post","status-publish","format-standard","has-post-thumbnail","category-aktualnosci","category-dla-mieszkanca","category-kultura","category-piaseczno","category-sport","category-zdrowie","tag-kolarstwo","tag-piaseczno","tag-sport","tag-wydarzenia"],"aioseo_notices":[],"_links":{"self":[{"href":"https:\/\/naszpowiat.info\/index.php\/wp-json\/wp\/v2\/posts\/7191","targetHints":{"allow":["GET"]}}],"collection":[{"href":"https:\/\/naszpowiat.info\/index.php\/wp-json\/wp\/v2\/posts"}],"about":[{"href":"https:\/\/naszpowiat.info\/index.php\/wp-json\/wp\/v2\/types\/post"}],"author":[{"embeddable":true,"href":"https:\/\/naszpowiat.info\/index.php\/wp-json\/wp\/v2\/users\/9"}],"replies":[{"embeddable":true,"href":"https:\/\/naszpowiat.info\/index.php\/wp-json\/wp\/v2\/comments?post=7191"}],"version-history":[{"count":1,"href":"https:\/\/naszpowiat.info\/index.php\/wp-json\/wp\/v2\/posts\/7191\/revisions"}],"predecessor-version":[{"id":7193,"href":"https:\/\/naszpowiat.info\/index.php\/wp-json\/wp\/v2\/posts\/7191\/revisions\/7193"}],"wp:featuredmedia":[{"embeddable":true,"href":"https:\/\/naszpowiat.info\/index.php\/wp-json\/wp\/v2\/media\/7192"}],"wp:attachment":[{"href":"https:\/\/naszpowiat.info\/index.php\/wp-json\/wp\/v2\/media?parent=7191"}],"wp:term":[{"taxonomy":"category","embeddable":true,"href":"https:\/\/naszpowiat.info\/index.php\/wp-json\/wp\/v2\/categories?post=7191"},{"taxonomy":"post_tag","embeddable":true,"href":"https:\/\/naszpowiat.info\/index.php\/wp-json\/wp\/v2\/tags?post=7191"}],"curies":[{"name":"wp","href":"https:\/\/api.w.org\/{rel}","templated":true}]}}