{"id":7125,"date":"2024-08-27T07:08:16","date_gmt":"2024-08-27T07:08:16","guid":{"rendered":"https:\/\/naszpowiat.info\/?p=7125"},"modified":"2024-08-30T13:53:55","modified_gmt":"2024-08-30T13:53:55","slug":"awanse-zawodowe-nauczycieli-w-zabkach","status":"publish","type":"post","link":"https:\/\/naszpowiat.info\/index.php\/2024\/08\/27\/awanse-zawodowe-nauczycieli-w-zabkach\/","title":{"rendered":"Awanse zawodowe nauczycieli w Z\u0105bkach"},"content":{"rendered":"\n<p>W poniedzia\u0142ek (26 sierpnia) 34 z\u0105bkowskich nauczycieli odebra\u0142o z r\u0105k Burmistrz Ma\u0142gorzaty Zy\u015bk akty nadania awansu zawodowego. <\/p>\n\n\n\n<p><em>&#8211; Serdecznie gratuluj\u0119 i dzi\u0119kuj\u0119 za trud w\u0142o\u017cony w wychowanie i wykszta\u0142cenie dzieci i m\u0142odzie\u017cy w Miasto Z\u0105bki. \u017bycz\u0119 wielu sukces\u00f3w, rozwoju osobistego i satysfakcji z wykonywanej pracy<\/em> &#8211; zwr\u00f3ci\u0142a si\u0119 do pedagog\u00f3w Ma\u0142gorzata Zy\u015bk. <\/p>\n\n\n\n<p>Akty wr\u0119cza\u0142a Pani Ma\u0142gorzata Zy\u015bk \u2013 Burmistrz Miasta Z\u0105bki, natomiast w uroczysto\u015bci wr\u0119czenia udzia\u0142 wzi\u0119li tak\u017ce Pan Arkadiusz Powier\u017ca- Zast\u0119pca Burmistrza Miasta Z\u0105bki, Pani Patrycja \u017bo\u0142nierzak- Sekretarz Miasta Z\u0105bki, Pani Ewa Wi\u015bniewska- Kierownik Referatu O\u015bwiaty i Polityki Spo\u0142ecznej, Pani Gra\u017cyna \u015awie\u017cak- Dyrektor Publicznego Przedszkola Nr 1, Pani Jolanta Salak- Dyrektor Publicznego Przedszkola Nr 3, Pani Irena Ma\u0142yszczuk- Dyrektor Szko\u0142y Podstawowej Nr 2, Pani Ewa Kacprzak- Dyrektor Szko\u0142y Podstawowej Nr 3, Pani Ewa Szymczak- Dyrektor Szko\u0142y Podstawowej Nr 4, Pani Agnieszka Krupsi\u0144ska-Pietrzak- Dyrektor Szko\u0142y Podstawowej Nr 5 oraz Pani Dorota U\u015bci\u0144ska- Dyrektor Szko\u0142y Podstawowej Nr 6.<\/p>\n\n\n\n<p>Awans otrzymali: Pani Ma\u0142gorzata Or\u0119ziak \u2013 Nauczyciel Publicznego Przedszkola Nr 1; Pani Karolina Berta-Lis oraz Pani Dominika B\u0142a\u017cejowska \u2013 Nauczyciele Publicznego Przedszkola Nr 3;<\/p>\n\n\n\n<p>Pani Sylwia Dymkowska, Pani Anna Jarz\u0119bska, Pani Monika S\u0105czek-Maj oraz Pani Iwona Sta\u0144czak \u2013 Nauczyciele Szko\u0142y Podstawowej Nr 1; Pani Anna Kaczmarska, Pani Katarzyna Kosza\u0142ko, Pani Aneta Kuchta, Pani Anita Za\u0142oga-Madej oraz Pani Wioletta Mrowiec \u2013 Nauczyciele Szko\u0142y Podstawowej Nr 2; Pani Aleksandra D\u0105browicz, Pani Izabela Durka, Pani Magdalena Ossowska, Pani Daria Pawlak, Pan Jacek Si\u0142akowski oraz Pani Dorota Zy\u015bk \u2013 Nauczyciele Szko\u0142y Podstawowej Nr 3; Pani Ma\u0142gorzata Antczak, Pani Agnieszka G\u0142\u0105bicka, Pani Ewa Karpienia, Pani Agata Michalik oraz Pani Patrycja Mroczkowska \u2013 Nauczyciele Szko\u0142y Podstawowej Nr 4; Pani Dorota Fijo\u0142ek, Pani El\u017cbieta Po\u0142omska, Pani Katarzyna S\u0142owik oraz Pani Mariola Tusin-Morawska \u2013 Nauczyciele Szko\u0142y Podstawowej Nr 5; Pani Iryna Aman, Pani Anna Bartosiak, Pani Patrycja Makuch-Bielak, Pani Ewa Grabowska, Pani Monika Maziarz, Pani Edyta Roma\u0144ska oraz Pani Magdalena \u015awider \u2013 Nauczyciele Szko\u0142y Podstawowej Nr 6.<\/p>\n\n\n\n<p>Podczas uroczysto\u015bci nauczyciele z\u0142o\u017cyli \u015blubowanie wed\u0142ug nast\u0119puj\u0105cej roty:<br>\u201e\u015alubuj\u0119 rzetelnie pe\u0142ni\u0107 m\u0105 powinno\u015b\u0107 nauczyciela wychowawcy i opiekuna m\u0142odzie\u017cy, d\u0105\u017cy\u0107 do pe\u0142ni rozwoju osobowo\u015bci ucznia i w\u0142asnej, kszta\u0142ci\u0107 i wychowywa\u0107 m\u0142ode pokolenie w duchu umi\u0142owania Ojczyzny, tradycji narodowych, poszanowania Konstytucji Rzeczypospolitej Polskiej\u201d, zgodnie z art.15 ustawy z dnia 26 stycznia 1982 r.- Karta Nauczyciela, potwierdzaj\u0105c podpisem na Akcie \u015blubowania jego z\u0142o\u017cenie.<\/p>\n\n\n\n<figure class=\"wp-block-image size-large is-resized\"><img loading=\"lazy\" decoding=\"async\" width=\"1024\" height=\"1024\" src=\"https:\/\/naszpowiat.info\/wp-content\/uploads\/2024\/08\/457005300_890689759758910_4732821172212781148_n-1024x1024.jpg\" alt=\"\" class=\"wp-image-7126\" style=\"width:500px;height:auto\" srcset=\"https:\/\/naszpowiat.info\/wp-content\/uploads\/2024\/08\/457005300_890689759758910_4732821172212781148_n-1024x1024.jpg 1024w, https:\/\/naszpowiat.info\/wp-content\/uploads\/2024\/08\/457005300_890689759758910_4732821172212781148_n-300x300.jpg 300w, https:\/\/naszpowiat.info\/wp-content\/uploads\/2024\/08\/457005300_890689759758910_4732821172212781148_n-150x150.jpg 150w, https:\/\/naszpowiat.info\/wp-content\/uploads\/2024\/08\/457005300_890689759758910_4732821172212781148_n-768x768.jpg 768w, https:\/\/naszpowiat.info\/wp-content\/uploads\/2024\/08\/457005300_890689759758910_4732821172212781148_n-465x465.jpg 465w, https:\/\/naszpowiat.info\/wp-content\/uploads\/2024\/08\/457005300_890689759758910_4732821172212781148_n-500x500.jpg 500w, https:\/\/naszpowiat.info\/wp-content\/uploads\/2024\/08\/457005300_890689759758910_4732821172212781148_n.jpg 1204w\" sizes=\"auto, (max-width: 1024px) 100vw, 1024px\" \/><figcaption class=\"wp-element-caption\">Fot. Miasto Z\u0105bki (FB)<\/figcaption><\/figure>\n\n\n\n<figure class=\"wp-block-image size-large is-resized\"><img loading=\"lazy\" decoding=\"async\" width=\"1024\" height=\"768\" src=\"https:\/\/naszpowiat.info\/wp-content\/uploads\/2024\/08\/456961606_890688919758994_2600666211282684708_n-1024x768.jpg\" alt=\"\" class=\"wp-image-7127\" style=\"width:512px;height:auto\" srcset=\"https:\/\/naszpowiat.info\/wp-content\/uploads\/2024\/08\/456961606_890688919758994_2600666211282684708_n-1024x768.jpg 1024w, https:\/\/naszpowiat.info\/wp-content\/uploads\/2024\/08\/456961606_890688919758994_2600666211282684708_n-300x225.jpg 300w, https:\/\/naszpowiat.info\/wp-content\/uploads\/2024\/08\/456961606_890688919758994_2600666211282684708_n-768x576.jpg 768w, https:\/\/naszpowiat.info\/wp-content\/uploads\/2024\/08\/456961606_890688919758994_2600666211282684708_n-1536x1152.jpg 1536w, https:\/\/naszpowiat.info\/wp-content\/uploads\/2024\/08\/456961606_890688919758994_2600666211282684708_n-465x349.jpg 465w, https:\/\/naszpowiat.info\/wp-content\/uploads\/2024\/08\/456961606_890688919758994_2600666211282684708_n-667x500.jpg 667w, https:\/\/naszpowiat.info\/wp-content\/uploads\/2024\/08\/456961606_890688919758994_2600666211282684708_n.jpg 2048w\" sizes=\"auto, (max-width: 1024px) 100vw, 1024px\" \/><figcaption class=\"wp-element-caption\">Fot. Miasto Z\u0105bki (FB)<\/figcaption><\/figure>\n\n\n<div class=\"wp-block-image\">\n<figure class=\"aligncenter size-large is-resized\"><img loading=\"lazy\" decoding=\"async\" width=\"1024\" height=\"768\" src=\"https:\/\/naszpowiat.info\/wp-content\/uploads\/2024\/08\/456711504_890688939758992_6478776029172942394_n-1024x768.jpg\" alt=\"\" class=\"wp-image-7128\" style=\"width:536px;height:auto\" srcset=\"https:\/\/naszpowiat.info\/wp-content\/uploads\/2024\/08\/456711504_890688939758992_6478776029172942394_n-1024x768.jpg 1024w, https:\/\/naszpowiat.info\/wp-content\/uploads\/2024\/08\/456711504_890688939758992_6478776029172942394_n-300x225.jpg 300w, https:\/\/naszpowiat.info\/wp-content\/uploads\/2024\/08\/456711504_890688939758992_6478776029172942394_n-768x576.jpg 768w, https:\/\/naszpowiat.info\/wp-content\/uploads\/2024\/08\/456711504_890688939758992_6478776029172942394_n-1536x1152.jpg 1536w, https:\/\/naszpowiat.info\/wp-content\/uploads\/2024\/08\/456711504_890688939758992_6478776029172942394_n-465x349.jpg 465w, https:\/\/naszpowiat.info\/wp-content\/uploads\/2024\/08\/456711504_890688939758992_6478776029172942394_n-667x500.jpg 667w, https:\/\/naszpowiat.info\/wp-content\/uploads\/2024\/08\/456711504_890688939758992_6478776029172942394_n.jpg 2048w\" sizes=\"auto, (max-width: 1024px) 100vw, 1024px\" \/><figcaption class=\"wp-element-caption\">Fot. Miasto Z\u0105bki (FB)<\/figcaption><\/figure>\n<\/div>\n\n\n<p class=\"has-text-align-center\"><strong>ARTYKU\u0141 SPONSOROWANY<\/strong><\/p>\n<div class=\"naszp-po-tresci\" id=\"naszp-2073542148\"><script async src=\"\/\/pagead2.googlesyndication.com\/pagead\/js\/adsbygoogle.js?client=ca-pub-5304901113955943\" crossorigin=\"anonymous\"><\/script><ins class=\"adsbygoogle\" style=\"display:block;\" data-ad-client=\"ca-pub-5304901113955943\" \ndata-ad-slot=\"9226873542\" \ndata-ad-format=\"auto\"><\/ins>\n<script> \n(adsbygoogle = window.adsbygoogle || []).push({}); \n<\/script>\n<\/div>","protected":false},"excerpt":{"rendered":"<p>W poniedzia\u0142ek (26 sierpnia) 34 z\u0105bkowskich nauczycieli odebra\u0142o z r\u0105k Burmistrz Ma\u0142gorzaty Zy\u015bk akty nadania awansu zawodowego. &#8211; Serdecznie gratuluj\u0119 i dzi\u0119kuj\u0119 za trud w\u0142o\u017cony w wychowanie i wykszta\u0142cenie dzieci i m\u0142odzie\u017cy w Miasto Z\u0105bki. \u017bycz\u0119 wielu sukces\u00f3w, rozwoju osobistego i satysfakcji z wykonywanej pracy &#8211; zwr\u00f3ci\u0142a si\u0119 do pedagog\u00f3w<span class=\"more-link\"><a href=\"https:\/\/naszpowiat.info\/index.php\/2024\/08\/27\/awanse-zawodowe-nauczycieli-w-zabkach\/\">Czytaj dalej<\/a><\/span><\/p>\n","protected":false},"author":9,"featured_media":7144,"comment_status":"open","ping_status":"open","sticky":false,"template":"","format":"standard","meta":{"_monsterinsights_skip_tracking":false,"_monsterinsights_sitenote_active":false,"_monsterinsights_sitenote_note":"","_monsterinsights_sitenote_category":0,"footnotes":""},"categories":[123,28,191,187,61],"tags":[253,321,125,130],"class_list":["entry","author-admin","post-7125","post","type-post","status-publish","format-standard","has-post-thumbnail","category-aktualnosci","category-dla-mieszkanca","category-edukacja","category-samorzad","category-zabki","tag-edukacja","tag-malgorzata-zysk","tag-powiat-wolominski","tag-zabki"],"aioseo_notices":[],"_links":{"self":[{"href":"https:\/\/naszpowiat.info\/index.php\/wp-json\/wp\/v2\/posts\/7125","targetHints":{"allow":["GET"]}}],"collection":[{"href":"https:\/\/naszpowiat.info\/index.php\/wp-json\/wp\/v2\/posts"}],"about":[{"href":"https:\/\/naszpowiat.info\/index.php\/wp-json\/wp\/v2\/types\/post"}],"author":[{"embeddable":true,"href":"https:\/\/naszpowiat.info\/index.php\/wp-json\/wp\/v2\/users\/9"}],"replies":[{"embeddable":true,"href":"https:\/\/naszpowiat.info\/index.php\/wp-json\/wp\/v2\/comments?post=7125"}],"version-history":[{"count":2,"href":"https:\/\/naszpowiat.info\/index.php\/wp-json\/wp\/v2\/posts\/7125\/revisions"}],"predecessor-version":[{"id":7143,"href":"https:\/\/naszpowiat.info\/index.php\/wp-json\/wp\/v2\/posts\/7125\/revisions\/7143"}],"wp:featuredmedia":[{"embeddable":true,"href":"https:\/\/naszpowiat.info\/index.php\/wp-json\/wp\/v2\/media\/7144"}],"wp:attachment":[{"href":"https:\/\/naszpowiat.info\/index.php\/wp-json\/wp\/v2\/media?parent=7125"}],"wp:term":[{"taxonomy":"category","embeddable":true,"href":"https:\/\/naszpowiat.info\/index.php\/wp-json\/wp\/v2\/categories?post=7125"},{"taxonomy":"post_tag","embeddable":true,"href":"https:\/\/naszpowiat.info\/index.php\/wp-json\/wp\/v2\/tags?post=7125"}],"curies":[{"name":"wp","href":"https:\/\/api.w.org\/{rel}","templated":true}]}}