{"id":7120,"date":"2024-08-25T17:39:58","date_gmt":"2024-08-25T17:39:58","guid":{"rendered":"https:\/\/naszpowiat.info\/?p=7120"},"modified":"2024-08-25T17:39:58","modified_gmt":"2024-08-25T17:39:58","slug":"zabki-warsztaty-strazy-miejskiej-z-pierwszej-pomocy","status":"publish","type":"post","link":"https:\/\/naszpowiat.info\/index.php\/2024\/08\/25\/zabki-warsztaty-strazy-miejskiej-z-pierwszej-pomocy\/","title":{"rendered":"Z\u0105bki: Warsztaty Stra\u017cy Miejskiej z pierwszej pomocy."},"content":{"rendered":"\n<p>Stra\u017c Miejska w Z\u0105bkach regularnie przeprowadza warsztaty z udzielania pierwszej pomocy. W wydarzeniach mog\u0105 bra\u0107 udzia\u0142 wszyscy ch\u0119tni mieszka\u0144cy.<\/p>\n\n\n\n<p>Ostatnie warsztaty odby\u0142y si\u0119 w pi\u0105tek 23 sierpnia. Podczas nich uczestnicy dowiedzieli si\u0119: jak prawid\u0142owo udzieli\u0107 pierwszej pomocy, jak u\u017cy\u0107 AED, co zrobi\u0107 w przypadku, gdy kto\u015b si\u0119 zakrztusi itp.<\/p>\n\n\n\n<p>Jak przekonuj\u0105 funkcjonariusze Stra\u017cy Miejskiej, kiedy wiemy co robi\u0107 w sytuacji zagro\u017cenia \u017cycia, stres jest mniejszy.\u00a0<\/p>\n\n\n\n<p>Kolejne zaj\u0119cia zaplanowane s\u0105 na \u015brod\u0119 28 sierpnia &#8211; odb\u0119d\u0105 si\u0119 w Parku Szuberta w godzinach 18:00-19:00. <\/p>\n\n\n<div class=\"wp-block-image\">\n<figure class=\"aligncenter size-large is-resized\"><img loading=\"lazy\" decoding=\"async\" width=\"1024\" height=\"767\" src=\"https:\/\/naszpowiat.info\/wp-content\/uploads\/2024\/08\/456083355_888666286627924_7437137312716927481_n-1024x767.jpg\" alt=\"\" class=\"wp-image-7121\" style=\"width:552px;height:auto\" srcset=\"https:\/\/naszpowiat.info\/wp-content\/uploads\/2024\/08\/456083355_888666286627924_7437137312716927481_n-1024x767.jpg 1024w, https:\/\/naszpowiat.info\/wp-content\/uploads\/2024\/08\/456083355_888666286627924_7437137312716927481_n-300x225.jpg 300w, https:\/\/naszpowiat.info\/wp-content\/uploads\/2024\/08\/456083355_888666286627924_7437137312716927481_n-768x576.jpg 768w, https:\/\/naszpowiat.info\/wp-content\/uploads\/2024\/08\/456083355_888666286627924_7437137312716927481_n-465x348.jpg 465w, https:\/\/naszpowiat.info\/wp-content\/uploads\/2024\/08\/456083355_888666286627924_7437137312716927481_n-667x500.jpg 667w, https:\/\/naszpowiat.info\/wp-content\/uploads\/2024\/08\/456083355_888666286627924_7437137312716927481_n.jpg 1193w\" sizes=\"auto, (max-width: 1024px) 100vw, 1024px\" \/><\/figure>\n<\/div>\n\n<div class=\"wp-block-image\">\n<figure class=\"aligncenter size-large is-resized\"><img loading=\"lazy\" decoding=\"async\" width=\"1024\" height=\"767\" src=\"https:\/\/naszpowiat.info\/wp-content\/uploads\/2024\/08\/456587500_888666279961258_9118415463053554706_n-1024x767.jpg\" alt=\"\" class=\"wp-image-7122\" style=\"width:552px;height:auto\" srcset=\"https:\/\/naszpowiat.info\/wp-content\/uploads\/2024\/08\/456587500_888666279961258_9118415463053554706_n-1024x767.jpg 1024w, https:\/\/naszpowiat.info\/wp-content\/uploads\/2024\/08\/456587500_888666279961258_9118415463053554706_n-300x225.jpg 300w, https:\/\/naszpowiat.info\/wp-content\/uploads\/2024\/08\/456587500_888666279961258_9118415463053554706_n-768x576.jpg 768w, https:\/\/naszpowiat.info\/wp-content\/uploads\/2024\/08\/456587500_888666279961258_9118415463053554706_n-465x348.jpg 465w, https:\/\/naszpowiat.info\/wp-content\/uploads\/2024\/08\/456587500_888666279961258_9118415463053554706_n-667x500.jpg 667w, https:\/\/naszpowiat.info\/wp-content\/uploads\/2024\/08\/456587500_888666279961258_9118415463053554706_n.jpg 1193w\" sizes=\"auto, (max-width: 1024px) 100vw, 1024px\" \/><figcaption class=\"wp-element-caption\">Fot. Miasto Z\u0105bki (FB)<\/figcaption><\/figure>\n<\/div><div class=\"naszp-po-tresci\" id=\"naszp-3016123858\"><script async src=\"\/\/pagead2.googlesyndication.com\/pagead\/js\/adsbygoogle.js?client=ca-pub-5304901113955943\" crossorigin=\"anonymous\"><\/script><ins class=\"adsbygoogle\" style=\"display:block;\" data-ad-client=\"ca-pub-5304901113955943\" \ndata-ad-slot=\"9226873542\" \ndata-ad-format=\"auto\"><\/ins>\n<script> \n(adsbygoogle = window.adsbygoogle || []).push({}); \n<\/script>\n<\/div>","protected":false},"excerpt":{"rendered":"<p>Stra\u017c Miejska w Z\u0105bkach regularnie przeprowadza warsztaty z udzielania pierwszej pomocy. W wydarzeniach mog\u0105 bra\u0107 udzia\u0142 wszyscy ch\u0119tni mieszka\u0144cy. Ostatnie warsztaty odby\u0142y si\u0119 w pi\u0105tek 23 sierpnia. Podczas nich uczestnicy dowiedzieli si\u0119: jak prawid\u0142owo udzieli\u0107 pierwszej pomocy, jak u\u017cy\u0107 AED, co zrobi\u0107 w przypadku, gdy kto\u015b si\u0119 zakrztusi itp. Jak<span class=\"more-link\"><a href=\"https:\/\/naszpowiat.info\/index.php\/2024\/08\/25\/zabki-warsztaty-strazy-miejskiej-z-pierwszej-pomocy\/\">Czytaj dalej<\/a><\/span><\/p>\n","protected":false},"author":9,"featured_media":7122,"comment_status":"open","ping_status":"open","sticky":false,"template":"","format":"standard","meta":{"_monsterinsights_skip_tracking":false,"_monsterinsights_sitenote_active":false,"_monsterinsights_sitenote_note":"","_monsterinsights_sitenote_category":0,"footnotes":""},"categories":[123,172,28,187,61],"tags":[156,319,318,320,130],"class_list":["entry","author-admin","post-7120","post","type-post","status-publish","format-standard","has-post-thumbnail","category-aktualnosci","category-bezpieczenstwo","category-dla-mieszkanca","category-samorzad","category-zabki","tag-bezpieczenstwo","tag-pierwsza-pomoc","tag-straz-miejska","tag-warsztaty","tag-zabki"],"aioseo_notices":[],"_links":{"self":[{"href":"https:\/\/naszpowiat.info\/index.php\/wp-json\/wp\/v2\/posts\/7120","targetHints":{"allow":["GET"]}}],"collection":[{"href":"https:\/\/naszpowiat.info\/index.php\/wp-json\/wp\/v2\/posts"}],"about":[{"href":"https:\/\/naszpowiat.info\/index.php\/wp-json\/wp\/v2\/types\/post"}],"author":[{"embeddable":true,"href":"https:\/\/naszpowiat.info\/index.php\/wp-json\/wp\/v2\/users\/9"}],"replies":[{"embeddable":true,"href":"https:\/\/naszpowiat.info\/index.php\/wp-json\/wp\/v2\/comments?post=7120"}],"version-history":[{"count":1,"href":"https:\/\/naszpowiat.info\/index.php\/wp-json\/wp\/v2\/posts\/7120\/revisions"}],"predecessor-version":[{"id":7123,"href":"https:\/\/naszpowiat.info\/index.php\/wp-json\/wp\/v2\/posts\/7120\/revisions\/7123"}],"wp:featuredmedia":[{"embeddable":true,"href":"https:\/\/naszpowiat.info\/index.php\/wp-json\/wp\/v2\/media\/7122"}],"wp:attachment":[{"href":"https:\/\/naszpowiat.info\/index.php\/wp-json\/wp\/v2\/media?parent=7120"}],"wp:term":[{"taxonomy":"category","embeddable":true,"href":"https:\/\/naszpowiat.info\/index.php\/wp-json\/wp\/v2\/categories?post=7120"},{"taxonomy":"post_tag","embeddable":true,"href":"https:\/\/naszpowiat.info\/index.php\/wp-json\/wp\/v2\/tags?post=7120"}],"curies":[{"name":"wp","href":"https:\/\/api.w.org\/{rel}","templated":true}]}}