{"id":7117,"date":"2024-08-24T10:42:43","date_gmt":"2024-08-24T10:42:43","guid":{"rendered":"https:\/\/naszpowiat.info\/?p=7117"},"modified":"2024-08-24T10:42:47","modified_gmt":"2024-08-24T10:42:47","slug":"piaseczno-eko-bajki-na-skwerze","status":"publish","type":"post","link":"https:\/\/naszpowiat.info\/index.php\/2024\/08\/24\/piaseczno-eko-bajki-na-skwerze\/","title":{"rendered":"Piaseczno &#8211; Eko Bajki na Skwerze"},"content":{"rendered":"\n<p>Od pocz\u0105tku wakacji Teatr Kultureska wystawia na Skwerze Kisiela w Piasecznie przedstawienia dla dzieci z cyklu Eko Bajki na Skwerze.<\/p>\n\n\n\n<p>Najbli\u017cszy pokaz odb\u0119dzie si\u0119 w \u015brod\u0119 28 sierpnia o 18:00 &#8211; b\u0119dzie nosi\u0142 nazw\u0119 &#8222;Bajeczna fiesta&#8221;. <\/p>\n\n\n\n<p>Jak informuje Centrum Kultury w Piasecznie, b\u0119dzie to &#8222;interaktywny spektakl plenerowy o\u00a0tematyce ekologicznej pe\u0142en muzyki, ta\u0144ca, zabaw i\u00a0animacji dla najm\u0142odszych. Ze\u00a0wzgl\u0119du na\u00a0interaktywny charakter spektakl doskonale sprawdza si\u0119 na\u00a0imprezach plenerowych. Zgodnie z\u00a0tytu\u0142em \u2013 b\u0119dzie to\u00a0sze\u015b\u0107dziesi\u0105t minut szale\u0144stwa i\u00a0zabawy! Dzieci razem z\u00a0bohaterami bajki b\u0119d\u0105 \u015bpiewa\u0107, pl\u0105sa\u0107, a\u00a0tak\u017ce urz\u0105dza\u0107 weso\u0142y taneczny korow\u00f3d. Obok dobrego humoru nie\u00a0zabraknie tre\u015bci edukacyjnych. Dzieci naucz\u0105 si\u0119 w\u00a0jaki spos\u00f3b mo\u017cna dba\u0107 o\u00a0przyrod\u0119. B\u0119d\u0105 mia\u0142y okazj\u0119 powt\u00f3rzy\u0107 zasady segregacji odpad\u00f3w, a\u00a0tak\u017ce posegregowa\u0107 \u015bmieci z\u00a0bohaterami bajki. Wybierzemy SuperEkoBohater\u00f3w, a\u00a0tak\u017ce poka\u017cemy dzieciom jak zaczarowa\u0107 \u015bwiat, \u017ceby\u00a0pozby\u0107 si\u0119 zanieczyszcze\u0144 powietrza. Udowodnimy widzom, \u017ce\u00a0w\u00a0\u017cyciu warto uwierzy\u0107 w\u00a0siebie i\u00a0swoje mo\u017cliwo\u015bci \u2013 bo\u00a0wtedy mo\u017cna by\u0107 kim tylko\u00a0si\u0119 chce \u2013 bohaterem, tancerzem, a\u00a0nawet\u2026 czarodziejem! Dzieci b\u0119d\u0105 mia\u0142y tak\u017ce okazj\u0119 za\u015bpiewa\u0107 na\u00a0cze\u015b\u0107 przyrody wyj\u0105tkowy przeb\u00f3j zespo\u0142u The Jelonband: \u201eOle ole, ole ole! Czysta przyrodo \u2013 kochamy ci\u0119!\u201d.<\/p>\n\n\n\n<p>Na\u00a0scenie wyst\u0105pi gwiazda rock\u2019nd\u2019jelona, najbardziej kolorowa ekokapela, \u015bwiatowej s\u0142awy zesp\u00f3\u0142 muzyczny The Jelonband \u2013 Jelonek Bronek (kr\u00f3l ekota\u0144ca po\u0142ama\u0144ca), Biedronka Ilonka (gitarzystka) i\u00a0Pszcz\u00f3\u0142ka Julka (wokalistka)!&#8221;.<\/p>\n\n\n\n<p>Wsp\u00f3\u0142organizatorem wydarzenia jest Wydzia\u0142 Ochrony \u015arodowiska i Gospodarki Rolnej Gminy Piaseczno. Kulturaln\u0105 imprez\u0119 wsp\u00f3\u0142finansuje Samorz\u0105d Wojew\u00f3dztwa Mazowieckiego w ramach programu MAZOWSZE DLA CZYSTEGO POWIETRZA.<\/p>\n\n\n\n<figure class=\"wp-block-image size-large is-resized\"><img loading=\"lazy\" decoding=\"async\" width=\"1024\" height=\"352\" src=\"https:\/\/naszpowiat.info\/wp-content\/uploads\/2024\/08\/447965511_993195562811898_1410367966324113334_n-1024x352.jpg\" alt=\"\" class=\"wp-image-7118\" style=\"width:659px;height:auto\" srcset=\"https:\/\/naszpowiat.info\/wp-content\/uploads\/2024\/08\/447965511_993195562811898_1410367966324113334_n-1024x352.jpg 1024w, https:\/\/naszpowiat.info\/wp-content\/uploads\/2024\/08\/447965511_993195562811898_1410367966324113334_n-300x103.jpg 300w, https:\/\/naszpowiat.info\/wp-content\/uploads\/2024\/08\/447965511_993195562811898_1410367966324113334_n-768x264.jpg 768w, https:\/\/naszpowiat.info\/wp-content\/uploads\/2024\/08\/447965511_993195562811898_1410367966324113334_n-465x160.jpg 465w, https:\/\/naszpowiat.info\/wp-content\/uploads\/2024\/08\/447965511_993195562811898_1410367966324113334_n-695x239.jpg 695w, https:\/\/naszpowiat.info\/wp-content\/uploads\/2024\/08\/447965511_993195562811898_1410367966324113334_n.jpg 1395w\" sizes=\"auto, (max-width: 1024px) 100vw, 1024px\" \/><figcaption class=\"wp-element-caption\">Fot. Centrum Kultury w Piasecznie<\/figcaption><\/figure>\n<div class=\"naszp-po-tresci\" id=\"naszp-461228621\"><script async src=\"\/\/pagead2.googlesyndication.com\/pagead\/js\/adsbygoogle.js?client=ca-pub-5304901113955943\" crossorigin=\"anonymous\"><\/script><ins class=\"adsbygoogle\" style=\"display:block;\" data-ad-client=\"ca-pub-5304901113955943\" \ndata-ad-slot=\"9226873542\" \ndata-ad-format=\"auto\"><\/ins>\n<script> \n(adsbygoogle = window.adsbygoogle || []).push({}); \n<\/script>\n<\/div>","protected":false},"excerpt":{"rendered":"<p>Od pocz\u0105tku wakacji Teatr Kultureska wystawia na Skwerze Kisiela w Piasecznie przedstawienia dla dzieci z cyklu Eko Bajki na Skwerze. Najbli\u017cszy pokaz odb\u0119dzie si\u0119 w \u015brod\u0119 28 sierpnia o 18:00 &#8211; b\u0119dzie nosi\u0142 nazw\u0119 &#8222;Bajeczna fiesta&#8221;. Jak informuje Centrum Kultury w Piasecznie, b\u0119dzie to &#8222;interaktywny spektakl plenerowy o\u00a0tematyce ekologicznej pe\u0142en<span class=\"more-link\"><a href=\"https:\/\/naszpowiat.info\/index.php\/2024\/08\/24\/piaseczno-eko-bajki-na-skwerze\/\">Czytaj dalej<\/a><\/span><\/p>\n","protected":false},"author":9,"featured_media":7118,"comment_status":"open","ping_status":"open","sticky":false,"template":"","format":"standard","meta":{"_monsterinsights_skip_tracking":false,"_monsterinsights_sitenote_active":false,"_monsterinsights_sitenote_note":"","_monsterinsights_sitenote_category":0,"footnotes":""},"categories":[123,191,169,30,110,187],"tags":[253,207,151],"class_list":["entry","author-admin","post-7117","post","type-post","status-publish","format-standard","has-post-thumbnail","category-aktualnosci","category-edukacja","category-ekologia","category-kultura","category-piaseczno","category-samorzad","tag-edukacja","tag-kultura","tag-piaseczno"],"aioseo_notices":[],"_links":{"self":[{"href":"https:\/\/naszpowiat.info\/index.php\/wp-json\/wp\/v2\/posts\/7117","targetHints":{"allow":["GET"]}}],"collection":[{"href":"https:\/\/naszpowiat.info\/index.php\/wp-json\/wp\/v2\/posts"}],"about":[{"href":"https:\/\/naszpowiat.info\/index.php\/wp-json\/wp\/v2\/types\/post"}],"author":[{"embeddable":true,"href":"https:\/\/naszpowiat.info\/index.php\/wp-json\/wp\/v2\/users\/9"}],"replies":[{"embeddable":true,"href":"https:\/\/naszpowiat.info\/index.php\/wp-json\/wp\/v2\/comments?post=7117"}],"version-history":[{"count":1,"href":"https:\/\/naszpowiat.info\/index.php\/wp-json\/wp\/v2\/posts\/7117\/revisions"}],"predecessor-version":[{"id":7119,"href":"https:\/\/naszpowiat.info\/index.php\/wp-json\/wp\/v2\/posts\/7117\/revisions\/7119"}],"wp:featuredmedia":[{"embeddable":true,"href":"https:\/\/naszpowiat.info\/index.php\/wp-json\/wp\/v2\/media\/7118"}],"wp:attachment":[{"href":"https:\/\/naszpowiat.info\/index.php\/wp-json\/wp\/v2\/media?parent=7117"}],"wp:term":[{"taxonomy":"category","embeddable":true,"href":"https:\/\/naszpowiat.info\/index.php\/wp-json\/wp\/v2\/categories?post=7117"},{"taxonomy":"post_tag","embeddable":true,"href":"https:\/\/naszpowiat.info\/index.php\/wp-json\/wp\/v2\/tags?post=7117"}],"curies":[{"name":"wp","href":"https:\/\/api.w.org\/{rel}","templated":true}]}}