{"id":7105,"date":"2024-08-15T12:31:45","date_gmt":"2024-08-15T12:31:45","guid":{"rendered":"https:\/\/naszpowiat.info\/?p=7105"},"modified":"2024-08-15T12:31:46","modified_gmt":"2024-08-15T12:31:46","slug":"ulicami-piaseczna-spacer-sladem-miejsc-pamieci","status":"publish","type":"post","link":"https:\/\/naszpowiat.info\/index.php\/2024\/08\/15\/ulicami-piaseczna-spacer-sladem-miejsc-pamieci\/","title":{"rendered":"Ulicami Piaseczna &#8211; spacer \u015bladem miejsc pami\u0119ci"},"content":{"rendered":"\n<p><strong>25 sierpnia 2024 roku o godz. 10.00 odb\u0119dzie si\u0119 ciekawe wydarzenie z cyklu &#8222;Ulicami Piaseczna: spacer miejski i podmiejski&#8221;, podczas kt\u00f3rego b\u0119dzie mo\u017cna pozna\u0107 lokalne miejsca pami\u0119ci. <\/strong><\/p>\n\n\n\n<p>\u201eUlicami Piaseczna\u201d to cykl spacer\u00f3w miejskich i podmiejskich. Wycieczki, podczas kt\u00f3rych przewodnik Dorota Zaj\u0105c opowiada o wydarzeniach, mieszka\u0144cach, zabytkach. Odkrywa ciekawostki z \u017cycia miasta.<\/p>\n\n\n\n<p>Najbli\u017cszy spacer rozpocznie si\u0119 i zako\u0144czy przy ul. Pomorskiej 1 w Piasecznie (parking Centrum Zdrowia). Udzia\u0142 w edukacyjnym wydarzeniu jest bezp\u0142atny. Organizatorzy zapraszaj\u0105 wszystkich, kt\u00f3rzy chc\u0105 pozna\u0107 Piaseczno z zupe\u0142nie nowej perspektywy oraz tych, kt\u00f3rzy chc\u0105 podzieli\u0107 si\u0119 swoj\u0105 wiedz\u0105 i pasj\u0105 z innymi.<\/p>\n\n\n<div class=\"wp-block-image\">\n<figure class=\"aligncenter size-large is-resized\"><img loading=\"lazy\" decoding=\"async\" width=\"723\" height=\"1024\" src=\"https:\/\/naszpowiat.info\/wp-content\/uploads\/2024\/08\/sladem-miejsc-pamieci-ulicami-piaseczna-2024-1068x1512-1-723x1024.jpg\" alt=\"\" class=\"wp-image-7106\" style=\"width:449px;height:auto\" srcset=\"https:\/\/naszpowiat.info\/wp-content\/uploads\/2024\/08\/sladem-miejsc-pamieci-ulicami-piaseczna-2024-1068x1512-1-723x1024.jpg 723w, https:\/\/naszpowiat.info\/wp-content\/uploads\/2024\/08\/sladem-miejsc-pamieci-ulicami-piaseczna-2024-1068x1512-1-212x300.jpg 212w, https:\/\/naszpowiat.info\/wp-content\/uploads\/2024\/08\/sladem-miejsc-pamieci-ulicami-piaseczna-2024-1068x1512-1-768x1087.jpg 768w, https:\/\/naszpowiat.info\/wp-content\/uploads\/2024\/08\/sladem-miejsc-pamieci-ulicami-piaseczna-2024-1068x1512-1-388x550.jpg 388w, https:\/\/naszpowiat.info\/wp-content\/uploads\/2024\/08\/sladem-miejsc-pamieci-ulicami-piaseczna-2024-1068x1512-1-353x500.jpg 353w, https:\/\/naszpowiat.info\/wp-content\/uploads\/2024\/08\/sladem-miejsc-pamieci-ulicami-piaseczna-2024-1068x1512-1.jpg 1068w\" sizes=\"auto, (max-width: 723px) 100vw, 723px\" \/><figcaption class=\"wp-element-caption\">Fot. Centrum Kultury w Piasecznie<\/figcaption><\/figure>\n<\/div><div class=\"naszp-po-tresci\" id=\"naszp-2297172242\"><script async src=\"\/\/pagead2.googlesyndication.com\/pagead\/js\/adsbygoogle.js?client=ca-pub-5304901113955943\" crossorigin=\"anonymous\"><\/script><ins class=\"adsbygoogle\" style=\"display:block;\" data-ad-client=\"ca-pub-5304901113955943\" \ndata-ad-slot=\"9226873542\" \ndata-ad-format=\"auto\"><\/ins>\n<script> \n(adsbygoogle = window.adsbygoogle || []).push({}); \n<\/script>\n<\/div>","protected":false},"excerpt":{"rendered":"<p>25 sierpnia 2024 roku o godz. 10.00 odb\u0119dzie si\u0119 ciekawe wydarzenie z cyklu &#8222;Ulicami Piaseczna: spacer miejski i podmiejski&#8221;, podczas kt\u00f3rego b\u0119dzie mo\u017cna pozna\u0107 lokalne miejsca pami\u0119ci. \u201eUlicami Piaseczna\u201d to cykl spacer\u00f3w miejskich i podmiejskich. Wycieczki, podczas kt\u00f3rych przewodnik Dorota Zaj\u0105c opowiada o wydarzeniach, mieszka\u0144cach, zabytkach. Odkrywa ciekawostki z \u017cycia<span class=\"more-link\"><a href=\"https:\/\/naszpowiat.info\/index.php\/2024\/08\/15\/ulicami-piaseczna-spacer-sladem-miejsc-pamieci\/\">Czytaj dalej<\/a><\/span><\/p>\n","protected":false},"author":9,"featured_media":7106,"comment_status":"open","ping_status":"open","sticky":false,"template":"","format":"standard","meta":{"_monsterinsights_skip_tracking":false,"_monsterinsights_sitenote_active":false,"_monsterinsights_sitenote_note":"","_monsterinsights_sitenote_category":0,"footnotes":""},"categories":[123,28,191,110,187],"tags":[253,273,207,151,290],"class_list":["entry","author-admin","post-7105","post","type-post","status-publish","format-standard","has-post-thumbnail","category-aktualnosci","category-dla-mieszkanca","category-edukacja","category-piaseczno","category-samorzad","tag-edukacja","tag-historia","tag-kultura","tag-piaseczno","tag-wydarzenia"],"aioseo_notices":[],"_links":{"self":[{"href":"https:\/\/naszpowiat.info\/index.php\/wp-json\/wp\/v2\/posts\/7105","targetHints":{"allow":["GET"]}}],"collection":[{"href":"https:\/\/naszpowiat.info\/index.php\/wp-json\/wp\/v2\/posts"}],"about":[{"href":"https:\/\/naszpowiat.info\/index.php\/wp-json\/wp\/v2\/types\/post"}],"author":[{"embeddable":true,"href":"https:\/\/naszpowiat.info\/index.php\/wp-json\/wp\/v2\/users\/9"}],"replies":[{"embeddable":true,"href":"https:\/\/naszpowiat.info\/index.php\/wp-json\/wp\/v2\/comments?post=7105"}],"version-history":[{"count":1,"href":"https:\/\/naszpowiat.info\/index.php\/wp-json\/wp\/v2\/posts\/7105\/revisions"}],"predecessor-version":[{"id":7107,"href":"https:\/\/naszpowiat.info\/index.php\/wp-json\/wp\/v2\/posts\/7105\/revisions\/7107"}],"wp:featuredmedia":[{"embeddable":true,"href":"https:\/\/naszpowiat.info\/index.php\/wp-json\/wp\/v2\/media\/7106"}],"wp:attachment":[{"href":"https:\/\/naszpowiat.info\/index.php\/wp-json\/wp\/v2\/media?parent=7105"}],"wp:term":[{"taxonomy":"category","embeddable":true,"href":"https:\/\/naszpowiat.info\/index.php\/wp-json\/wp\/v2\/categories?post=7105"},{"taxonomy":"post_tag","embeddable":true,"href":"https:\/\/naszpowiat.info\/index.php\/wp-json\/wp\/v2\/tags?post=7105"}],"curies":[{"name":"wp","href":"https:\/\/api.w.org\/{rel}","templated":true}]}}