{"id":7093,"date":"2024-08-11T08:47:26","date_gmt":"2024-08-11T08:47:26","guid":{"rendered":"https:\/\/naszpowiat.info\/?p=7093"},"modified":"2024-08-11T08:47:26","modified_gmt":"2024-08-11T08:47:26","slug":"uroczyste-obchody-swieta-wojska-polskiego-w-ossowie","status":"publish","type":"post","link":"https:\/\/naszpowiat.info\/index.php\/2024\/08\/11\/uroczyste-obchody-swieta-wojska-polskiego-w-ossowie\/","title":{"rendered":"Uroczyste obchody \u015awi\u0119ta Wojska Polskiego w Ossowie"},"content":{"rendered":"\n<p>17 sierpnia przed Muzeum Bitwy Warszawskiej 1920 roku w Ossowie odb\u0119d\u0105 si\u0119 uroczyste obchody \u015awi\u0119ta Wojska Polskiego, kt\u00f3re obchodzone jest w Polsce 15 sierpnia &#8211; na pami\u0105tk\u0119 zwyci\u0119skiej Bitwy Warszawskiej 1920r. B\u0119dzie to wyj\u0105tkowa okazja do oddania ho\u0142du naszym bohaterom oraz do uczestnictwa w atrakcjach przygotowanych specjalnie na t\u0119 okazj\u0119.<\/p>\n\n\n\n<p>Organizatorzy, czyli Muzeum Wojska Polskiego oraz Burmistrz Wo\u0142omina El\u017cbieta Radwan, zapraszaj\u0105c do uczestnictwa, wskazuj\u0105 na szykowane atrakcje:<\/p>\n\n\n\n<ul class=\"wp-block-list\">\n<li>pokaz wsp\u00f3\u0142czesnego sprz\u0119tu i uzbrojenia wojskowego;<\/li>\n\n\n\n<li>koncert Orkiestry Wojskowej;<\/li>\n\n\n\n<li>degustacja wojskowej groch\u00f3wki.<\/li>\n<\/ul>\n\n\n\n<p>Wydarzenie b\u0119dzie trwa\u0142o w godzinach 14:00-18:00.<\/p>\n\n\n<div class=\"wp-block-image\">\n<figure class=\"aligncenter size-full\"><img loading=\"lazy\" decoding=\"async\" width=\"353\" height=\"500\" src=\"https:\/\/naszpowiat.info\/wp-content\/uploads\/2024\/08\/PLAKAT-OSSOW-2024-A-3-1_page-0001-353x500-1.jpg\" alt=\"\" class=\"wp-image-7094\" srcset=\"https:\/\/naszpowiat.info\/wp-content\/uploads\/2024\/08\/PLAKAT-OSSOW-2024-A-3-1_page-0001-353x500-1.jpg 353w, https:\/\/naszpowiat.info\/wp-content\/uploads\/2024\/08\/PLAKAT-OSSOW-2024-A-3-1_page-0001-353x500-1-212x300.jpg 212w\" sizes=\"auto, (max-width: 353px) 100vw, 353px\" \/><figcaption class=\"wp-element-caption\">Fot. wolomin.org<\/figcaption><\/figure>\n<\/div><div class=\"naszp-po-tresci\" id=\"naszp-2854360637\"><script async src=\"\/\/pagead2.googlesyndication.com\/pagead\/js\/adsbygoogle.js?client=ca-pub-5304901113955943\" crossorigin=\"anonymous\"><\/script><ins class=\"adsbygoogle\" style=\"display:block;\" data-ad-client=\"ca-pub-5304901113955943\" \ndata-ad-slot=\"9226873542\" \ndata-ad-format=\"auto\"><\/ins>\n<script> \n(adsbygoogle = window.adsbygoogle || []).push({}); \n<\/script>\n<\/div>","protected":false},"excerpt":{"rendered":"<p>17 sierpnia przed Muzeum Bitwy Warszawskiej 1920 roku w Ossowie odb\u0119d\u0105 si\u0119 uroczyste obchody \u015awi\u0119ta Wojska Polskiego, kt\u00f3re obchodzone jest w Polsce 15 sierpnia &#8211; na pami\u0105tk\u0119 zwyci\u0119skiej Bitwy Warszawskiej 1920r. B\u0119dzie to wyj\u0105tkowa okazja do oddania ho\u0142du naszym bohaterom oraz do uczestnictwa w atrakcjach przygotowanych specjalnie na t\u0119 okazj\u0119.<span class=\"more-link\"><a href=\"https:\/\/naszpowiat.info\/index.php\/2024\/08\/11\/uroczyste-obchody-swieta-wojska-polskiego-w-ossowie\/\">Czytaj dalej<\/a><\/span><\/p>\n","protected":false},"author":9,"featured_media":7094,"comment_status":"open","ping_status":"open","sticky":false,"template":"","format":"standard","meta":{"_monsterinsights_skip_tracking":false,"_monsterinsights_sitenote_active":false,"_monsterinsights_sitenote_note":"","_monsterinsights_sitenote_category":0,"footnotes":""},"categories":[123,28,191,78,187,57],"tags":[310,273,175,268,125],"class_list":["entry","author-admin","post-7093","post","type-post","status-publish","format-standard","has-post-thumbnail","category-aktualnosci","category-dla-mieszkanca","category-edukacja","category-historia","category-samorzad","category-wolomin","tag-bitwa-warszawksa","tag-historia","tag-ossow","tag-piknik","tag-powiat-wolominski"],"aioseo_notices":[],"_links":{"self":[{"href":"https:\/\/naszpowiat.info\/index.php\/wp-json\/wp\/v2\/posts\/7093","targetHints":{"allow":["GET"]}}],"collection":[{"href":"https:\/\/naszpowiat.info\/index.php\/wp-json\/wp\/v2\/posts"}],"about":[{"href":"https:\/\/naszpowiat.info\/index.php\/wp-json\/wp\/v2\/types\/post"}],"author":[{"embeddable":true,"href":"https:\/\/naszpowiat.info\/index.php\/wp-json\/wp\/v2\/users\/9"}],"replies":[{"embeddable":true,"href":"https:\/\/naszpowiat.info\/index.php\/wp-json\/wp\/v2\/comments?post=7093"}],"version-history":[{"count":1,"href":"https:\/\/naszpowiat.info\/index.php\/wp-json\/wp\/v2\/posts\/7093\/revisions"}],"predecessor-version":[{"id":7095,"href":"https:\/\/naszpowiat.info\/index.php\/wp-json\/wp\/v2\/posts\/7093\/revisions\/7095"}],"wp:featuredmedia":[{"embeddable":true,"href":"https:\/\/naszpowiat.info\/index.php\/wp-json\/wp\/v2\/media\/7094"}],"wp:attachment":[{"href":"https:\/\/naszpowiat.info\/index.php\/wp-json\/wp\/v2\/media?parent=7093"}],"wp:term":[{"taxonomy":"category","embeddable":true,"href":"https:\/\/naszpowiat.info\/index.php\/wp-json\/wp\/v2\/categories?post=7093"},{"taxonomy":"post_tag","embeddable":true,"href":"https:\/\/naszpowiat.info\/index.php\/wp-json\/wp\/v2\/tags?post=7093"}],"curies":[{"name":"wp","href":"https:\/\/api.w.org\/{rel}","templated":true}]}}