{"id":7037,"date":"2024-08-06T13:14:52","date_gmt":"2024-08-06T13:14:52","guid":{"rendered":"https:\/\/naszpowiat.info\/?p=7037"},"modified":"2024-08-06T13:38:14","modified_gmt":"2024-08-06T13:38:14","slug":"nowe-nominacje-dyrektorskie-w-powiecie-garwolinskim-zarzad-powiatu-powierzyl-stanowiska-czterem-dyrektorom","status":"publish","type":"post","link":"https:\/\/naszpowiat.info\/index.php\/2024\/08\/06\/nowe-nominacje-dyrektorskie-w-powiecie-garwolinskim-zarzad-powiatu-powierzyl-stanowiska-czterem-dyrektorom\/","title":{"rendered":"Nowe nominacje dyrektorskie w powiecie garwoli\u0144skim: zarz\u0105d powiatu powierzy\u0142 stanowiska czterem dyrektorom"},"content":{"rendered":"\n<p>W poniedzia\u0142ek 5 sierpnia 2024 r.&nbsp;Zarz\u0105d Powiatu Garwoli\u0144skiego na czele z&nbsp;Starost\u0105 Powiatu Garwoli\u0144skiego Iwon\u0105 Kurowsk\u0105&nbsp;podj\u0105\u0142 uchwa\u0142\u0119 i&nbsp;powierzy\u0142 stanowiska dyrektorom szk\u00f3\u0142.<\/p>\n\n\n\n<p>Nominacje otrzymali:<\/p>\n\n\n\n<p>&#8211;&nbsp;Pani Sylwia Tomaszek \u2013 dyrektor Liceum Og\u00f3lnokszta\u0142c\u0105cego w \u017belechowie<\/p>\n\n\n\n<p>&#8211;&nbsp;Pani Lidia So\u0107ko \u2013 dyrektor ZSP w \u017belechowie<\/p>\n\n\n\n<p>&#8211;&nbsp;Pan Waldemar Kuszmierek &#8211; dyrektor SOSW w Przy\u0142\u0119ku<\/p>\n\n\n\n<p>&#8211;&nbsp;Pan Leszek Urawski \u2013 dyrektor ZSP w Sobolewie<\/p>\n\n\n\n<p>Po og\u0142oszeniu konkursu zg\u0142osi\u0142o si\u0119 po jednym kandydacie.Trzech z nich pe\u0142ni\u0142o ju\u017c obowi\u0105zki dyrektora. Now\u0105 dyrektor w tym gronie jest&nbsp;Pani&nbsp;Lidia So\u0107ko.&nbsp;Po nierozstrzygni\u0119tym konkursie, Zarz\u0105d Powiatu uzyska\u0142 pozytywn\u0105 opini\u0119 Kuratorium O\u015bwiaty i po uzyskaniu opinii Rady Pedagogicznej zdecydowa\u0142 si\u0119 powierzy\u0107 stanowisko dyrektora pani Lidii So\u0107ko.<\/p>\n\n\n\n<p>Cieszymy si\u0119 ze zmiany. W ostatnich latach niestety wyniki matur, egzamin\u00f3w zawodowych&nbsp;nie by\u0142y satysfakcjonuj\u0105ce,&nbsp;nie uruchomiana zosta\u0142a&nbsp;r\u00f3wnie\u017c&nbsp;klasa geodezyjna i klasa o profilu rachunkowo\u015bci.<\/p>\n\n\n\n<p>Liczmy na bardzo dobr\u0105 wsp\u00f3\u0142prac\u0119, na nowe pomys\u0142y, kt\u00f3re przyczyni\u0105 si\u0119 do rozwoju plac\u00f3wki,&nbsp;by&nbsp;stworzy\u0107 j\u0105 nowoczesn\u0105, otwart\u0105 na ucznia, nauczycieli i rodzic\u00f3w.&nbsp;Wsp\u00f3lnota zadaniowa uczni\u00f3w, rodzic\u00f3w i pracownik\u00f3w to gwarancja wysokiej jako\u015bci pracy i edukacji. &nbsp;<\/p>\n\n\n\n<p>Wszystkim serdecznie gratulujemy i \u017cyczymy wielu sukces\u00f3w.<\/p>\n\n\n\n<figure class=\"wp-block-image size-large\"><img loading=\"lazy\" decoding=\"async\" width=\"1024\" height=\"768\" src=\"https:\/\/naszpowiat.info\/wp-content\/uploads\/2024\/08\/453905489_906507298180745_7151023856930968434_n-1-1024x768.jpg\" alt=\"\" class=\"wp-image-7039\" srcset=\"https:\/\/naszpowiat.info\/wp-content\/uploads\/2024\/08\/453905489_906507298180745_7151023856930968434_n-1-1024x768.jpg 1024w, https:\/\/naszpowiat.info\/wp-content\/uploads\/2024\/08\/453905489_906507298180745_7151023856930968434_n-1-300x225.jpg 300w, https:\/\/naszpowiat.info\/wp-content\/uploads\/2024\/08\/453905489_906507298180745_7151023856930968434_n-1-768x576.jpg 768w, https:\/\/naszpowiat.info\/wp-content\/uploads\/2024\/08\/453905489_906507298180745_7151023856930968434_n-1-1536x1152.jpg 1536w, https:\/\/naszpowiat.info\/wp-content\/uploads\/2024\/08\/453905489_906507298180745_7151023856930968434_n-1-465x349.jpg 465w, https:\/\/naszpowiat.info\/wp-content\/uploads\/2024\/08\/453905489_906507298180745_7151023856930968434_n-1-667x500.jpg 667w, https:\/\/naszpowiat.info\/wp-content\/uploads\/2024\/08\/453905489_906507298180745_7151023856930968434_n-1.jpg 2048w\" sizes=\"auto, (max-width: 1024px) 100vw, 1024px\" \/><\/figure>\n\n\n\n<p class=\"has-text-align-center\"><strong>Artyku\u0142 Sponsorowany<\/strong><\/p>\n<div class=\"naszp-po-tresci\" id=\"naszp-3705705685\"><script async src=\"\/\/pagead2.googlesyndication.com\/pagead\/js\/adsbygoogle.js?client=ca-pub-5304901113955943\" crossorigin=\"anonymous\"><\/script><ins class=\"adsbygoogle\" style=\"display:block;\" data-ad-client=\"ca-pub-5304901113955943\" \ndata-ad-slot=\"9226873542\" \ndata-ad-format=\"auto\"><\/ins>\n<script> \n(adsbygoogle = window.adsbygoogle || []).push({}); \n<\/script>\n<\/div>","protected":false},"excerpt":{"rendered":"<p>W poniedzia\u0142ek 5 sierpnia 2024 r.&nbsp;Zarz\u0105d Powiatu Garwoli\u0144skiego na czele z&nbsp;Starost\u0105 Powiatu Garwoli\u0144skiego Iwon\u0105 Kurowsk\u0105&nbsp;podj\u0105\u0142 uchwa\u0142\u0119 i&nbsp;powierzy\u0142 stanowiska dyrektorom szk\u00f3\u0142. Nominacje otrzymali: &#8211;&nbsp;Pani Sylwia Tomaszek \u2013 dyrektor Liceum Og\u00f3lnokszta\u0142c\u0105cego w \u017belechowie &#8211;&nbsp;Pani Lidia So\u0107ko \u2013 dyrektor ZSP w \u017belechowie &#8211;&nbsp;Pan Waldemar Kuszmierek &#8211; dyrektor SOSW w Przy\u0142\u0119ku &#8211;&nbsp;Pan Leszek Urawski<span class=\"more-link\"><a href=\"https:\/\/naszpowiat.info\/index.php\/2024\/08\/06\/nowe-nominacje-dyrektorskie-w-powiecie-garwolinskim-zarzad-powiatu-powierzyl-stanowiska-czterem-dyrektorom\/\">Czytaj dalej<\/a><\/span><\/p>\n","protected":false},"author":9,"featured_media":7038,"comment_status":"open","ping_status":"open","sticky":false,"template":"","format":"standard","meta":{"_monsterinsights_skip_tracking":false,"_monsterinsights_sitenote_active":false,"_monsterinsights_sitenote_note":"","_monsterinsights_sitenote_category":0,"footnotes":""},"categories":[123,191,213,209],"tags":[253,227,210],"class_list":["entry","author-admin","post-7037","post","type-post","status-publish","format-standard","has-post-thumbnail","category-aktualnosci","category-edukacja","category-garwolin","category-powiat-garwolinski","tag-edukacja","tag-garwolin","tag-powiat-garwolinski"],"aioseo_notices":[],"_links":{"self":[{"href":"https:\/\/naszpowiat.info\/index.php\/wp-json\/wp\/v2\/posts\/7037","targetHints":{"allow":["GET"]}}],"collection":[{"href":"https:\/\/naszpowiat.info\/index.php\/wp-json\/wp\/v2\/posts"}],"about":[{"href":"https:\/\/naszpowiat.info\/index.php\/wp-json\/wp\/v2\/types\/post"}],"author":[{"embeddable":true,"href":"https:\/\/naszpowiat.info\/index.php\/wp-json\/wp\/v2\/users\/9"}],"replies":[{"embeddable":true,"href":"https:\/\/naszpowiat.info\/index.php\/wp-json\/wp\/v2\/comments?post=7037"}],"version-history":[{"count":2,"href":"https:\/\/naszpowiat.info\/index.php\/wp-json\/wp\/v2\/posts\/7037\/revisions"}],"predecessor-version":[{"id":7041,"href":"https:\/\/naszpowiat.info\/index.php\/wp-json\/wp\/v2\/posts\/7037\/revisions\/7041"}],"wp:featuredmedia":[{"embeddable":true,"href":"https:\/\/naszpowiat.info\/index.php\/wp-json\/wp\/v2\/media\/7038"}],"wp:attachment":[{"href":"https:\/\/naszpowiat.info\/index.php\/wp-json\/wp\/v2\/media?parent=7037"}],"wp:term":[{"taxonomy":"category","embeddable":true,"href":"https:\/\/naszpowiat.info\/index.php\/wp-json\/wp\/v2\/categories?post=7037"},{"taxonomy":"post_tag","embeddable":true,"href":"https:\/\/naszpowiat.info\/index.php\/wp-json\/wp\/v2\/tags?post=7037"}],"curies":[{"name":"wp","href":"https:\/\/api.w.org\/{rel}","templated":true}]}}