{"id":7034,"date":"2024-08-05T10:40:45","date_gmt":"2024-08-05T10:40:45","guid":{"rendered":"https:\/\/naszpowiat.info\/?p=7034"},"modified":"2024-08-05T10:40:45","modified_gmt":"2024-08-05T10:40:45","slug":"piaseczno-mobilne-planetarium","status":"publish","type":"post","link":"https:\/\/naszpowiat.info\/index.php\/2024\/08\/05\/piaseczno-mobilne-planetarium\/","title":{"rendered":"Piaseczno: Mobilne planetarium"},"content":{"rendered":"\n<p>W poniedzia\u0142ek i wtorek (5-6 sierpnia) Planetobus z Centrum Nauki Kopernik b\u0119dzie go\u015bci\u0142 w w Piasecznie, w Centrum Edukacyjno-Multimedialnym przy ul. Jana Paw\u0142a II 55. <\/p>\n\n\n\n<p>Dla wszystkich ch\u0119tnych dost\u0119pne b\u0119d\u0105 bezp\u0142atne pokazy planetarium. Ponadto mieszka\u0144cy b\u0119d\u0105 mogli samodzielnie korzysta\u0107 z interaktywnych eksponat\u00f3w, a tak\u017ce zadawa\u0107 pytania i eksperymentowa\u0107 z edukatorami z Centrum Nauki Kopernik, odkrywaj\u0105c tajniki kosmosu. Zaj\u0119cia z udzia\u0142em mobilnego planetarium s\u0105 cz\u0119\u015bci\u0105 programu Nauka dla Ciebie. Jest to wsp\u00f3lna inicjatywa Centrum Nauki Kopernik oraz Ministra Nauki i Szkolnictwa Wy\u017cszego.<\/p>\n\n\n\n<figure class=\"wp-block-image size-full is-resized\"><img loading=\"lazy\" decoding=\"async\" width=\"800\" height=\"533\" src=\"https:\/\/naszpowiat.info\/wp-content\/uploads\/2024\/08\/planetobus03.jpg\" alt=\"\" class=\"wp-image-7035\" style=\"width:464px;height:auto\" srcset=\"https:\/\/naszpowiat.info\/wp-content\/uploads\/2024\/08\/planetobus03.jpg 800w, https:\/\/naszpowiat.info\/wp-content\/uploads\/2024\/08\/planetobus03-300x200.jpg 300w, https:\/\/naszpowiat.info\/wp-content\/uploads\/2024\/08\/planetobus03-768x512.jpg 768w, https:\/\/naszpowiat.info\/wp-content\/uploads\/2024\/08\/planetobus03-465x310.jpg 465w, https:\/\/naszpowiat.info\/wp-content\/uploads\/2024\/08\/planetobus03-695x463.jpg 695w\" sizes=\"auto, (max-width: 800px) 100vw, 800px\" \/><figcaption class=\"wp-element-caption\">Fot. Centrum Nauki Kopernik.<\/figcaption><\/figure>\n\n\n\n<p>Wej\u015bci\u00f3wki nale\u017cy pobra\u0107 ze strony piaseczy\u0144skiej biblioteki.<\/p>\n<div class=\"naszp-po-tresci\" id=\"naszp-3860406207\"><script async src=\"\/\/pagead2.googlesyndication.com\/pagead\/js\/adsbygoogle.js?client=ca-pub-5304901113955943\" crossorigin=\"anonymous\"><\/script><ins class=\"adsbygoogle\" style=\"display:block;\" data-ad-client=\"ca-pub-5304901113955943\" \ndata-ad-slot=\"9226873542\" \ndata-ad-format=\"auto\"><\/ins>\n<script> \n(adsbygoogle = window.adsbygoogle || []).push({}); \n<\/script>\n<\/div>","protected":false},"excerpt":{"rendered":"<p>W poniedzia\u0142ek i wtorek (5-6 sierpnia) Planetobus z Centrum Nauki Kopernik b\u0119dzie go\u015bci\u0142 w w Piasecznie, w Centrum Edukacyjno-Multimedialnym przy ul. Jana Paw\u0142a II 55. Dla wszystkich ch\u0119tnych dost\u0119pne b\u0119d\u0105 bezp\u0142atne pokazy planetarium. Ponadto mieszka\u0144cy b\u0119d\u0105 mogli samodzielnie korzysta\u0107 z interaktywnych eksponat\u00f3w, a tak\u017ce zadawa\u0107 pytania i eksperymentowa\u0107 z edukatorami<span class=\"more-link\"><a href=\"https:\/\/naszpowiat.info\/index.php\/2024\/08\/05\/piaseczno-mobilne-planetarium\/\">Czytaj dalej<\/a><\/span><\/p>\n","protected":false},"author":9,"featured_media":7035,"comment_status":"open","ping_status":"open","sticky":false,"template":"","format":"standard","meta":{"_monsterinsights_skip_tracking":false,"_monsterinsights_sitenote_active":false,"_monsterinsights_sitenote_note":"","_monsterinsights_sitenote_category":0,"footnotes":""},"categories":[28,191,110,59],"tags":[207,145,151,303],"class_list":["entry","author-admin","post-7034","post","type-post","status-publish","format-standard","has-post-thumbnail","category-dla-mieszkanca","category-edukacja","category-piaseczno","category-wydarzenia","tag-kultura","tag-nauka","tag-piaseczno","tag-planetarium"],"aioseo_notices":[],"_links":{"self":[{"href":"https:\/\/naszpowiat.info\/index.php\/wp-json\/wp\/v2\/posts\/7034","targetHints":{"allow":["GET"]}}],"collection":[{"href":"https:\/\/naszpowiat.info\/index.php\/wp-json\/wp\/v2\/posts"}],"about":[{"href":"https:\/\/naszpowiat.info\/index.php\/wp-json\/wp\/v2\/types\/post"}],"author":[{"embeddable":true,"href":"https:\/\/naszpowiat.info\/index.php\/wp-json\/wp\/v2\/users\/9"}],"replies":[{"embeddable":true,"href":"https:\/\/naszpowiat.info\/index.php\/wp-json\/wp\/v2\/comments?post=7034"}],"version-history":[{"count":1,"href":"https:\/\/naszpowiat.info\/index.php\/wp-json\/wp\/v2\/posts\/7034\/revisions"}],"predecessor-version":[{"id":7036,"href":"https:\/\/naszpowiat.info\/index.php\/wp-json\/wp\/v2\/posts\/7034\/revisions\/7036"}],"wp:featuredmedia":[{"embeddable":true,"href":"https:\/\/naszpowiat.info\/index.php\/wp-json\/wp\/v2\/media\/7035"}],"wp:attachment":[{"href":"https:\/\/naszpowiat.info\/index.php\/wp-json\/wp\/v2\/media?parent=7034"}],"wp:term":[{"taxonomy":"category","embeddable":true,"href":"https:\/\/naszpowiat.info\/index.php\/wp-json\/wp\/v2\/categories?post=7034"},{"taxonomy":"post_tag","embeddable":true,"href":"https:\/\/naszpowiat.info\/index.php\/wp-json\/wp\/v2\/tags?post=7034"}],"curies":[{"name":"wp","href":"https:\/\/api.w.org\/{rel}","templated":true}]}}