{"id":7025,"date":"2024-08-02T06:29:26","date_gmt":"2024-08-02T06:29:26","guid":{"rendered":"https:\/\/naszpowiat.info\/?p=7025"},"modified":"2024-08-02T06:29:26","modified_gmt":"2024-08-02T06:29:26","slug":"pruszkow-koncert-z-okazji-80-rocznicy-powstania-warszawskiego","status":"publish","type":"post","link":"https:\/\/naszpowiat.info\/index.php\/2024\/08\/02\/pruszkow-koncert-z-okazji-80-rocznicy-powstania-warszawskiego\/","title":{"rendered":"Pruszk\u00f3w: Koncert z\u00a0okazji 80. rocznicy Powstania Warszawskiego"},"content":{"rendered":"\n<p>W 80. rocznic\u0119 wybuchu Powstania Warszawskiego &#8211; 1 sierpnia, w Oran\u017cerii Muzeum Staro\u017cytnego Hutnictwa Mazowieckiego w Pruszkowie odby\u0142 si\u0119 wyj\u0105tkowy koncert.<\/p>\n\n\n\n<p>Zebrani wieczorem mieszka\u0144cy mieli okazj\u0119 wys\u0142ucha\u0107, a nawet w\u0142\u0105czy\u0107 si\u0119 do wykonywania pi\u0119knych piosenek patriotycznych i wolno\u015bciowych z Powstania Warszawskiego oraz utwor\u00f3w powsta\u0142ych w p\u00f3\u017aniejszym okresie, nawi\u0105zuj\u0105cych do czasu walki o wolno\u015b\u0107. Nowe opracowania wszystkich utwor\u00f3w powsta\u0142y w znakomitych, oryginalnych aran\u017cacjach wybitnego polskiego pianisty Andrzeja Jagodzi\u0144skiego. Do udzia\u0142u w projekcie artysta zaprosi\u0142 czo\u0142owych przedstawicieli polskiej sceny jazzowej: cz\u0142onk\u00f3w swojego Tria: kontrabasist\u0119 Adama Cegielskiego i perkusist\u0119 Czes\u0142awa \u201eMa\u0142ego\u201d Bartkowskiego, oraz artystk\u0119, z kt\u00f3r\u0105 wsp\u00f3\u0142pracuje od wielu lat, wokalistk\u0119 Agnieszk\u0119 Wilczy\u0144sk\u0105.<\/p>\n\n\n\n<p>Podczas muzycznego wydarzenia wykonano:<\/p>\n\n\n\n<ul class=\"wp-block-list\">\n<li><em>Preludium e-moll<\/em>&nbsp; Fryderyk Chopin<\/li>\n\n\n\n<li><em>Deszcz, jesienny deszcz<\/em>&nbsp; muz. i&nbsp;s\u0142. Marian Matuszkiewicz<\/li>\n\n\n\n<li><em>Wojenko, wojenko<\/em> autor nieznany<\/li>\n\n\n\n<li><em>Piosenka o&nbsp;mojej&nbsp;Warszawie<\/em>&nbsp;&nbsp; muz. i&nbsp;s\u0142. Albert Harris<\/li>\n\n\n\n<li><em>Pa\u0142acyk Michla<\/em>&nbsp;muz. i&nbsp;s\u0142. J\u00f3zef Szczepa\u0144ski<\/li>\n\n\n\n<li><em>Czerwone maki na&nbsp;Monte Cassino<\/em> muz. Longin Alfred Sch\u00fctz, s\u0142. Feliks Konarski<\/li>\n\n\n\n<li><em>Teraz jest wojna \/ Warszawo ma<\/em>&nbsp;muz. autor nieznany, s\u0142. Ludwik Starski \/ Andrzej W\u0142ast<\/li>\n\n\n\n<li><em>Nie&nbsp;pytaj o&nbsp;Polsk\u0119<\/em>&nbsp;muz. i&nbsp;s\u0142. Grzegorz Ciechowski<\/li>\n\n\n\n<li><em>Bia\u0142y Krzy\u017c<\/em>&nbsp;muz. Krzysztof Klenczon, s\u0142. Janusz Kondratowicz<\/li>\n\n\n\n<li><em>J\u0119drusiowa dola<\/em>&nbsp;muz. Henryk Fajt, s\u0142. Czes\u0142aw Ka\u0142kusi\u0144ski<\/li>\n\n\n\n<li><em>D\u0119by<\/em>&nbsp;muz. i&nbsp;s\u0142. Jacek Kaczmarski<\/li>\n\n\n\n<li><em>Nim wstanie dzie\u0144<\/em>&nbsp;&nbsp;muz. Krzysztof Komeda, s\u0142. Agnieszka Osiecka<\/li>\n\n\n\n<li><em>Mury<\/em> muz. i\u00a0s\u0142. Jacek Kaczmarski<\/li>\n<\/ul>\n\n\n<div class=\"wp-block-image\">\n<figure class=\"aligncenter size-large is-resized\"><img loading=\"lazy\" decoding=\"async\" width=\"1024\" height=\"536\" src=\"https:\/\/naszpowiat.info\/wp-content\/uploads\/2024\/08\/1200x628-1024x536.jpg\" alt=\"\" class=\"wp-image-7026\" style=\"width:682px;height:auto\" srcset=\"https:\/\/naszpowiat.info\/wp-content\/uploads\/2024\/08\/1200x628-1024x536.jpg 1024w, https:\/\/naszpowiat.info\/wp-content\/uploads\/2024\/08\/1200x628-300x157.jpg 300w, https:\/\/naszpowiat.info\/wp-content\/uploads\/2024\/08\/1200x628-768x402.jpg 768w, https:\/\/naszpowiat.info\/wp-content\/uploads\/2024\/08\/1200x628-465x243.jpg 465w, https:\/\/naszpowiat.info\/wp-content\/uploads\/2024\/08\/1200x628-695x364.jpg 695w, https:\/\/naszpowiat.info\/wp-content\/uploads\/2024\/08\/1200x628.jpg 1200w\" sizes=\"auto, (max-width: 1024px) 100vw, 1024px\" \/><figcaption class=\"wp-element-caption\">Fot. Muzeum Staro\u017cytnego Hutnictwa Mazowieckiego<\/figcaption><\/figure>\n<\/div>\n\n\n<p>Koncert by\u0142 elementem pruszkowskich obchod\u00f3w 80. rocznicy wybuchu niepodleg\u0142o\u015bciowego zrywu w Warszawie.<\/p>\n<div class=\"naszp-po-tresci\" id=\"naszp-1854123067\"><script async src=\"\/\/pagead2.googlesyndication.com\/pagead\/js\/adsbygoogle.js?client=ca-pub-5304901113955943\" crossorigin=\"anonymous\"><\/script><ins class=\"adsbygoogle\" style=\"display:block;\" data-ad-client=\"ca-pub-5304901113955943\" \ndata-ad-slot=\"9226873542\" \ndata-ad-format=\"auto\"><\/ins>\n<script> \n(adsbygoogle = window.adsbygoogle || []).push({}); \n<\/script>\n<\/div>","protected":false},"excerpt":{"rendered":"<p>W 80. rocznic\u0119 wybuchu Powstania Warszawskiego &#8211; 1 sierpnia, w Oran\u017cerii Muzeum Staro\u017cytnego Hutnictwa Mazowieckiego w Pruszkowie odby\u0142 si\u0119 wyj\u0105tkowy koncert. Zebrani wieczorem mieszka\u0144cy mieli okazj\u0119 wys\u0142ucha\u0107, a nawet w\u0142\u0105czy\u0107 si\u0119 do wykonywania pi\u0119knych piosenek patriotycznych i wolno\u015bciowych z Powstania Warszawskiego oraz utwor\u00f3w powsta\u0142ych w p\u00f3\u017aniejszym okresie, nawi\u0105zuj\u0105cych do czasu<span class=\"more-link\"><a href=\"https:\/\/naszpowiat.info\/index.php\/2024\/08\/02\/pruszkow-koncert-z-okazji-80-rocznicy-powstania-warszawskiego\/\">Czytaj dalej<\/a><\/span><\/p>\n","protected":false},"author":9,"featured_media":7026,"comment_status":"open","ping_status":"open","sticky":false,"template":"","format":"standard","meta":{"_monsterinsights_skip_tracking":false,"_monsterinsights_sitenote_active":false,"_monsterinsights_sitenote_note":"","_monsterinsights_sitenote_category":0,"footnotes":""},"categories":[123,28,191,78,30,42,187],"tags":[273,285,295,141],"class_list":["entry","author-admin","post-7025","post","type-post","status-publish","format-standard","has-post-thumbnail","category-aktualnosci","category-dla-mieszkanca","category-edukacja","category-historia","category-kultura","category-pruszkow","category-samorzad","tag-historia","tag-muzyka","tag-powstanie-warszawskie","tag-pruszkow"],"aioseo_notices":[],"_links":{"self":[{"href":"https:\/\/naszpowiat.info\/index.php\/wp-json\/wp\/v2\/posts\/7025","targetHints":{"allow":["GET"]}}],"collection":[{"href":"https:\/\/naszpowiat.info\/index.php\/wp-json\/wp\/v2\/posts"}],"about":[{"href":"https:\/\/naszpowiat.info\/index.php\/wp-json\/wp\/v2\/types\/post"}],"author":[{"embeddable":true,"href":"https:\/\/naszpowiat.info\/index.php\/wp-json\/wp\/v2\/users\/9"}],"replies":[{"embeddable":true,"href":"https:\/\/naszpowiat.info\/index.php\/wp-json\/wp\/v2\/comments?post=7025"}],"version-history":[{"count":1,"href":"https:\/\/naszpowiat.info\/index.php\/wp-json\/wp\/v2\/posts\/7025\/revisions"}],"predecessor-version":[{"id":7027,"href":"https:\/\/naszpowiat.info\/index.php\/wp-json\/wp\/v2\/posts\/7025\/revisions\/7027"}],"wp:featuredmedia":[{"embeddable":true,"href":"https:\/\/naszpowiat.info\/index.php\/wp-json\/wp\/v2\/media\/7026"}],"wp:attachment":[{"href":"https:\/\/naszpowiat.info\/index.php\/wp-json\/wp\/v2\/media?parent=7025"}],"wp:term":[{"taxonomy":"category","embeddable":true,"href":"https:\/\/naszpowiat.info\/index.php\/wp-json\/wp\/v2\/categories?post=7025"},{"taxonomy":"post_tag","embeddable":true,"href":"https:\/\/naszpowiat.info\/index.php\/wp-json\/wp\/v2\/tags?post=7025"}],"curies":[{"name":"wp","href":"https:\/\/api.w.org\/{rel}","templated":true}]}}