{"id":7010,"date":"2024-07-27T08:06:28","date_gmt":"2024-07-27T08:06:28","guid":{"rendered":"https:\/\/naszpowiat.info\/?p=7010"},"modified":"2024-07-27T08:06:28","modified_gmt":"2024-07-27T08:06:28","slug":"rusza-xix-legionowski-festiwal-muzyki-kameralnej-i-organowej","status":"publish","type":"post","link":"https:\/\/naszpowiat.info\/index.php\/2024\/07\/27\/rusza-xix-legionowski-festiwal-muzyki-kameralnej-i-organowej\/","title":{"rendered":"Rusza XIX. Legionowski Festiwal Muzyki Kameralnej i Organowej"},"content":{"rendered":"\n<p>W niedziel\u0119 (28 lipca) o 16:00 rozpocznie si\u0119 XIX. Legionowski Festiwal Muzyki Kameralnej i Organowej. Pierwszy koncert odb\u0119dzie si\u0119 w Ko\u015bciele \u015awi\u0119tego Ducha (parafia \u015bw. Jana Kantego), przy ul. ks. J. Schabowskiego 2 w Legionowie.<\/p>\n\n\n\n<p>\u0141\u0105cznie odb\u0119dzie si\u0119 siedem koncert\u00f3w, na kt\u00f3re zapraszaj\u0105 legionowscy urz\u0119dnicy oraz organizatorzy z Miejskiego O\u015brodka Kultury.<\/p>\n\n\n\n<p>Poni\u017cej prezentujemy harmonogram XIX. Legionowskiego Festiwalu Muzyki Kameralnej i Organowej w 2024 r.:<\/p>\n\n\n\n<p><strong>28 lipca, godz. 16.00<\/strong><br>Andrzej Olewi\u0144ski \u2013 gitara<br>Rafa\u0142 Grz\u0105ka \u2013 bandoneon<br>Krzysztof Lukas \u2013 organy<\/p>\n\n\n\n<p><strong>4 sierpnia, godz. 16.00<\/strong><br>Magdalena Maniewska \u2013 ob\u00f3j<br>Zbigniew Gach \u2013 organy<\/p>\n\n\n\n<p><strong>11 sierpnia, godz. 14.00<\/strong><br>Nadzwyczajny Recital Organowy<br>Maria Krajewska (Graz \u2013 Austria) \u2013 organy<\/p>\n\n\n\n<p><strong>18 sierpnia, godz. 16.00<\/strong><br>Dumitru Harea (Mo\u0142dawia) \u2013 fletnia Pana<br>Ewa Polska \u2013 organy<\/p>\n\n\n\n<p><strong>25 sierpnia, godz. 16.00<\/strong><br>Jaros\u0142aw Bester \u2013 akordeon<br>Jan Bokszczanin \u2013 organy<\/p>\n\n\n\n<p><strong>1 wrze\u015bnia, godz. 19.00 (godzina mo\u017ce si\u0119 jeszcze zmieni\u0107)<\/strong><br>Renata Marzec \u2013 wiolonczela<br>Rados\u0142aw Marzec \u2013 organy<\/p>\n\n\n\n<p><strong>8 wrze\u015bnia, godz. 19.00<\/strong><br>Zesp\u00f3\u0142 wokalny JERYCHO pod kierunkiem Bartosza Izbickiego<br>Adam Sadowski \u2013 organy<\/p>\n\n\n<div class=\"wp-block-image\">\n<figure class=\"aligncenter size-full\"><img loading=\"lazy\" decoding=\"async\" width=\"700\" height=\"339\" src=\"https:\/\/naszpowiat.info\/wp-content\/uploads\/2024\/07\/baner-www-festiwal.jpg\" alt=\"\" class=\"wp-image-7011\" srcset=\"https:\/\/naszpowiat.info\/wp-content\/uploads\/2024\/07\/baner-www-festiwal.jpg 700w, https:\/\/naszpowiat.info\/wp-content\/uploads\/2024\/07\/baner-www-festiwal-300x145.jpg 300w, https:\/\/naszpowiat.info\/wp-content\/uploads\/2024\/07\/baner-www-festiwal-465x225.jpg 465w, https:\/\/naszpowiat.info\/wp-content\/uploads\/2024\/07\/baner-www-festiwal-695x337.jpg 695w\" sizes=\"auto, (max-width: 700px) 100vw, 700px\" \/><figcaption class=\"wp-element-caption\">Fot. Miejski O\u015brodek Kultury w Legionowie<\/figcaption><\/figure>\n<\/div>\n\n\n<p>Organizatorem festiwalu jest Miejski O\u015brodek Kultury w Legionowie, a dyrektorem artystycznym prof. Jan Bokszczanin. Partnerem wydarzenia jest Samorz\u0105d Wojew\u00f3dztwa Mazowieckiego. Festiwal obj\u0105\u0142 patronatem honorowym Biskup Warszawsko-Praski Romuald Kami\u0144ski.<\/p>\n<div class=\"naszp-po-tresci\" id=\"naszp-613214237\"><script async src=\"\/\/pagead2.googlesyndication.com\/pagead\/js\/adsbygoogle.js?client=ca-pub-5304901113955943\" crossorigin=\"anonymous\"><\/script><ins class=\"adsbygoogle\" style=\"display:block;\" data-ad-client=\"ca-pub-5304901113955943\" \ndata-ad-slot=\"9226873542\" \ndata-ad-format=\"auto\"><\/ins>\n<script> \n(adsbygoogle = window.adsbygoogle || []).push({}); \n<\/script>\n<\/div>","protected":false},"excerpt":{"rendered":"<p>W niedziel\u0119 (28 lipca) o 16:00 rozpocznie si\u0119 XIX. Legionowski Festiwal Muzyki Kameralnej i Organowej. Pierwszy koncert odb\u0119dzie si\u0119 w Ko\u015bciele \u015awi\u0119tego Ducha (parafia \u015bw. Jana Kantego), przy ul. ks. J. Schabowskiego 2 w Legionowie. \u0141\u0105cznie odb\u0119dzie si\u0119 siedem koncert\u00f3w, na kt\u00f3re zapraszaj\u0105 legionowscy urz\u0119dnicy oraz organizatorzy z Miejskiego O\u015brodka<span class=\"more-link\"><a href=\"https:\/\/naszpowiat.info\/index.php\/2024\/07\/27\/rusza-xix-legionowski-festiwal-muzyki-kameralnej-i-organowej\/\">Czytaj dalej<\/a><\/span><\/p>\n","protected":false},"author":9,"featured_media":7011,"comment_status":"open","ping_status":"open","sticky":false,"template":"","format":"standard","meta":{"_monsterinsights_skip_tracking":false,"_monsterinsights_sitenote_active":false,"_monsterinsights_sitenote_note":"","_monsterinsights_sitenote_category":0,"footnotes":""},"categories":[123,28,93,187,192],"tags":[265,243,165,285],"class_list":["entry","author-admin","post-7010","post","type-post","status-publish","format-standard","has-post-thumbnail","category-aktualnosci","category-dla-mieszkanca","category-legionowo","category-samorzad","category-sztuka","tag-koncert","tag-kosciol","tag-legionowo","tag-muzyka"],"aioseo_notices":[],"_links":{"self":[{"href":"https:\/\/naszpowiat.info\/index.php\/wp-json\/wp\/v2\/posts\/7010","targetHints":{"allow":["GET"]}}],"collection":[{"href":"https:\/\/naszpowiat.info\/index.php\/wp-json\/wp\/v2\/posts"}],"about":[{"href":"https:\/\/naszpowiat.info\/index.php\/wp-json\/wp\/v2\/types\/post"}],"author":[{"embeddable":true,"href":"https:\/\/naszpowiat.info\/index.php\/wp-json\/wp\/v2\/users\/9"}],"replies":[{"embeddable":true,"href":"https:\/\/naszpowiat.info\/index.php\/wp-json\/wp\/v2\/comments?post=7010"}],"version-history":[{"count":1,"href":"https:\/\/naszpowiat.info\/index.php\/wp-json\/wp\/v2\/posts\/7010\/revisions"}],"predecessor-version":[{"id":7012,"href":"https:\/\/naszpowiat.info\/index.php\/wp-json\/wp\/v2\/posts\/7010\/revisions\/7012"}],"wp:featuredmedia":[{"embeddable":true,"href":"https:\/\/naszpowiat.info\/index.php\/wp-json\/wp\/v2\/media\/7011"}],"wp:attachment":[{"href":"https:\/\/naszpowiat.info\/index.php\/wp-json\/wp\/v2\/media?parent=7010"}],"wp:term":[{"taxonomy":"category","embeddable":true,"href":"https:\/\/naszpowiat.info\/index.php\/wp-json\/wp\/v2\/categories?post=7010"},{"taxonomy":"post_tag","embeddable":true,"href":"https:\/\/naszpowiat.info\/index.php\/wp-json\/wp\/v2\/tags?post=7010"}],"curies":[{"name":"wp","href":"https:\/\/api.w.org\/{rel}","templated":true}]}}