{"id":6888,"date":"2024-07-15T06:14:15","date_gmt":"2024-07-15T06:14:15","guid":{"rendered":"https:\/\/naszpowiat.info\/?p=6888"},"modified":"2024-07-15T06:14:17","modified_gmt":"2024-07-15T06:14:17","slug":"dni-maciejowic-2024","status":"publish","type":"post","link":"https:\/\/naszpowiat.info\/index.php\/2024\/07\/15\/dni-maciejowic-2024\/","title":{"rendered":"Dni Maciejowic 2024"},"content":{"rendered":"\n<p>Tegoroczne Dni Maciejowic w powiecie garwoli\u0144skim okaza\u0142y si\u0119 frekwencyjnym sukcesem &#8211; mn\u00f3stwo mieszka\u0144c\u00f3w fantastycznie bawi\u0142o si\u0119 podczas \u015bwi\u0119ta gminy i miasta.<\/p>\n\n\n\n<p>Trzydniowe \u015bwi\u0119towanie rozpocz\u0119\u0142o si\u0119 w pi\u0105tek spacerem historycznym &#8222;Poznaj miasto Maciejowice&#8221; z przewodnikiem Adrianem Pogorzelskim.<\/p>\n\n\n\n<p>G\u0142\u00f3wne atrakcje (zw\u0142aszcza muzyczne) zaplanowano na sobot\u0119, 13 lipca. Wyst\u0119py rozpocz\u0105\u0142 Bayer oko\u0142o 18:00. Nast\u0119pnie do ta\u0144ca i znakomitej zabawy porwa\u0142 zgromadzonych mieszka\u0144c\u00f3w zesp\u00f3\u0142 Milano. Na scenie pojawili si\u0119 r\u00f3wnie\u017c Monika Szostak, dzieci z miejskiego k\u00f3\u0142ka wokalnego, Zuzanna Grzebalska, Aleksandra Hacz, Orkiestra D\u0119ta z Pilawy. Sobotni festiwal rado\u015bci i uciechy zako\u0144czy\u0142a zabawa taneczna z zespo\u0142em Nemesis (od 22:30). Potrwa\u0142a ona niemal do godziny 2:00 w nocy.<\/p>\n\n\n\n<figure class=\"wp-block-image size-large is-resized\"><img loading=\"lazy\" decoding=\"async\" width=\"1024\" height=\"577\" src=\"https:\/\/naszpowiat.info\/wp-content\/uploads\/2024\/07\/Dni-Maciejowic-1-1024x577.jpg\" alt=\"\" class=\"wp-image-6889\" style=\"width:507px;height:auto\" srcset=\"https:\/\/naszpowiat.info\/wp-content\/uploads\/2024\/07\/Dni-Maciejowic-1-1024x577.jpg 1024w, https:\/\/naszpowiat.info\/wp-content\/uploads\/2024\/07\/Dni-Maciejowic-1-300x169.jpg 300w, https:\/\/naszpowiat.info\/wp-content\/uploads\/2024\/07\/Dni-Maciejowic-1-768x432.jpg 768w, https:\/\/naszpowiat.info\/wp-content\/uploads\/2024\/07\/Dni-Maciejowic-1-1536x865.jpg 1536w, https:\/\/naszpowiat.info\/wp-content\/uploads\/2024\/07\/Dni-Maciejowic-1-465x262.jpg 465w, https:\/\/naszpowiat.info\/wp-content\/uploads\/2024\/07\/Dni-Maciejowic-1-695x391.jpg 695w, https:\/\/naszpowiat.info\/wp-content\/uploads\/2024\/07\/Dni-Maciejowic-1.jpg 2000w\" sizes=\"auto, (max-width: 1024px) 100vw, 1024px\" \/><figcaption class=\"wp-element-caption\">Fot. Iwona Kurowska &#8211; Starosta (FB)<\/figcaption><\/figure>\n\n\n\n<p>Na maciejowickim rynku nie zabrak\u0142o animator\u00f3w, weso\u0142ego miasteczka dla ma\u0142ych i du\u017cych, warsztat\u00f3w manualnych, warsztat\u00f3w r\u0119kodzielniczych, fotobudki 360\u2070, stoisk K\u00f3\u0142 Gospody\u0144 Wiejskich z wy\u015bmienitymi potrawami regionalnymi, stoisk gastronomicznych i r\u0119kodzielniczych.<\/p>\n\n\n\n<p>Niedziela przebieg\u0142a za\u015b pod znakiem sportu. Zorganizowano miniturniej w pi\u0142k\u0119 no\u017cn\u0105, miniturniej w pi\u0142k\u0119 r\u0119czn\u0105, wielob\u00f3j lekkoatletyczny i miniturniej w tenisa sto\u0142owego.<\/p>\n\n\n\n<p>Patronem wydarzenia by\u0142 Burmistrz Maciejowic Tomasz Kwiatkowski, kt\u00f3ry w sobotni wiecz\u00f3r zaprosi\u0142 do udzia\u0142u w \u015bwi\u0119cie, mi\u0119dzy innymi Pos\u0142a na Sejm RP Grzegorza Wo\u017aniaka, Starost\u0119 Garwoli\u0144sk\u0105 Iwon\u0119 Kurowsk\u0105 i innych lokalnych samorz\u0105dowc\u00f3w.<\/p>\n\n\n\n<figure class=\"wp-block-image size-large is-resized\"><img loading=\"lazy\" decoding=\"async\" width=\"1024\" height=\"473\" src=\"https:\/\/naszpowiat.info\/wp-content\/uploads\/2024\/07\/Dni-Maciejowic-1024x473.jpg\" alt=\"\" class=\"wp-image-6890\" style=\"width:493px;height:auto\" srcset=\"https:\/\/naszpowiat.info\/wp-content\/uploads\/2024\/07\/Dni-Maciejowic-1024x473.jpg 1024w, https:\/\/naszpowiat.info\/wp-content\/uploads\/2024\/07\/Dni-Maciejowic-300x139.jpg 300w, https:\/\/naszpowiat.info\/wp-content\/uploads\/2024\/07\/Dni-Maciejowic-768x355.jpg 768w, https:\/\/naszpowiat.info\/wp-content\/uploads\/2024\/07\/Dni-Maciejowic-1536x710.jpg 1536w, https:\/\/naszpowiat.info\/wp-content\/uploads\/2024\/07\/Dni-Maciejowic-465x215.jpg 465w, https:\/\/naszpowiat.info\/wp-content\/uploads\/2024\/07\/Dni-Maciejowic-695x321.jpg 695w, https:\/\/naszpowiat.info\/wp-content\/uploads\/2024\/07\/Dni-Maciejowic-920x425.jpg 920w, https:\/\/naszpowiat.info\/wp-content\/uploads\/2024\/07\/Dni-Maciejowic.jpg 2000w\" sizes=\"auto, (max-width: 1024px) 100vw, 1024px\" \/><figcaption class=\"wp-element-caption\">Fot. Fot. Iwona Kurowska &#8211; Starosta (FB)<\/figcaption><\/figure>\n\n\n\n<p>&#8222;Moc atrakcji i koncert\u00f3w na Maciejowickim Rynku i w Parku, pi\u0119knie zrewitalizowanym, z \u0142aweczk\u0105 Tadeusza Ko\u015bciuszki&#8221; &#8211; podsumowa\u0142a wydarzenie stoj\u0105ca na czele Zarz\u0105du Powiatu Garwoli\u0144skiego Iwona Kurowska. Z t\u0105 opini\u0105 zgadzaj\u0105 si\u0119 zapewne mieszka\u0144cy, kt\u00f3rzy pe\u0142ni pozytywnej energii uczestniczyli w weekendowych Dniach Maciejowic. <\/p>\n\n\n\n<figure class=\"wp-block-image size-large is-resized\"><img loading=\"lazy\" decoding=\"async\" width=\"1024\" height=\"473\" src=\"https:\/\/naszpowiat.info\/wp-content\/uploads\/2024\/07\/Dni-Maciejowic-2-1024x473.jpg\" alt=\"\" class=\"wp-image-6891\" style=\"width:544px;height:auto\" srcset=\"https:\/\/naszpowiat.info\/wp-content\/uploads\/2024\/07\/Dni-Maciejowic-2-1024x473.jpg 1024w, https:\/\/naszpowiat.info\/wp-content\/uploads\/2024\/07\/Dni-Maciejowic-2-300x139.jpg 300w, https:\/\/naszpowiat.info\/wp-content\/uploads\/2024\/07\/Dni-Maciejowic-2-768x355.jpg 768w, https:\/\/naszpowiat.info\/wp-content\/uploads\/2024\/07\/Dni-Maciejowic-2-1536x710.jpg 1536w, https:\/\/naszpowiat.info\/wp-content\/uploads\/2024\/07\/Dni-Maciejowic-2-465x215.jpg 465w, https:\/\/naszpowiat.info\/wp-content\/uploads\/2024\/07\/Dni-Maciejowic-2-695x321.jpg 695w, https:\/\/naszpowiat.info\/wp-content\/uploads\/2024\/07\/Dni-Maciejowic-2-920x425.jpg 920w, https:\/\/naszpowiat.info\/wp-content\/uploads\/2024\/07\/Dni-Maciejowic-2.jpg 2000w\" sizes=\"auto, (max-width: 1024px) 100vw, 1024px\" \/><figcaption class=\"wp-element-caption\">Fot. Fot. Iwona Kurowska &#8211; Starosta (FB)<\/figcaption><\/figure>\n<div class=\"naszp-po-tresci\" id=\"naszp-2083847314\"><script async src=\"\/\/pagead2.googlesyndication.com\/pagead\/js\/adsbygoogle.js?client=ca-pub-5304901113955943\" crossorigin=\"anonymous\"><\/script><ins class=\"adsbygoogle\" style=\"display:block;\" data-ad-client=\"ca-pub-5304901113955943\" \ndata-ad-slot=\"9226873542\" \ndata-ad-format=\"auto\"><\/ins>\n<script> \n(adsbygoogle = window.adsbygoogle || []).push({}); \n<\/script>\n<\/div>","protected":false},"excerpt":{"rendered":"<p>Tegoroczne Dni Maciejowic w powiecie garwoli\u0144skim okaza\u0142y si\u0119 frekwencyjnym sukcesem &#8211; mn\u00f3stwo mieszka\u0144c\u00f3w fantastycznie bawi\u0142o si\u0119 podczas \u015bwi\u0119ta gminy i miasta. Trzydniowe \u015bwi\u0119towanie rozpocz\u0119\u0142o si\u0119 w pi\u0105tek spacerem historycznym &#8222;Poznaj miasto Maciejowice&#8221; z przewodnikiem Adrianem Pogorzelskim. G\u0142\u00f3wne atrakcje (zw\u0142aszcza muzyczne) zaplanowano na sobot\u0119, 13 lipca. Wyst\u0119py rozpocz\u0105\u0142 Bayer oko\u0142o 18:00.<span class=\"more-link\"><a href=\"https:\/\/naszpowiat.info\/index.php\/2024\/07\/15\/dni-maciejowic-2024\/\">Czytaj dalej<\/a><\/span><\/p>\n","protected":false},"author":9,"featured_media":6891,"comment_status":"open","ping_status":"open","sticky":false,"template":"","format":"standard","meta":{"_monsterinsights_skip_tracking":false,"_monsterinsights_sitenote_active":false,"_monsterinsights_sitenote_note":"","_monsterinsights_sitenote_category":0,"footnotes":""},"categories":[123,28,213,30,218],"tags":[227,278,265,277,276],"class_list":["entry","author-admin","post-6888","post","type-post","status-publish","format-standard","has-post-thumbnail","category-aktualnosci","category-dla-mieszkanca","category-garwolin","category-kultura","category-maciejowice","tag-garwolin","tag-iwona-kurowska","tag-koncert","tag-maciejowice","tag-swieto"],"aioseo_notices":[],"_links":{"self":[{"href":"https:\/\/naszpowiat.info\/index.php\/wp-json\/wp\/v2\/posts\/6888","targetHints":{"allow":["GET"]}}],"collection":[{"href":"https:\/\/naszpowiat.info\/index.php\/wp-json\/wp\/v2\/posts"}],"about":[{"href":"https:\/\/naszpowiat.info\/index.php\/wp-json\/wp\/v2\/types\/post"}],"author":[{"embeddable":true,"href":"https:\/\/naszpowiat.info\/index.php\/wp-json\/wp\/v2\/users\/9"}],"replies":[{"embeddable":true,"href":"https:\/\/naszpowiat.info\/index.php\/wp-json\/wp\/v2\/comments?post=6888"}],"version-history":[{"count":2,"href":"https:\/\/naszpowiat.info\/index.php\/wp-json\/wp\/v2\/posts\/6888\/revisions"}],"predecessor-version":[{"id":6931,"href":"https:\/\/naszpowiat.info\/index.php\/wp-json\/wp\/v2\/posts\/6888\/revisions\/6931"}],"wp:featuredmedia":[{"embeddable":true,"href":"https:\/\/naszpowiat.info\/index.php\/wp-json\/wp\/v2\/media\/6891"}],"wp:attachment":[{"href":"https:\/\/naszpowiat.info\/index.php\/wp-json\/wp\/v2\/media?parent=6888"}],"wp:term":[{"taxonomy":"category","embeddable":true,"href":"https:\/\/naszpowiat.info\/index.php\/wp-json\/wp\/v2\/categories?post=6888"},{"taxonomy":"post_tag","embeddable":true,"href":"https:\/\/naszpowiat.info\/index.php\/wp-json\/wp\/v2\/tags?post=6888"}],"curies":[{"name":"wp","href":"https:\/\/api.w.org\/{rel}","templated":true}]}}