{"id":6878,"date":"2024-07-11T08:41:15","date_gmt":"2024-07-11T08:41:15","guid":{"rendered":"https:\/\/naszpowiat.info\/?p=6878"},"modified":"2024-07-11T08:41:16","modified_gmt":"2024-07-11T08:41:16","slug":"wyklad-w-muzeum-historycznym-w-legionowie","status":"publish","type":"post","link":"https:\/\/naszpowiat.info\/index.php\/2024\/07\/11\/wyklad-w-muzeum-historycznym-w-legionowie\/","title":{"rendered":"Wyk\u0142ad w Muzeum Historycznym w Legionowie"},"content":{"rendered":"\n<p>Muzeum Historyczne w Legionowie zaprasza na kolejny wyk\u0142ad. <\/p>\n\n\n\n<p>Przeprowadzi go dr. in\u017c. Wojciecha Jeute, a tematem b\u0119dzie dow\u00f3dca Powstania Warszawskiego na terenie Legionowa &#8211; p\u0142k Roman K\u0142oczkowski. Spotkanie odb\u0119dzie si\u0119 28 lipca 2024 r. (niedziela) o godz. 15.30 w pawilonie muzealnym przy ul. A. Mickiewicza 23.<\/p>\n\n\n\n<figure class=\"wp-block-image size-full is-resized\"><img loading=\"lazy\" decoding=\"async\" width=\"850\" height=\"602\" src=\"https:\/\/naszpowiat.info\/wp-content\/uploads\/2024\/07\/Kloczkowski.webp\" alt=\"\" class=\"wp-image-6879\" style=\"width:421px;height:auto\" srcset=\"https:\/\/naszpowiat.info\/wp-content\/uploads\/2024\/07\/Kloczkowski.webp 850w, https:\/\/naszpowiat.info\/wp-content\/uploads\/2024\/07\/Kloczkowski-300x212.webp 300w, https:\/\/naszpowiat.info\/wp-content\/uploads\/2024\/07\/Kloczkowski-768x544.webp 768w, https:\/\/naszpowiat.info\/wp-content\/uploads\/2024\/07\/Kloczkowski-465x329.webp 465w, https:\/\/naszpowiat.info\/wp-content\/uploads\/2024\/07\/Kloczkowski-695x492.webp 695w\" sizes=\"auto, (max-width: 850px) 100vw, 850px\" \/><figcaption class=\"wp-element-caption\">Fot. Muzeum Historyczne w Legionowie<\/figcaption><\/figure>\n\n\n\n<p>P\u0142k Roman K\u0142oczkowski \u201eGrosz\u201d urodzi\u0142 si\u0119 29 XI 1894 r. w uroczysku Chankiend w G\u00f3rnej Armenii, gdzie jego rodzice Jan i Adela przebywali na zes\u0142aniu. W 1915 r. uko\u0144czy\u0142 gimnazjum w Batumi i rozpocz\u0105\u0142 studia prawnicze w Petersburgu, kt\u00f3re przerwa\u0142 po powo\u0142aniu do wojska. W 1920 r. powr\u00f3ci\u0142 do Polski i wst\u0105pi\u0142 do armii gen. \u017beligowskiego w Wilnie. W 1921 r. przeszed\u0142 w Toruniu szkolenie wojsk balonowych i otrzyma\u0142 przydzia\u0142 do garnizonu w Legionowie. W stopniu majora s\u0142u\u017cy\u0142 jako kwatermistrz baonu balonowego. Mieszka\u0142 na Bukowcu, przy ul. S\u0142onecznej. W 1939 r. bra\u0142 udzia\u0142 w Wojnie Obronnej. Po powrocie z frontu w pa\u017adzierniku 1939 r. zacz\u0105\u0142 dzia\u0142a\u0107 w konspiracji jako jeden z organizator\u00f3w ZWZ-AK. W pa\u017adzierniku 1942 r. zosta\u0142 komendantem I Rejonu Legionowo \u201eMarianowo-Brzoz\u00f3w\u201d wchodz\u0105cego w sk\u0142ad \u201eObro\u017cy\u201d \u2013 VII Obwodu Okr\u0119gu Warszawskiego Armii Krajowej. W dniach 1-4 VIII 1944 r. dowodzi\u0142 powstaniem warszawskim na terenie Legionowa i okolic. Za udzia\u0142 w akcji \u201eBurza\u201d zosta\u0142 odznaczony przez w\u0142adze emigracyjne krzy\u017cem Virtuti Militari V klasy. W pa\u017adzierniku 1944 r. mianowano go ostatnim komendantem \u201eObro\u017cy\u201d. W 1945 r. powr\u00f3ci\u0142 do Legionowa, ale zagro\u017cony aresztowaniem przez UB przeni\u00f3s\u0142 si\u0119 do Wroc\u0142awia. Tutaj podj\u0105\u0142 prac\u0119 go\u0144ca na pogotowiu ratunkowym. Zmar\u0142 na zawa\u0142 serca 24 XII 1952 r.<\/p>\n<div class=\"naszp-po-tresci\" id=\"naszp-630485336\"><script async src=\"\/\/pagead2.googlesyndication.com\/pagead\/js\/adsbygoogle.js?client=ca-pub-5304901113955943\" crossorigin=\"anonymous\"><\/script><ins class=\"adsbygoogle\" style=\"display:block;\" data-ad-client=\"ca-pub-5304901113955943\" \ndata-ad-slot=\"9226873542\" \ndata-ad-format=\"auto\"><\/ins>\n<script> \n(adsbygoogle = window.adsbygoogle || []).push({}); \n<\/script>\n<\/div>","protected":false},"excerpt":{"rendered":"<p>Muzeum Historyczne w Legionowie zaprasza na kolejny wyk\u0142ad. Przeprowadzi go dr. in\u017c. Wojciecha Jeute, a tematem b\u0119dzie dow\u00f3dca Powstania Warszawskiego na terenie Legionowa &#8211; p\u0142k Roman K\u0142oczkowski. Spotkanie odb\u0119dzie si\u0119 28 lipca 2024 r. (niedziela) o godz. 15.30 w pawilonie muzealnym przy ul. A. Mickiewicza 23. P\u0142k Roman K\u0142oczkowski \u201eGrosz\u201d<span class=\"more-link\"><a href=\"https:\/\/naszpowiat.info\/index.php\/2024\/07\/11\/wyklad-w-muzeum-historycznym-w-legionowie\/\">Czytaj dalej<\/a><\/span><\/p>\n","protected":false},"author":9,"featured_media":6879,"comment_status":"open","ping_status":"open","sticky":false,"template":"","format":"standard","meta":{"_monsterinsights_skip_tracking":false,"_monsterinsights_sitenote_active":false,"_monsterinsights_sitenote_note":"","_monsterinsights_sitenote_category":0,"footnotes":""},"categories":[123,93],"tags":[273,165,274],"class_list":["entry","author-admin","post-6878","post","type-post","status-publish","format-standard","has-post-thumbnail","category-aktualnosci","category-legionowo","tag-historia","tag-legionowo","tag-muzeum"],"aioseo_notices":[],"_links":{"self":[{"href":"https:\/\/naszpowiat.info\/index.php\/wp-json\/wp\/v2\/posts\/6878","targetHints":{"allow":["GET"]}}],"collection":[{"href":"https:\/\/naszpowiat.info\/index.php\/wp-json\/wp\/v2\/posts"}],"about":[{"href":"https:\/\/naszpowiat.info\/index.php\/wp-json\/wp\/v2\/types\/post"}],"author":[{"embeddable":true,"href":"https:\/\/naszpowiat.info\/index.php\/wp-json\/wp\/v2\/users\/9"}],"replies":[{"embeddable":true,"href":"https:\/\/naszpowiat.info\/index.php\/wp-json\/wp\/v2\/comments?post=6878"}],"version-history":[{"count":1,"href":"https:\/\/naszpowiat.info\/index.php\/wp-json\/wp\/v2\/posts\/6878\/revisions"}],"predecessor-version":[{"id":6880,"href":"https:\/\/naszpowiat.info\/index.php\/wp-json\/wp\/v2\/posts\/6878\/revisions\/6880"}],"wp:featuredmedia":[{"embeddable":true,"href":"https:\/\/naszpowiat.info\/index.php\/wp-json\/wp\/v2\/media\/6879"}],"wp:attachment":[{"href":"https:\/\/naszpowiat.info\/index.php\/wp-json\/wp\/v2\/media?parent=6878"}],"wp:term":[{"taxonomy":"category","embeddable":true,"href":"https:\/\/naszpowiat.info\/index.php\/wp-json\/wp\/v2\/categories?post=6878"},{"taxonomy":"post_tag","embeddable":true,"href":"https:\/\/naszpowiat.info\/index.php\/wp-json\/wp\/v2\/tags?post=6878"}],"curies":[{"name":"wp","href":"https:\/\/api.w.org\/{rel}","templated":true}]}}