{"id":6822,"date":"2024-06-16T15:25:12","date_gmt":"2024-06-16T15:25:12","guid":{"rendered":"https:\/\/naszpowiat.info\/?p=6822"},"modified":"2024-06-16T15:38:31","modified_gmt":"2024-06-16T15:38:31","slug":"nowy-trener-znicza-pruszkow","status":"publish","type":"post","link":"https:\/\/naszpowiat.info\/index.php\/2024\/06\/16\/nowy-trener-znicza-pruszkow\/","title":{"rendered":"Nowy trener Znicza Pruszk\u00f3w"},"content":{"rendered":"\n<p>Nowym szkoleniowcem Znicza Pruszk\u00f3w zosta\u0142 Grzegorz Szoka. <\/p>\n\n\n\n<p>W przesz\u0142o\u015bci Grzegorz Szoka sze\u015b\u0107 lat pracowa\u0142 w Akademii Znicza Pruszk\u00f3w. Nast\u0119pnie przeni\u00f3s\u0142 si\u0119 do akademii Legii Warszawa. Tam zdoby\u0142 trzy medale Mistrzostw Polski (z\u0142oto, srebro i br\u0105z). Przez ostatnie dwa lata Grzegorz Szoka pracowa\u0142 w Chrobrym G\u0142og\u00f3w jako drugi szkoleniowiec. 36-letni Szoka posiada licencj\u0119 UEFA PRO, niezb\u0119dn\u0105 do prowadzenia zespo\u0142u w 1. Lidze.<\/p>\n\n\n\n<figure class=\"wp-block-image size-large is-resized\"><img loading=\"lazy\" decoding=\"async\" width=\"819\" height=\"1024\" src=\"https:\/\/naszpowiat.info\/wp-content\/uploads\/2024\/06\/Grzegorz-Szoka-819x1024.webp\" alt=\"\" class=\"wp-image-6823\" style=\"width:346px;height:auto\" srcset=\"https:\/\/naszpowiat.info\/wp-content\/uploads\/2024\/06\/Grzegorz-Szoka-819x1024.webp 819w, https:\/\/naszpowiat.info\/wp-content\/uploads\/2024\/06\/Grzegorz-Szoka-240x300.webp 240w, https:\/\/naszpowiat.info\/wp-content\/uploads\/2024\/06\/Grzegorz-Szoka-768x960.webp 768w, https:\/\/naszpowiat.info\/wp-content\/uploads\/2024\/06\/Grzegorz-Szoka-440x550.webp 440w, https:\/\/naszpowiat.info\/wp-content\/uploads\/2024\/06\/Grzegorz-Szoka-400x500.webp 400w, https:\/\/naszpowiat.info\/wp-content\/uploads\/2024\/06\/Grzegorz-Szoka.webp 1024w\" sizes=\"auto, (max-width: 819px) 100vw, 819px\" \/><figcaption class=\"wp-element-caption\">Fot. Znicz Pruszk\u00f3w <\/figcaption><\/figure>\n\n\n\n<p>&#8211; <em>Zdecydowa\u0142em si\u0119 na prac\u0119 w Zniczu bo Pruszk\u00f3w to moje miasto i m\u00f3j dom. Jestem wychowankiem klubu, kt\u00f3ry w du\u017cym stopniu ukszta\u0142towa\u0142 mnie jako cz\u0142owieka. Sp\u0119dzi\u0142em w klubie jako zawodnik i trener ponad 20 lat swojego \u017cycia. Uwa\u017cam, \u017ce mieszka\u0144cy Pruszkowa zas\u0142uguj\u0105 na mo\u017cliwo\u015b\u0107 ogl\u0105dania na \u017cywo pi\u0142ki na najwy\u017cszym poziomie i \u017ce razem b\u0119dziemy budowa\u0107 pozytywn\u0105 kultur\u0119 wok\u00f3\u0142 Klubu<\/em> &#8211; skomentowa\u0142 nowy trener.<\/p>\n<div class=\"naszp-po-tresci\" id=\"naszp-2174442856\"><script async src=\"\/\/pagead2.googlesyndication.com\/pagead\/js\/adsbygoogle.js?client=ca-pub-5304901113955943\" crossorigin=\"anonymous\"><\/script><ins class=\"adsbygoogle\" style=\"display:block;\" data-ad-client=\"ca-pub-5304901113955943\" \ndata-ad-slot=\"9226873542\" \ndata-ad-format=\"auto\"><\/ins>\n<script> \n(adsbygoogle = window.adsbygoogle || []).push({}); \n<\/script>\n<\/div>","protected":false},"excerpt":{"rendered":"<p>Nowym szkoleniowcem Znicza Pruszk\u00f3w zosta\u0142 Grzegorz Szoka. W przesz\u0142o\u015bci Grzegorz Szoka sze\u015b\u0107 lat pracowa\u0142 w Akademii Znicza Pruszk\u00f3w. Nast\u0119pnie przeni\u00f3s\u0142 si\u0119 do akademii Legii Warszawa. Tam zdoby\u0142 trzy medale Mistrzostw Polski (z\u0142oto, srebro i br\u0105z). Przez ostatnie dwa lata Grzegorz Szoka pracowa\u0142 w Chrobrym G\u0142og\u00f3w jako drugi szkoleniowiec. 36-letni Szoka<span class=\"more-link\"><a href=\"https:\/\/naszpowiat.info\/index.php\/2024\/06\/16\/nowy-trener-znicza-pruszkow\/\">Czytaj dalej<\/a><\/span><\/p>\n","protected":false},"author":9,"featured_media":6823,"comment_status":"open","ping_status":"open","sticky":false,"template":"","format":"standard","meta":{"_monsterinsights_skip_tracking":false,"_monsterinsights_sitenote_active":false,"_monsterinsights_sitenote_note":"","_monsterinsights_sitenote_category":0,"footnotes":""},"categories":[123,42,157],"tags":[139,141,262,261],"class_list":["entry","author-admin","post-6822","post","type-post","status-publish","format-standard","has-post-thumbnail","category-aktualnosci","category-pruszkow","category-sport","tag-pilka-nozna","tag-pruszkow","tag-trener","tag-znicz-pruszkow"],"aioseo_notices":[],"_links":{"self":[{"href":"https:\/\/naszpowiat.info\/index.php\/wp-json\/wp\/v2\/posts\/6822","targetHints":{"allow":["GET"]}}],"collection":[{"href":"https:\/\/naszpowiat.info\/index.php\/wp-json\/wp\/v2\/posts"}],"about":[{"href":"https:\/\/naszpowiat.info\/index.php\/wp-json\/wp\/v2\/types\/post"}],"author":[{"embeddable":true,"href":"https:\/\/naszpowiat.info\/index.php\/wp-json\/wp\/v2\/users\/9"}],"replies":[{"embeddable":true,"href":"https:\/\/naszpowiat.info\/index.php\/wp-json\/wp\/v2\/comments?post=6822"}],"version-history":[{"count":1,"href":"https:\/\/naszpowiat.info\/index.php\/wp-json\/wp\/v2\/posts\/6822\/revisions"}],"predecessor-version":[{"id":6824,"href":"https:\/\/naszpowiat.info\/index.php\/wp-json\/wp\/v2\/posts\/6822\/revisions\/6824"}],"wp:featuredmedia":[{"embeddable":true,"href":"https:\/\/naszpowiat.info\/index.php\/wp-json\/wp\/v2\/media\/6823"}],"wp:attachment":[{"href":"https:\/\/naszpowiat.info\/index.php\/wp-json\/wp\/v2\/media?parent=6822"}],"wp:term":[{"taxonomy":"category","embeddable":true,"href":"https:\/\/naszpowiat.info\/index.php\/wp-json\/wp\/v2\/categories?post=6822"},{"taxonomy":"post_tag","embeddable":true,"href":"https:\/\/naszpowiat.info\/index.php\/wp-json\/wp\/v2\/tags?post=6822"}],"curies":[{"name":"wp","href":"https:\/\/api.w.org\/{rel}","templated":true}]}}