{"id":6811,"date":"2024-06-11T07:35:30","date_gmt":"2024-06-11T07:35:30","guid":{"rendered":"https:\/\/naszpowiat.info\/?p=6811"},"modified":"2024-06-11T07:36:47","modified_gmt":"2024-06-11T07:36:47","slug":"wystawa-z-okazji-100-lecia-sportu-zuzlowego","status":"publish","type":"post","link":"https:\/\/naszpowiat.info\/index.php\/2024\/06\/11\/wystawa-z-okazji-100-lecia-sportu-zuzlowego\/","title":{"rendered":"Wystawa z okazji 100-lecia sportu \u017cu\u017clowego!"},"content":{"rendered":"\n<p><strong>W dniach 13-17.06.2024 r. w siedzibie Nice Polska przy ulicy Parzniewskiej 2a w Pruszkowie odb\u0119dzie si\u0119 wyj\u0105tkowa wystawa z okazji 100-lecia sportu \u017cu\u017clowego. To nie lada gratka nie tylko dla fan\u00f3w motoryzacji oraz sport\u00f3w motorowych, ale te\u017c dla dzieci i m\u0142odzie\u017cy szkolnej, dla kt\u00f3rych organizatorzy przygotowali niespodzianki.<\/strong><\/p>\n\n\n\n<p>Ponad 100 lat temu \u2013 w 1923 roku \u2013 w Australii odby\u0142y si\u0119 pierwsze zawody \u017cu\u017clowe. Na specjalnej wystawie zaprezentowane zostan\u0105 historyczne motocykle \u2013 najstarszy z 1934 roku \u2013 oraz liczne eksponaty i zdj\u0119cia, kt\u00f3re pozwol\u0105 przenie\u015b\u0107 si\u0119 do czas\u00f3w pocz\u0105tk\u00f3w \u017cu\u017cla w Polsce i na \u015bwiecie.<\/p>\n\n\n\n<p><strong>\u017bu\u017cel i Nice \u2013 dobrana para<\/strong><\/p>\n\n\n\n<p><em>\u2013 Nice Polska to jeden z najwi\u0119kszych mecenas\u00f3w polskiego sportu na przestrzeni ostatnich dw\u00f3ch dekad. Od d\u0142u\u017cszego czasu wsp\u00f3\u0142pracujemy z Fundacj\u0105 Narodowego Muzeum Sportu \u017bu\u017clowego i chcieliby\u015bmy zaprezentowa\u0107 lokalnej spo\u0142eczno\u015bci t\u0119 unikatow\u0105 wystaw\u0119 motocykli \u017cu\u017clowych <\/em>\u2013 m\u00f3wi Ma\u0142gorzata Frelek, wieloletnia szefowa dzia\u0142u finansowego Nice \u2013 Polska. <em>\u2013 Jak wiadomo, ka\u017cdy motocykl powinien by\u0107 przechowywany w gara\u017cu. A z bran\u017c\u0105 bram gara\u017cowych, automatyki wjazdowej i stolarki otworowej, ale przede wszystkim z Pruszkowem, jeste\u015bmy nierozerwalnie zwi\u0105zani od prawie 30 lat. Przygotowali\u015bmy ciekaw\u0105 kolekcj\u0119, kt\u00f3r\u0105 udost\u0119pnimy lokalnej spo\u0142eczno\u015bci ca\u0142kowicie za darmo<\/em> \u2013 dodaje Wojciech Jankowski z grupy Nice, jeden z organizator\u00f3w wystawy.<\/p>\n\n\n\n<p><strong>\u015awiatowa i lokalna historia \u017cu\u017cla<\/strong><\/p>\n\n\n\n<p>Zwiedzaj\u0105cy b\u0119d\u0105 mogli pozna\u0107 najciekawsze wydarzenia w historii sportu \u017cu\u017clowego zaprezentowanymi na wielkoformatowym kalendarium. Specjalne ekspozytory i umieszczone na nich ciekawostki ze \u015bwiata \u017cu\u017clowego sprawi\u0105, \u017ce zwiedzaj\u0105cy b\u0119d\u0105 mogli przenie\u015b\u0107 si\u0119 do czas\u00f3w, w kt\u00f3rych \u017cu\u017clowcy przez kilka tygodni podr\u00f3\u017cowali statkiem, by rywalizowa\u0107 o tytu\u0142 najlepszego \u017cu\u017clowca globu. Wystawa zostanie wzbogacona o elementy lokalnej historii motorsportu, dzi\u0119ki wsp\u00f3\u0142pracy z Klubem Motocyklowym Nornica Pruszk\u00f3w.<\/p>\n\n\n\n<p><strong>Kiedy nas odwiedzi\u0107?<\/strong><\/p>\n\n\n\n<p>Wystawa b\u0119dzie dost\u0119pna ca\u0142kowicie bezp\u0142atnie dla lokalnej spo\u0142eczno\u015bci w sobot\u0119 15.06.2024 r. (w godzinach 9:00-17:00) oraz w niedziel\u0119 16.06.2024 r. (9:00-14:00) w siedzibie Nice Polska przy ulicy Parzniewskiej 2a. Samoch\u00f3d b\u0119dzie mo\u017cna zostawi\u0107 na bezp\u0142atnym parkingu.<\/p>\n\n\n\n<p>W czwartek, 13.06.2024 r. odb\u0119dzie si\u0119 zamkni\u0119ty wernisa\u017c wystawy. Z kolei pi\u0105tek (14.06.2024 r.) oraz poniedzia\u0142ek (17.06.2024 r.) to dni przeznaczone dla grup zorganizowanych oraz wycieczek szkolnych, dla kt\u00f3rych przygotowane zostan\u0105 okoliczno\u015bciowe warsztaty edukacyjne prezentuj\u0105ce mo\u017cliwo\u015bci sterowania bramami, roletami, os\u0142onami przeciws\u0142onecznymi, a tak\u017ce systemami inteligentnego domu.<\/p>\n\n\n\n<p>Nice to globalny producent automatyki wjazdowej oraz gara\u017cowej, bram gara\u017cowych, system\u00f3w alarmowych oraz system\u00f3w inteligentnego domu.<\/p>\n\n\n\n<p>Patronat honorowy nad wystaw\u0105 obj\u0119li Adam Struzik, Marsza\u0142ek Wojew\u00f3dztwa Mazowieckiego, Adrian Ejssymont, Starosta Powiatu Pruszkowskiego oraz Piotr B\u0105k, Prezydent Miasta Pruszkowa. Sponsorami s\u0105 marki zrzeszone w grupie Nice: elero, FIBARO oraz NiceHome. Partnerem wydarzenia jest Pruszkowski Klub Motocyklowy Nornica<\/p>\n\n\n\n<p>Wst\u0119p na wystaw\u0119 oraz parking \u2013 darmowy! Serdecznie zapraszamy!<\/p>\n\n\n\n<p><strong>Terminarz wydarzenia:<\/strong><\/p>\n\n\n\n<p>13.06.2024 r. \u2013 wernisa\u017c wystawy (oficjalne otwarcie wystawy)<\/p>\n\n\n\n<p>14.06.2024 r. (pi\u0105tek) \u2013 dzie\u0144 dla wycieczek szkolnych oraz grup zorganizowanych<\/p>\n\n\n\n<p>15.06.2024 r. (sobota) \u2013 dzie\u0144 otwarty w godzinach 9 \u2013 17<\/p>\n\n\n\n<p>16.06.2024 r. (niedziela) \u2013 dzie\u0144 otwarty w godzinach 9 \u2013 14<\/p>\n\n\n\n<p>17.06.2024 r. (poniedzia\u0142ek) \u2013 dzie\u0144 dla wycieczek szkolnych oraz grup zorganizowanych<\/p>\n\n\n\n<p>W przypadku zainteresowania dniami dla wycieczek szkolnych oraz grup zorganizowanych prosimy o wcze\u015bniejszy kontakt pod numerem telefonu +48&nbsp;509&nbsp;555&nbsp;335 w celu rezerwacji konkretnej godziny wizyty oraz przewodnika. Program jest dostosowany do wieku grupy (przedszkola, szko\u0142y podstawowe, szko\u0142y \u015brednie).<\/p>\n\n\n\n<p><a href=\"http:\/\/www.nice.pl\">www.nice.pl<\/a><\/p>\n\n\n\n<p>\u0179r\u00f3d\u0142o: S<em>tarostwo Powiatowe w Pruszkowie<\/em><\/p>\n<div class=\"naszp-po-tresci\" id=\"naszp-240868606\"><script async src=\"\/\/pagead2.googlesyndication.com\/pagead\/js\/adsbygoogle.js?client=ca-pub-5304901113955943\" crossorigin=\"anonymous\"><\/script><ins class=\"adsbygoogle\" style=\"display:block;\" data-ad-client=\"ca-pub-5304901113955943\" \ndata-ad-slot=\"9226873542\" \ndata-ad-format=\"auto\"><\/ins>\n<script> \n(adsbygoogle = window.adsbygoogle || []).push({}); \n<\/script>\n<\/div>","protected":false},"excerpt":{"rendered":"<p>W dniach 13-17.06.2024 r. w siedzibie Nice Polska przy ulicy Parzniewskiej 2a w Pruszkowie odb\u0119dzie si\u0119 wyj\u0105tkowa wystawa z okazji 100-lecia sportu \u017cu\u017clowego. To nie lada gratka nie tylko dla fan\u00f3w motoryzacji oraz sport\u00f3w motorowych, ale te\u017c dla dzieci i m\u0142odzie\u017cy szkolnej, dla kt\u00f3rych organizatorzy przygotowali niespodzianki. Ponad 100 lat<span class=\"more-link\"><a href=\"https:\/\/naszpowiat.info\/index.php\/2024\/06\/11\/wystawa-z-okazji-100-lecia-sportu-zuzlowego\/\">Czytaj dalej<\/a><\/span><\/p>\n","protected":false},"author":9,"featured_media":6812,"comment_status":"open","ping_status":"open","sticky":false,"template":"","format":"standard","meta":{"_monsterinsights_skip_tracking":false,"_monsterinsights_sitenote_active":false,"_monsterinsights_sitenote_note":"","_monsterinsights_sitenote_category":0,"footnotes":""},"categories":[123,157],"tags":[149],"class_list":["entry","author-admin","post-6811","post","type-post","status-publish","format-standard","has-post-thumbnail","category-aktualnosci","category-sport","tag-powiat-pruszkowski"],"aioseo_notices":[],"_links":{"self":[{"href":"https:\/\/naszpowiat.info\/index.php\/wp-json\/wp\/v2\/posts\/6811","targetHints":{"allow":["GET"]}}],"collection":[{"href":"https:\/\/naszpowiat.info\/index.php\/wp-json\/wp\/v2\/posts"}],"about":[{"href":"https:\/\/naszpowiat.info\/index.php\/wp-json\/wp\/v2\/types\/post"}],"author":[{"embeddable":true,"href":"https:\/\/naszpowiat.info\/index.php\/wp-json\/wp\/v2\/users\/9"}],"replies":[{"embeddable":true,"href":"https:\/\/naszpowiat.info\/index.php\/wp-json\/wp\/v2\/comments?post=6811"}],"version-history":[{"count":1,"href":"https:\/\/naszpowiat.info\/index.php\/wp-json\/wp\/v2\/posts\/6811\/revisions"}],"predecessor-version":[{"id":6813,"href":"https:\/\/naszpowiat.info\/index.php\/wp-json\/wp\/v2\/posts\/6811\/revisions\/6813"}],"wp:featuredmedia":[{"embeddable":true,"href":"https:\/\/naszpowiat.info\/index.php\/wp-json\/wp\/v2\/media\/6812"}],"wp:attachment":[{"href":"https:\/\/naszpowiat.info\/index.php\/wp-json\/wp\/v2\/media?parent=6811"}],"wp:term":[{"taxonomy":"category","embeddable":true,"href":"https:\/\/naszpowiat.info\/index.php\/wp-json\/wp\/v2\/categories?post=6811"},{"taxonomy":"post_tag","embeddable":true,"href":"https:\/\/naszpowiat.info\/index.php\/wp-json\/wp\/v2\/tags?post=6811"}],"curies":[{"name":"wp","href":"https:\/\/api.w.org\/{rel}","templated":true}]}}