{"id":6685,"date":"2024-05-22T15:10:21","date_gmt":"2024-05-22T15:10:21","guid":{"rendered":"https:\/\/naszpowiat.info\/?p=6685"},"modified":"2024-05-22T15:11:33","modified_gmt":"2024-05-22T15:11:33","slug":"zespol-slask-zawita-do-ozarowie-mazowieckim","status":"publish","type":"post","link":"https:\/\/naszpowiat.info\/index.php\/2024\/05\/22\/zespol-slask-zawita-do-ozarowie-mazowieckim\/","title":{"rendered":"Zesp\u00f3\u0142 &#8222;\u015al\u0105sk&#8221; zawita do O\u017carowa Mazowieckiego"},"content":{"rendered":"\n<p>W \u015brod\u0119 29 maja 2024r. o 18:00 w O\u017carowie Mazowieckim wyst\u0105pi Zesp\u00f3\u0142 Pie\u015bni i Ta\u0144ca &#8222;\u015al\u0105sk&#8221;. Kultowa grupa muzyczna i artystyczna zarazem zaprezentuje program &#8222;A to Polska w\u0142a\u015bnie&#8221;.<\/p>\n\n\n\n<p>Ca\u0142okszta\u0142t widowiska stanowi\u0105 ludowe pie\u015bni i ta\u0144ce, charakterystyczne dla poszczeg\u00f3lnych region\u00f3w Polski, wzbogacone choreografiami ta\u0144c\u00f3w narodowych. Najwa\u017cniejsz\u0105 cz\u0119\u015b\u0107 programu stanowi\u0105 kompozycje lub opracowania muzyczne Stanis\u0142awa Hadyny oraz uk\u0142ady choreograficzne Elwiry Kami\u0144skiej &#8211; duetu tw\u00f3rc\u00f3w pot\u0119gi &#8222;\u015al\u0105ska&#8221;. W programie znajduj\u0105 si\u0119 popularne utwory Stanis\u0142awa Hadyny, takie jak: &#8222;Karolinka&#8221;, &#8222;Sz\u0142a dzieweczka&#8221;, &#8222;Hej, te nasze g\u00f3ry&#8221; oraz opracowania muzyczne takich ta\u0144c\u00f3w jak: &#8222;Trojak&#8221;, &#8222;Kujawiak-Oberek&#8221; czy &#8222;Polonez-Mazur&#8221;. Oryginalna i b\u0142yskotliwa interpretacja pie\u015bni, ta\u0144c\u00f3w ludowych i narodowych w wykonaniu artyst\u00f3w Zespo\u0142u &#8211; od lat stanowi wizyt\u00f3wk\u0119 Polski na scenach ca\u0142ego \u015bwiata, czyni\u0105c z Zespo\u0142u Ambasadora Polskiej Kultury Narodowej. Program &#8222;A to Polska w\u0142a\u015bnie&#8221; zosta\u0142 \u017cyczliwie przyj\u0119ty w wielu pa\u0144stwach.<\/p>\n\n\n<div class=\"wp-block-image\">\n<figure class=\"aligncenter size-full is-resized\"><img loading=\"lazy\" decoding=\"async\" width=\"211\" height=\"211\" src=\"https:\/\/naszpowiat.info\/wp-content\/uploads\/2024\/05\/Zespol-Slask.jpg\" alt=\"\" class=\"wp-image-6686\" style=\"width:241px;height:auto\" srcset=\"https:\/\/naszpowiat.info\/wp-content\/uploads\/2024\/05\/Zespol-Slask.jpg 211w, https:\/\/naszpowiat.info\/wp-content\/uploads\/2024\/05\/Zespol-Slask-150x150.jpg 150w\" sizes=\"auto, (max-width: 211px) 100vw, 211px\" \/><figcaption class=\"wp-element-caption\">Fot. Zesp\u00f3\u0142 Pie\u015bni i Ta\u0144ca &#8222;\u015al\u0105sk&#8221;<\/figcaption><\/figure>\n<\/div>\n\n\n<p>Istniej\u0105cy od 1953r. jeden z najs\u0142ynniejszych polskich zespo\u0142\u00f3w, przynosz\u0105cy naszemu krajowi splendor i rozs\u0142awiaj\u0105cy rodzim\u0105 kultur\u0119 na ca\u0142ym \u015bwiecie, wyst\u0105pi w MCC Mazurkas Conference Centre &amp; Hotel (ul. Pozna\u0144ska 177). Bilety s\u0105 jeszcze dost\u0119pne.<\/p>\n<div class=\"naszp-po-tresci\" id=\"naszp-3319440058\"><script async src=\"\/\/pagead2.googlesyndication.com\/pagead\/js\/adsbygoogle.js?client=ca-pub-5304901113955943\" crossorigin=\"anonymous\"><\/script><ins class=\"adsbygoogle\" style=\"display:block;\" data-ad-client=\"ca-pub-5304901113955943\" \ndata-ad-slot=\"9226873542\" \ndata-ad-format=\"auto\"><\/ins>\n<script> \n(adsbygoogle = window.adsbygoogle || []).push({}); \n<\/script>\n<\/div>","protected":false},"excerpt":{"rendered":"<p>W \u015brod\u0119 29 maja 2024r. o 18:00 w O\u017carowie Mazowieckim wyst\u0105pi Zesp\u00f3\u0142 Pie\u015bni i Ta\u0144ca &#8222;\u015al\u0105sk&#8221;. Kultowa grupa muzyczna i artystyczna zarazem zaprezentuje program &#8222;A to Polska w\u0142a\u015bnie&#8221;. Ca\u0142okszta\u0142t widowiska stanowi\u0105 ludowe pie\u015bni i ta\u0144ce, charakterystyczne dla poszczeg\u00f3lnych region\u00f3w Polski, wzbogacone choreografiami ta\u0144c\u00f3w narodowych. Najwa\u017cniejsz\u0105 cz\u0119\u015b\u0107 programu stanowi\u0105 kompozycje lub<span class=\"more-link\"><a href=\"https:\/\/naszpowiat.info\/index.php\/2024\/05\/22\/zespol-slask-zawita-do-ozarowie-mazowieckim\/\">Czytaj dalej<\/a><\/span><\/p>\n","protected":false},"author":9,"featured_media":6686,"comment_status":"open","ping_status":"open","sticky":false,"template":"","format":"standard","meta":{"_monsterinsights_skip_tracking":false,"_monsterinsights_sitenote_active":false,"_monsterinsights_sitenote_note":"","_monsterinsights_sitenote_category":0,"footnotes":""},"categories":[30,109],"tags":[207,142,208],"class_list":["entry","author-admin","post-6685","post","type-post","status-publish","format-standard","has-post-thumbnail","category-kultura","category-ozarow-mazowiecki","tag-kultura","tag-ozarow-mazowiecki","tag-wystep"],"aioseo_notices":[],"_links":{"self":[{"href":"https:\/\/naszpowiat.info\/index.php\/wp-json\/wp\/v2\/posts\/6685","targetHints":{"allow":["GET"]}}],"collection":[{"href":"https:\/\/naszpowiat.info\/index.php\/wp-json\/wp\/v2\/posts"}],"about":[{"href":"https:\/\/naszpowiat.info\/index.php\/wp-json\/wp\/v2\/types\/post"}],"author":[{"embeddable":true,"href":"https:\/\/naszpowiat.info\/index.php\/wp-json\/wp\/v2\/users\/9"}],"replies":[{"embeddable":true,"href":"https:\/\/naszpowiat.info\/index.php\/wp-json\/wp\/v2\/comments?post=6685"}],"version-history":[{"count":2,"href":"https:\/\/naszpowiat.info\/index.php\/wp-json\/wp\/v2\/posts\/6685\/revisions"}],"predecessor-version":[{"id":6689,"href":"https:\/\/naszpowiat.info\/index.php\/wp-json\/wp\/v2\/posts\/6685\/revisions\/6689"}],"wp:featuredmedia":[{"embeddable":true,"href":"https:\/\/naszpowiat.info\/index.php\/wp-json\/wp\/v2\/media\/6686"}],"wp:attachment":[{"href":"https:\/\/naszpowiat.info\/index.php\/wp-json\/wp\/v2\/media?parent=6685"}],"wp:term":[{"taxonomy":"category","embeddable":true,"href":"https:\/\/naszpowiat.info\/index.php\/wp-json\/wp\/v2\/categories?post=6685"},{"taxonomy":"post_tag","embeddable":true,"href":"https:\/\/naszpowiat.info\/index.php\/wp-json\/wp\/v2\/tags?post=6685"}],"curies":[{"name":"wp","href":"https:\/\/api.w.org\/{rel}","templated":true}]}}