{"id":6661,"date":"2024-05-15T14:35:38","date_gmt":"2024-05-15T14:35:38","guid":{"rendered":"https:\/\/naszpowiat.info\/?p=6661"},"modified":"2024-05-15T14:37:13","modified_gmt":"2024-05-15T14:37:13","slug":"powiatowa-majowka-2024-w-palacu-w-chrzesnem","status":"publish","type":"post","link":"https:\/\/naszpowiat.info\/index.php\/2024\/05\/15\/powiatowa-majowka-2024-w-palacu-w-chrzesnem\/","title":{"rendered":"Powiatowa Maj\u00f3wka 2024 w Pa\u0142acu w Chrz\u0119snem"},"content":{"rendered":"\n<p><strong>Jedno z najwi\u0119kszych wydarze\u0144 muzycznych w\u00a0 powiecie wo\u0142omi\u0144skim, skupiaj\u0105ce tysi\u0105ce fan\u00f3w, kt\u00f3re odb\u0119dzie si\u0119 25 maja \u00a0o godzinie15:00 w Pa\u0142acu w Chrz\u0119snem przy ul. Pa\u0142acowej 1.<\/strong><\/p>\n\n\n\n<p><strong>Wst\u0119p wolny.<\/strong> Zapraszamy rodziny z dzie\u0107mi, m\u0142odzie\u017c i doros\u0142ych. Takiego wydarzenia nie mo\u017cecie przeoczy\u0107. Wydarzenie poprowadzi nasza lokalna artystka&nbsp; Klaudia Cituk.<\/p>\n\n\n\n<p><br>W programie sceny powiatu wo\u0142omi\u0144skiego:<\/p>\n\n\n\n<ul class=\"wp-block-list\">\n<li>15:30 wyj\u0105tkowo utalentowane cz\u0142onkinie K\u00f3\u0142 Gospody\u0144 Wiejskich<\/li>\n\n\n\n<li>16:00 pokaz iluzji w wykonaniu Franka Jod\u0142owskiego<\/li>\n\n\n\n<li>16:30 koncert Kochaj mnie \u017cycie w wykonaniu Anny Bystro\u0144-Jajkiewicz, Ma\u0142gorzaty Szarek i Marcina Staszka<\/li>\n\n\n\n<li>18:00 <strong>koncert La Violi<\/strong><\/li>\n\n\n\n<li>19:00 <strong>koncert Markusa P<\/strong><\/li>\n\n\n\n<li>20:00 <strong>koncert<\/strong> gwiazdy wieczoru <strong>Darii Marx<\/strong><\/li>\n<\/ul>\n\n\n\n<p>UczestniczkiThe Voice of Poland, kt\u00f3rej utw\u00f3r \u201eLove Blind\u201d, podbi\u0142 polskie listy przeboj\u00f3w, a tak\u017ce dosta\u0142 si\u0119 do streamingowych list m.in. w Brazylii, Norwegii czy Belgii. 8 pa\u017adziernika tego samego roku wyda\u0142a singiel \u201eParanoia\u201d, kt\u00f3ry ju\u017c w pierwszym tygodniu dosta\u0142 si\u0119 do listy AirPlay \u2013 Top. 19 lutego 2022 wyst\u0105pi\u0142a z tym utworem w programie TVP2 Tu bije serce Europy! Wybieramy hit na Eurowizj\u0119! i zaj\u0119\u0142a drugie miejsce. Wiosn\u0105 2023 zaj\u0119\u0142a drugie miejsce w finale 18. edycji programu rozrywkowego Twoja twarz brzmi znajomo w telewizji Polsat.<\/p>\n\n\n\n<p>Na uczestnik\u00f3w wydarzenia b\u0119d\u0105 czeka\u0107 niesamowite i <strong>bezp\u0142atne<\/strong> atrakcje m.in: szczudlarze, dmucha\u0144ce, zje\u017cd\u017calnie, malowanie buziek, brokatowe tatua\u017ce, gry i zabawy dla dzieci, mega ba\u0144ki, fotobudka, bezp\u0142atna wata cukrowa i popcorn<br>Ponadto znajdziecie Pa\u0144stwo barwne i pe\u0142ne najlepszych smak\u00f3w stoiska k\u00f3\u0142 gospody\u0144 wiejskich z ich wyrobami,\u00a0foodtrucki i grill, lody rzemie\u015blnicze.<br><\/p>\n\n\n\n<figure class=\"wp-block-image size-large\"><img loading=\"lazy\" decoding=\"async\" width=\"724\" height=\"1024\" src=\"https:\/\/naszpowiat.info\/wp-content\/uploads\/2024\/05\/Powiatowa-Majowka-724x1024.png\" alt=\"\" class=\"wp-image-6662\" srcset=\"https:\/\/naszpowiat.info\/wp-content\/uploads\/2024\/05\/Powiatowa-Majowka-724x1024.png 724w, https:\/\/naszpowiat.info\/wp-content\/uploads\/2024\/05\/Powiatowa-Majowka-212x300.png 212w, https:\/\/naszpowiat.info\/wp-content\/uploads\/2024\/05\/Powiatowa-Majowka-768x1086.png 768w, https:\/\/naszpowiat.info\/wp-content\/uploads\/2024\/05\/Powiatowa-Majowka-1086x1536.png 1086w, https:\/\/naszpowiat.info\/wp-content\/uploads\/2024\/05\/Powiatowa-Majowka-389x550.png 389w, https:\/\/naszpowiat.info\/wp-content\/uploads\/2024\/05\/Powiatowa-Majowka-354x500.png 354w, https:\/\/naszpowiat.info\/wp-content\/uploads\/2024\/05\/Powiatowa-Majowka.png 1414w\" sizes=\"auto, (max-width: 724px) 100vw, 724px\" \/><\/figure>\n\n\n\n<p>\u0179r\u00f3d\u0142o: informacja prasowa Starostwa Powiatowego w Wo\u0142ominie<\/p>\n<div class=\"naszp-po-tresci\" id=\"naszp-1740475766\"><script async src=\"\/\/pagead2.googlesyndication.com\/pagead\/js\/adsbygoogle.js?client=ca-pub-5304901113955943\" crossorigin=\"anonymous\"><\/script><ins class=\"adsbygoogle\" style=\"display:block;\" data-ad-client=\"ca-pub-5304901113955943\" \ndata-ad-slot=\"9226873542\" \ndata-ad-format=\"auto\"><\/ins>\n<script> \n(adsbygoogle = window.adsbygoogle || []).push({}); \n<\/script>\n<\/div>","protected":false},"excerpt":{"rendered":"<p>Jedno z najwi\u0119kszych wydarze\u0144 muzycznych w\u00a0 powiecie wo\u0142omi\u0144skim, skupiaj\u0105ce tysi\u0105ce fan\u00f3w, kt\u00f3re odb\u0119dzie si\u0119 25 maja \u00a0o godzinie15:00 w Pa\u0142acu w Chrz\u0119snem przy ul. Pa\u0142acowej 1. Wst\u0119p wolny. Zapraszamy rodziny z dzie\u0107mi, m\u0142odzie\u017c i doros\u0142ych. Takiego wydarzenia nie mo\u017cecie przeoczy\u0107. Wydarzenie poprowadzi nasza lokalna artystka&nbsp; Klaudia Cituk. W programie sceny<span class=\"more-link\"><a href=\"https:\/\/naszpowiat.info\/index.php\/2024\/05\/15\/powiatowa-majowka-2024-w-palacu-w-chrzesnem\/\">Czytaj dalej<\/a><\/span><\/p>\n","protected":false},"author":9,"featured_media":6663,"comment_status":"open","ping_status":"open","sticky":false,"template":"","format":"standard","meta":{"_monsterinsights_skip_tracking":false,"_monsterinsights_sitenote_active":false,"_monsterinsights_sitenote_note":"","_monsterinsights_sitenote_category":0,"footnotes":""},"categories":[123,30,40,31,54,59],"tags":[199],"class_list":["entry","author-admin","post-6661","post","type-post","status-publish","format-standard","has-post-thumbnail","category-aktualnosci","category-kultura","category-wolominski","category-powiaty-mazowieckiego","category-tluszcz","category-wydarzenia","tag-chrzesne"],"aioseo_notices":[],"_links":{"self":[{"href":"https:\/\/naszpowiat.info\/index.php\/wp-json\/wp\/v2\/posts\/6661","targetHints":{"allow":["GET"]}}],"collection":[{"href":"https:\/\/naszpowiat.info\/index.php\/wp-json\/wp\/v2\/posts"}],"about":[{"href":"https:\/\/naszpowiat.info\/index.php\/wp-json\/wp\/v2\/types\/post"}],"author":[{"embeddable":true,"href":"https:\/\/naszpowiat.info\/index.php\/wp-json\/wp\/v2\/users\/9"}],"replies":[{"embeddable":true,"href":"https:\/\/naszpowiat.info\/index.php\/wp-json\/wp\/v2\/comments?post=6661"}],"version-history":[{"count":1,"href":"https:\/\/naszpowiat.info\/index.php\/wp-json\/wp\/v2\/posts\/6661\/revisions"}],"predecessor-version":[{"id":6664,"href":"https:\/\/naszpowiat.info\/index.php\/wp-json\/wp\/v2\/posts\/6661\/revisions\/6664"}],"wp:featuredmedia":[{"embeddable":true,"href":"https:\/\/naszpowiat.info\/index.php\/wp-json\/wp\/v2\/media\/6663"}],"wp:attachment":[{"href":"https:\/\/naszpowiat.info\/index.php\/wp-json\/wp\/v2\/media?parent=6661"}],"wp:term":[{"taxonomy":"category","embeddable":true,"href":"https:\/\/naszpowiat.info\/index.php\/wp-json\/wp\/v2\/categories?post=6661"},{"taxonomy":"post_tag","embeddable":true,"href":"https:\/\/naszpowiat.info\/index.php\/wp-json\/wp\/v2\/tags?post=6661"}],"curies":[{"name":"wp","href":"https:\/\/api.w.org\/{rel}","templated":true}]}}