{"id":6635,"date":"2024-05-08T10:25:58","date_gmt":"2024-05-08T10:25:58","guid":{"rendered":"https:\/\/naszpowiat.info\/?p=6635"},"modified":"2024-05-08T10:25:59","modified_gmt":"2024-05-08T10:25:59","slug":"i-sesja-rady-powiatu-wolominskiego","status":"publish","type":"post","link":"https:\/\/naszpowiat.info\/index.php\/2024\/05\/08\/i-sesja-rady-powiatu-wolominskiego\/","title":{"rendered":"I Sesja Rady Powiatu Wo\u0142omi\u0144skiego"},"content":{"rendered":"\n<p><strong>We wtorek 7 maja odby\u0142o si\u0119 pierwsze posiedzenie Rady Powiatu Wo\u0142omi\u0144skiego kadencji 2024-2029. I Sesj\u0119 zgodnie z obowi\u0105zuj\u0105cymi przepisami prawa zwo\u0142a\u0142 Komisarz Wyborczy w Warszawie III.<\/strong><\/p>\n\n\n\n<p>Posiedzenie Rady Powiatu otworzy\u0142 Radny Senior Kazimierz Rakowski. Nowi radni z\u0142o\u017cyli \u015blubowanie<br>i po wyborze komisji skrutacyjnej przyst\u0105pili do wyboru Przewodnicz\u0105cego oraz Wiceprzewodnicz\u0105cych Rady. Przewodnicz\u0105c\u0105 Rady Powiatu Wo\u0142omi\u0144skiego w Kadencji 2024-2029 zosta\u0142a wieloletnia Radna reprezentuj\u0105ca gminy Jad\u00f3w, Strach\u00f3wka i T\u0142uszcz Pani Magdalena Suchenek, a Wiceprzewodnicz\u0105cymi Rady Pani Karina Ja\u017awi\u0144ska oraz Pani Olga Radwan.<\/p>\n\n\n\n<p>&#8211; Dzi\u0119kuj\u0119 Pa\u0144stwu za zaufanie. Chcia\u0142abym, aby\u015bmy wszyscy pracowali dla dobra naszego powiatu. Chcia\u0142abym, aby naszym nadrz\u0119dnym celem by\u0142o dobro naszych mieszka\u0144c\u00f3w \u2013 powiedzia\u0142a bezpo\u015brednio po wyborze nowa Przewodnicz\u0105ca Magdalena Suchenek.<\/p>\n\n\n\n<figure class=\"wp-block-image size-large\"><img loading=\"lazy\" decoding=\"async\" width=\"1024\" height=\"683\" src=\"https:\/\/naszpowiat.info\/wp-content\/uploads\/2024\/05\/DSC_0473_4-1024x683.jpg\" alt=\"\" class=\"wp-image-6639\" srcset=\"https:\/\/naszpowiat.info\/wp-content\/uploads\/2024\/05\/DSC_0473_4-1024x683.jpg 1024w, https:\/\/naszpowiat.info\/wp-content\/uploads\/2024\/05\/DSC_0473_4-300x200.jpg 300w, https:\/\/naszpowiat.info\/wp-content\/uploads\/2024\/05\/DSC_0473_4-768x512.jpg 768w, https:\/\/naszpowiat.info\/wp-content\/uploads\/2024\/05\/DSC_0473_4-1536x1024.jpg 1536w, https:\/\/naszpowiat.info\/wp-content\/uploads\/2024\/05\/DSC_0473_4-465x310.jpg 465w, https:\/\/naszpowiat.info\/wp-content\/uploads\/2024\/05\/DSC_0473_4-695x463.jpg 695w, https:\/\/naszpowiat.info\/wp-content\/uploads\/2024\/05\/DSC_0473_4.jpg 1620w\" sizes=\"auto, (max-width: 1024px) 100vw, 1024px\" \/><figcaption class=\"wp-element-caption\">Foto: Starostwa Powiatowe w Wo\u0142ominie\u00a0<\/figcaption><\/figure>\n\n\n\n<p>Nast\u0119pnie Rada Powiatu dokona\u0142a wyboru Starosty, Wicestarosty oraz cz\u0142onk\u00f3w Zarz\u0105du Powiatu. Nowym Starost\u0105 Wo\u0142omi\u0144skim wybrany zosta\u0142 Pan Arkadiusz Werelich \u2013 wieloletni Radny Powiatu<br>z okr\u0119gu obejmuj\u0105cego Miasto Marki. Starosta zawodowo zwi\u0105zany by\u0142 z samorz\u0105dem warszawskim, gdzie pracowa\u0142 na stanowiskach kierowniczych w obszarach obejmuj\u0105cych m.in. kultur\u0119 i sport. Wicestarost\u0105 zosta\u0142a Pani Katarzyna Pazio \u2013 Radna Powiatu z Gminy Wo\u0142omin i wieloletnia pracownik Starostwa Powiatowego w Wo\u0142ominie. W sk\u0142ad Zarz\u0105du Powiatu jako cz\u0142onkowie wejd\u0105 r\u00f3wnie\u017c radni Marta Rajchert, Robert Roguski i Tomasz Kalata.<\/p>\n\n\n\n<figure class=\"wp-block-image size-large\"><img loading=\"lazy\" decoding=\"async\" width=\"1024\" height=\"761\" src=\"https:\/\/naszpowiat.info\/wp-content\/uploads\/2024\/05\/DSC_0622_2-1024x761.jpg\" alt=\"\" class=\"wp-image-6640\" srcset=\"https:\/\/naszpowiat.info\/wp-content\/uploads\/2024\/05\/DSC_0622_2-1024x761.jpg 1024w, https:\/\/naszpowiat.info\/wp-content\/uploads\/2024\/05\/DSC_0622_2-300x223.jpg 300w, https:\/\/naszpowiat.info\/wp-content\/uploads\/2024\/05\/DSC_0622_2-768x570.jpg 768w, https:\/\/naszpowiat.info\/wp-content\/uploads\/2024\/05\/DSC_0622_2-465x345.jpg 465w, https:\/\/naszpowiat.info\/wp-content\/uploads\/2024\/05\/DSC_0622_2-673x500.jpg 673w, https:\/\/naszpowiat.info\/wp-content\/uploads\/2024\/05\/DSC_0622_2.jpg 1256w\" sizes=\"auto, (max-width: 1024px) 100vw, 1024px\" \/><figcaption class=\"wp-element-caption\">Foto: Starostwa Powiatowe w Wo\u0142ominie\u00a0<\/figcaption><\/figure>\n\n\n\n<p>&#8211; Jako Starosta b\u0119d\u0119 zawsze d\u0105\u017cy\u0142 do znalezienia najlepszych rozwi\u0105za\u0144, a dialog i rozmowa b\u0119d\u0105 podstaw\u0105 mojej dzia\u0142alno\u015bci. Starosta jak i Zarz\u0105d Powiatu musz\u0105 by\u0107 dost\u0119pni dla mieszka\u0144c\u00f3w, w\u00f3jt\u00f3w i burmistrz\u00f3w oraz pracownik\u00f3w Starostwa, dlatego potrzebne jest zaanga\u017cowanie ca\u0142ego Zarz\u0105du, aby sprosta\u0107 tym nie\u0142atwym wyzwaniom &#8211; powiedzia\u0142 Starosta Arkadiusz Werelich<br>w pierwszym przem\u00f3wieniu po wyborze na urz\u0105d.<\/p>\n\n\n\n<p>Ust\u0119puj\u0105cy Starosta Adam Lubiak w imieniu swoim oraz cz\u0142onk\u00f3w zarz\u0105du kadencji 2018-2024 pogratulowa\u0142 wyboru nowym w\u0142adzom Powiatu i \u017cyczy\u0142 wszelkiej pomy\u015blno\u015bci w pracy na rzecz Powiatu Wo\u0142omi\u0144skiego oraz poprawy jako\u015bci \u017cycia mieszka\u0144c\u00f3w.<\/p>\n\n\n\n<figure class=\"wp-block-image size-large\"><img loading=\"lazy\" decoding=\"async\" width=\"1024\" height=\"683\" src=\"https:\/\/naszpowiat.info\/wp-content\/uploads\/2024\/05\/DSC_0614_1-1024x683.jpg\" alt=\"\" class=\"wp-image-6641\" srcset=\"https:\/\/naszpowiat.info\/wp-content\/uploads\/2024\/05\/DSC_0614_1-1024x683.jpg 1024w, https:\/\/naszpowiat.info\/wp-content\/uploads\/2024\/05\/DSC_0614_1-300x200.jpg 300w, https:\/\/naszpowiat.info\/wp-content\/uploads\/2024\/05\/DSC_0614_1-768x512.jpg 768w, https:\/\/naszpowiat.info\/wp-content\/uploads\/2024\/05\/DSC_0614_1-1536x1024.jpg 1536w, https:\/\/naszpowiat.info\/wp-content\/uploads\/2024\/05\/DSC_0614_1-465x310.jpg 465w, https:\/\/naszpowiat.info\/wp-content\/uploads\/2024\/05\/DSC_0614_1-695x463.jpg 695w, https:\/\/naszpowiat.info\/wp-content\/uploads\/2024\/05\/DSC_0614_1.jpg 1620w\" sizes=\"auto, (max-width: 1024px) 100vw, 1024px\" \/><figcaption class=\"wp-element-caption\">Foto: Starostwa Powiatowe w Wo\u0142ominie\u00a0<\/figcaption><\/figure>\n\n\n\n<p>Sk\u0142ad Rady Powiatu Kadencji 2024-2029<\/p>\n\n\n\n<ul class=\"wp-block-list\">\n<li>Banaszek Pawe\u0142<\/li>\n\n\n\n<li>Bieniek Anna<\/li>\n\n\n\n<li>Borczy\u0144ski Piotr<\/li>\n\n\n\n<li>D\u0105browski Pawe\u0142<\/li>\n\n\n\n<li>Dec Rados\u0142aw<\/li>\n\n\n\n<li>Dziewi\u0105tkowska Izabella<\/li>\n\n\n\n<li>Ja\u017awi\u0144ska Karina<\/li>\n\n\n\n<li>Kalata Tomasz<\/li>\n\n\n\n<li>Klocek S\u0142awomir<\/li>\n\n\n\n<li>Lubiak Adam<\/li>\n\n\n\n<li>\u0141ossan Jaros\u0142aw<\/li>\n\n\n\n<li>Madziar Jolanta<\/li>\n\n\n\n<li>Michalak Ewa<\/li>\n\n\n\n<li>Mlonek Adrian<\/li>\n\n\n\n<li>Pazio Katarzyna<\/li>\n\n\n\n<li>Pietrzak Adam<\/li>\n\n\n\n<li>Radwan Olga<\/li>\n\n\n\n<li>Rajchert Marta<\/li>\n\n\n\n<li>Rakowski Kazimierz<\/li>\n\n\n\n<li>Roguski Robert<\/li>\n\n\n\n<li>Rosa Ewa<\/li>\n\n\n\n<li>Rypczy\u0144ska Monika<\/li>\n\n\n\n<li>Siwek Grzegorz<\/li>\n\n\n\n<li>Suchenek Magdalena<\/li>\n\n\n\n<li>Szydlik Robert<\/li>\n\n\n\n<li>U\u015bci\u0144ski \u0141ukasz<\/li>\n\n\n\n<li>Werelich Arkadiusz<\/li>\n\n\n\n<li>Wnuk Cezary<\/li>\n\n\n\n<li>Wyszy\u0144ski Piotr<\/li>\n<\/ul>\n\n\n\n<p>\u0179r\u00f3d\u0142o: informacja prasowa Starostwa Powiatowego w Wo\u0142ominie\u00a0\u00a0\u00a0\u00a0\u00a0\u00a0\u00a0\u00a0\u00a0\u00a0\u00a0\u00a0\u00a0\u00a0\u00a0\u00a0<\/p>\n<div class=\"naszp-po-tresci\" id=\"naszp-4264045041\"><script async src=\"\/\/pagead2.googlesyndication.com\/pagead\/js\/adsbygoogle.js?client=ca-pub-5304901113955943\" crossorigin=\"anonymous\"><\/script><ins class=\"adsbygoogle\" style=\"display:block;\" data-ad-client=\"ca-pub-5304901113955943\" \ndata-ad-slot=\"9226873542\" \ndata-ad-format=\"auto\"><\/ins>\n<script> \n(adsbygoogle = window.adsbygoogle || []).push({}); \n<\/script>\n<\/div>","protected":false},"excerpt":{"rendered":"<p>We wtorek 7 maja odby\u0142o si\u0119 pierwsze posiedzenie Rady Powiatu Wo\u0142omi\u0144skiego kadencji 2024-2029. I Sesj\u0119 zgodnie z obowi\u0105zuj\u0105cymi przepisami prawa zwo\u0142a\u0142 Komisarz Wyborczy w Warszawie III. Posiedzenie Rady Powiatu otworzy\u0142 Radny Senior Kazimierz Rakowski. Nowi radni z\u0142o\u017cyli \u015blubowaniei po wyborze komisji skrutacyjnej przyst\u0105pili do wyboru Przewodnicz\u0105cego oraz Wiceprzewodnicz\u0105cych Rady. Przewodnicz\u0105c\u0105<span class=\"more-link\"><a href=\"https:\/\/naszpowiat.info\/index.php\/2024\/05\/08\/i-sesja-rady-powiatu-wolominskiego\/\">Czytaj dalej<\/a><\/span><\/p>\n","protected":false},"author":9,"featured_media":6636,"comment_status":"open","ping_status":"open","sticky":false,"template":"","format":"standard","meta":{"_monsterinsights_skip_tracking":false,"_monsterinsights_sitenote_active":false,"_monsterinsights_sitenote_note":"","_monsterinsights_sitenote_category":0,"footnotes":""},"categories":[123,40,31,187],"tags":[],"class_list":["entry","author-admin","post-6635","post","type-post","status-publish","format-standard","has-post-thumbnail","category-aktualnosci","category-wolominski","category-powiaty-mazowieckiego","category-samorzad"],"aioseo_notices":[],"_links":{"self":[{"href":"https:\/\/naszpowiat.info\/index.php\/wp-json\/wp\/v2\/posts\/6635","targetHints":{"allow":["GET"]}}],"collection":[{"href":"https:\/\/naszpowiat.info\/index.php\/wp-json\/wp\/v2\/posts"}],"about":[{"href":"https:\/\/naszpowiat.info\/index.php\/wp-json\/wp\/v2\/types\/post"}],"author":[{"embeddable":true,"href":"https:\/\/naszpowiat.info\/index.php\/wp-json\/wp\/v2\/users\/9"}],"replies":[{"embeddable":true,"href":"https:\/\/naszpowiat.info\/index.php\/wp-json\/wp\/v2\/comments?post=6635"}],"version-history":[{"count":2,"href":"https:\/\/naszpowiat.info\/index.php\/wp-json\/wp\/v2\/posts\/6635\/revisions"}],"predecessor-version":[{"id":6642,"href":"https:\/\/naszpowiat.info\/index.php\/wp-json\/wp\/v2\/posts\/6635\/revisions\/6642"}],"wp:featuredmedia":[{"embeddable":true,"href":"https:\/\/naszpowiat.info\/index.php\/wp-json\/wp\/v2\/media\/6636"}],"wp:attachment":[{"href":"https:\/\/naszpowiat.info\/index.php\/wp-json\/wp\/v2\/media?parent=6635"}],"wp:term":[{"taxonomy":"category","embeddable":true,"href":"https:\/\/naszpowiat.info\/index.php\/wp-json\/wp\/v2\/categories?post=6635"},{"taxonomy":"post_tag","embeddable":true,"href":"https:\/\/naszpowiat.info\/index.php\/wp-json\/wp\/v2\/tags?post=6635"}],"curies":[{"name":"wp","href":"https:\/\/api.w.org\/{rel}","templated":true}]}}