{"id":6328,"date":"2024-02-28T07:21:05","date_gmt":"2024-02-28T07:21:05","guid":{"rendered":"https:\/\/naszpowiat.info\/?p=6328"},"modified":"2024-03-01T08:10:03","modified_gmt":"2024-03-01T08:10:03","slug":"medal-okolicznosciowy-zasluzony-dla-powiatu-pruszkowskiego","status":"publish","type":"post","link":"https:\/\/naszpowiat.info\/index.php\/2024\/02\/28\/medal-okolicznosciowy-zasluzony-dla-powiatu-pruszkowskiego\/","title":{"rendered":"Medal Okoliczno\u015bciowy \u201eZas\u0142u\u017cony dla Powiatu Pruszkowskiego\u201d"},"content":{"rendered":"\n<p>&#8222;Zarz\u0105d i Rada Powiatu Pruszkowskiego, dostrzegaj\u0105c nieocenione dzia\u0142ania wielu os\u00f3b i organizacji na rzecz rozwoju lokalnej spo\u0142eczno\u015bci, pragnie doceni\u0107 ten wysi\u0142ek poprzez przyznanie Medalu Okoliczno\u015bciowego \u00bbZas\u0142u\u017cony dla Powiatu Pruszkowskiego\u00ab. Jest to wyraz ogromnego uznania dla os\u00f3b i organizacji, kt\u00f3re kszta\u0142tuj\u0105 pozytywny wizerunek powiatu pruszkowskiego&#8221; &#8211; informuje Starostwo Powiatowe w Pruszkowie.<\/p>\n\n\n\n<p>Wnioski o przyznanie Medalu mo\u017cna sk\u0142ada\u0107 do 31 marca 2024 r. w kancelarii Starostwa Powiatowego w Pruszkowie, przy ul. Drzyma\u0142y 30 (parter) w godzinach pracy urz\u0119du lub poprzez platform\u0119 ePUAP.\u00a0<\/p>\n\n\n\n<p>\u0179r\u00f3d\u0142o: informacja prasowa Starostwa Powiatowego w Pruszkowie<\/p>\n\n\n\n<figure class=\"wp-block-image size-large\"><img loading=\"lazy\" decoding=\"async\" width=\"724\" height=\"1024\" src=\"https:\/\/naszpowiat.info\/wp-content\/uploads\/2024\/02\/plakat-zasluzony-724x1024.png\" alt=\"\" class=\"wp-image-6331\" srcset=\"https:\/\/naszpowiat.info\/wp-content\/uploads\/2024\/02\/plakat-zasluzony-724x1024.png 724w, https:\/\/naszpowiat.info\/wp-content\/uploads\/2024\/02\/plakat-zasluzony-212x300.png 212w, https:\/\/naszpowiat.info\/wp-content\/uploads\/2024\/02\/plakat-zasluzony-768x1086.png 768w, https:\/\/naszpowiat.info\/wp-content\/uploads\/2024\/02\/plakat-zasluzony-1086x1536.png 1086w, https:\/\/naszpowiat.info\/wp-content\/uploads\/2024\/02\/plakat-zasluzony-1448x2048.png 1448w, https:\/\/naszpowiat.info\/wp-content\/uploads\/2024\/02\/plakat-zasluzony-389x550.png 389w, https:\/\/naszpowiat.info\/wp-content\/uploads\/2024\/02\/plakat-zasluzony-354x500.png 354w\" sizes=\"auto, (max-width: 724px) 100vw, 724px\" \/><\/figure>\n<div class=\"naszp-po-tresci\" id=\"naszp-840558853\"><script async src=\"\/\/pagead2.googlesyndication.com\/pagead\/js\/adsbygoogle.js?client=ca-pub-5304901113955943\" crossorigin=\"anonymous\"><\/script><ins class=\"adsbygoogle\" style=\"display:block;\" data-ad-client=\"ca-pub-5304901113955943\" \ndata-ad-slot=\"9226873542\" \ndata-ad-format=\"auto\"><\/ins>\n<script> \n(adsbygoogle = window.adsbygoogle || []).push({}); \n<\/script>\n<\/div>","protected":false},"excerpt":{"rendered":"<p>&#8222;Zarz\u0105d i Rada Powiatu Pruszkowskiego, dostrzegaj\u0105c nieocenione dzia\u0142ania wielu os\u00f3b i organizacji na rzecz rozwoju lokalnej spo\u0142eczno\u015bci, pragnie doceni\u0107 ten wysi\u0142ek poprzez przyznanie Medalu Okoliczno\u015bciowego \u00bbZas\u0142u\u017cony dla Powiatu Pruszkowskiego\u00ab. Jest to wyraz ogromnego uznania dla os\u00f3b i organizacji, kt\u00f3re kszta\u0142tuj\u0105 pozytywny wizerunek powiatu pruszkowskiego&#8221; &#8211; informuje Starostwo Powiatowe w Pruszkowie.<span class=\"more-link\"><a href=\"https:\/\/naszpowiat.info\/index.php\/2024\/02\/28\/medal-okolicznosciowy-zasluzony-dla-powiatu-pruszkowskiego\/\">Czytaj dalej<\/a><\/span><\/p>\n","protected":false},"author":9,"featured_media":6329,"comment_status":"open","ping_status":"open","sticky":false,"template":"","format":"standard","meta":{"_monsterinsights_skip_tracking":false,"_monsterinsights_sitenote_active":false,"_monsterinsights_sitenote_note":"","_monsterinsights_sitenote_category":0,"footnotes":""},"categories":[123,30,38],"tags":[141],"class_list":["entry","author-admin","post-6328","post","type-post","status-publish","format-standard","has-post-thumbnail","category-aktualnosci","category-kultura","category-pruszkowski","tag-pruszkow"],"aioseo_notices":[],"_links":{"self":[{"href":"https:\/\/naszpowiat.info\/index.php\/wp-json\/wp\/v2\/posts\/6328","targetHints":{"allow":["GET"]}}],"collection":[{"href":"https:\/\/naszpowiat.info\/index.php\/wp-json\/wp\/v2\/posts"}],"about":[{"href":"https:\/\/naszpowiat.info\/index.php\/wp-json\/wp\/v2\/types\/post"}],"author":[{"embeddable":true,"href":"https:\/\/naszpowiat.info\/index.php\/wp-json\/wp\/v2\/users\/9"}],"replies":[{"embeddable":true,"href":"https:\/\/naszpowiat.info\/index.php\/wp-json\/wp\/v2\/comments?post=6328"}],"version-history":[{"count":2,"href":"https:\/\/naszpowiat.info\/index.php\/wp-json\/wp\/v2\/posts\/6328\/revisions"}],"predecessor-version":[{"id":6332,"href":"https:\/\/naszpowiat.info\/index.php\/wp-json\/wp\/v2\/posts\/6328\/revisions\/6332"}],"wp:featuredmedia":[{"embeddable":true,"href":"https:\/\/naszpowiat.info\/index.php\/wp-json\/wp\/v2\/media\/6329"}],"wp:attachment":[{"href":"https:\/\/naszpowiat.info\/index.php\/wp-json\/wp\/v2\/media?parent=6328"}],"wp:term":[{"taxonomy":"category","embeddable":true,"href":"https:\/\/naszpowiat.info\/index.php\/wp-json\/wp\/v2\/categories?post=6328"},{"taxonomy":"post_tag","embeddable":true,"href":"https:\/\/naszpowiat.info\/index.php\/wp-json\/wp\/v2\/tags?post=6328"}],"curies":[{"name":"wp","href":"https:\/\/api.w.org\/{rel}","templated":true}]}}