{"id":6182,"date":"2024-01-30T15:18:44","date_gmt":"2024-01-30T15:18:44","guid":{"rendered":"https:\/\/naszpowiat.info\/?p=6182"},"modified":"2024-02-01T13:48:14","modified_gmt":"2024-02-01T13:48:14","slug":"poczatek-remontu-dw-634-na-odcinku-zielonka-wolomin","status":"publish","type":"post","link":"https:\/\/naszpowiat.info\/index.php\/2024\/01\/30\/poczatek-remontu-dw-634-na-odcinku-zielonka-wolomin\/","title":{"rendered":"Pocz\u0105tek remontu DW 634 na odcinku Zielonka \u2013 Wo\u0142omin"},"content":{"rendered":"\n<p><strong>31 stycznia zostanie wprowadzona zmiana organizacji ruchu na DW 634 od ul. Orl\u0105t Lwowskich do ul. Nadarzyn (w Koby\u0142ce). Utrudnienia w ruchu s\u0105 zwi\u0105zane z rozpocz\u0119ciem inwestycji, realizowanej przez Mazowiecki Zarz\u0105d Dr\u00f3g Wojew\u00f3dzkich w Warszawie. Prace b\u0119d\u0105 prowadzone etapami i maj\u0105 trwa\u0107 do ko\u0144ca 2025 roku.<\/strong><\/p>\n\n\n\n<p>\u201eRealizacja b\u0119dzie wi\u0105za\u0107 si\u0119 z czasowymi niedogodno\u015bciami dla lokalnych mieszka\u0144c\u00f3w. Budowa stanowi spore wyzwanie dla wszystkich uczestnik\u00f3w procesu inwestycyjnego przede wszystkim z uwagi na istnienie znacznej ilo\u015bci sieci uzbrojenia podziemnego, kt\u00f3re jest r\u00f3wnie\u017c do przebudowania\u201d \u2013 informuje MZDW Warszawa.<\/p>\n\n\n\n<p>Prace b\u0119d\u0105 realizowane etapami, przy czym ka\u017cdy etap b\u0119dzie wymaga\u0142 ca\u0142kowitego zamkni\u0119cia ruchu. Podczas planowania uwzgl\u0119dniono konieczno\u015b\u0107 zapewnienia lokalnym mieszka\u0144com dost\u0119pu do ich dom\u00f3w.<\/p>\n\n\n\n<p><strong>Droga Wojew\u00f3dzka nr 634 na odcinku Zielonka \u2013 Wo\u0142omin b\u0119dzie zamykana zgodnie z harmonogramem:<\/strong><\/p>\n\n\n\n<figure class=\"wp-block-table\"><table><tbody><tr><td>ETAPY<\/td><td>ODCINKI<\/td><td>Planowane rozpocz\u0119cie prac<\/td><td>Planowane zako\u0144czenie prac<\/td><\/tr><tr><td>Etap 1<\/td><td>Od ul. Orl\u0105t Lwowskich do ul. Nadarzyn (w Koby\u0142ce)<\/td><td>31.01.24 (\u015br)<\/td><td>28.06.24 (pt)<\/td><\/tr><tr><td>Etap 2<\/td><td>Od ul. Nadarzyn do ul. R\u0119czajska (w Koby\u0142ce)<\/td><td>02.12.24 (pon)<\/td><td>31.12.25 (\u015br)<\/td><\/tr><tr><td>Etap 3<\/td><td>Ul. R\u0119czajska (w Koby\u0142ce) do ul. Legion\u00f3w (w Wo\u0142ominie)<\/td><td>19.02.24 (pon)<\/td><td>29.11.24 (pt)<\/td><\/tr><tr><td>Etap 4<\/td><td>Ul. Legion\u00f3w do ul. Reja (w Wo\u0142ominie)<\/td><td>02.12.24 (pon)<\/td><td>31.12.25 (\u015br)<\/td><\/tr><tr><td>Etap 5<\/td><td>Ul. Reja do al. Niepodleg\u0142o\u015bci (w Wo\u0142ominie)<\/td><td>19.02.24 (pon)<\/td><td>29.11.24 (pt)<\/td><\/tr><tr><td>Etap 6<\/td><td>al. Niepodleg\u0142o\u015bci do ul. Lipi\u0144ska (w Wo\u0142ominie)<\/td><td>02.12.24 (pon)<\/td><td>31.12.25 (\u015br)<\/td><\/tr><\/tbody><\/table><\/figure>\n\n\n\n<p><strong>Objazdy na ca\u0142y okres rob\u00f3t:<\/strong><\/p>\n\n\n\n<ul class=\"wp-block-list\">\n<li>Dla samochod\u00f3w do 30t drog\u0105 631 ul. Pi\u0142sudskiego (przez most w Zielonce) dalej tras\u0105 S8 i drog\u0105 nr 635 na Wo\u0142omin.<\/li>\n\n\n\n<li>Dla samochod\u00f3w powy\u017cej 30t objazd DW 634 w Z\u0105bkach (ul. Ks. Skorupki) do DW 629 (ul. Radzymi\u0144ska) dalej tras\u0105 S8 i drog\u0105 nr 635 na Wo\u0142omin.<\/li>\n\n\n\n<li>Droga 634 b\u0119dzie dost\u0119pna dla samochod\u00f3w poni\u017cej 3,5t z wy\u0142\u0105czeniem realizowanych etap\u00f3w.<\/li>\n<\/ul>\n\n\n\n<p>\u0179r\u00f3d\u0142o: Mazowiecki Zarz\u0105d Dr\u00f3g Wojew\u00f3dzkich w Warszawie<\/p>\n\n\n\n<figure class=\"wp-block-image size-full is-resized\"><img loading=\"lazy\" decoding=\"async\" width=\"666\" height=\"477\" src=\"https:\/\/naszpowiat.info\/wp-content\/uploads\/2024\/01\/image-6.png\" alt=\"\" class=\"wp-image-6187\" style=\"width:876px;height:auto\" srcset=\"https:\/\/naszpowiat.info\/wp-content\/uploads\/2024\/01\/image-6.png 666w, https:\/\/naszpowiat.info\/wp-content\/uploads\/2024\/01\/image-6-300x215.png 300w, https:\/\/naszpowiat.info\/wp-content\/uploads\/2024\/01\/image-6-465x333.png 465w\" sizes=\"auto, (max-width: 666px) 100vw, 666px\" \/><\/figure>\n<div class=\"naszp-po-tresci\" id=\"naszp-3487746977\"><script async src=\"\/\/pagead2.googlesyndication.com\/pagead\/js\/adsbygoogle.js?client=ca-pub-5304901113955943\" crossorigin=\"anonymous\"><\/script><ins class=\"adsbygoogle\" style=\"display:block;\" data-ad-client=\"ca-pub-5304901113955943\" \ndata-ad-slot=\"9226873542\" \ndata-ad-format=\"auto\"><\/ins>\n<script> \n(adsbygoogle = window.adsbygoogle || []).push({}); \n<\/script>\n<\/div>","protected":false},"excerpt":{"rendered":"<p>31 stycznia zostanie wprowadzona zmiana organizacji ruchu na DW 634 od ul. Orl\u0105t Lwowskich do ul. Nadarzyn (w Koby\u0142ce). Utrudnienia w ruchu s\u0105 zwi\u0105zane z rozpocz\u0119ciem inwestycji, realizowanej przez Mazowiecki Zarz\u0105d Dr\u00f3g Wojew\u00f3dzkich w Warszawie. Prace b\u0119d\u0105 prowadzone etapami i maj\u0105 trwa\u0107 do ko\u0144ca 2025 roku. \u201eRealizacja b\u0119dzie wi\u0105za\u0107 si\u0119<span class=\"more-link\"><a href=\"https:\/\/naszpowiat.info\/index.php\/2024\/01\/30\/poczatek-remontu-dw-634-na-odcinku-zielonka-wolomin\/\">Czytaj dalej<\/a><\/span><\/p>\n","protected":false},"author":9,"featured_media":6186,"comment_status":"open","ping_status":"open","sticky":false,"template":"","format":"standard","meta":{"_monsterinsights_skip_tracking":false,"_monsterinsights_sitenote_active":false,"_monsterinsights_sitenote_note":"","_monsterinsights_sitenote_category":0,"footnotes":""},"categories":[123,183,152,40],"tags":[125],"class_list":["entry","author-admin","post-6182","post","type-post","status-publish","format-standard","has-post-thumbnail","category-aktualnosci","category-infrastruktura","category-komunikacja","category-wolominski","tag-powiat-wolominski"],"aioseo_notices":[],"_links":{"self":[{"href":"https:\/\/naszpowiat.info\/index.php\/wp-json\/wp\/v2\/posts\/6182","targetHints":{"allow":["GET"]}}],"collection":[{"href":"https:\/\/naszpowiat.info\/index.php\/wp-json\/wp\/v2\/posts"}],"about":[{"href":"https:\/\/naszpowiat.info\/index.php\/wp-json\/wp\/v2\/types\/post"}],"author":[{"embeddable":true,"href":"https:\/\/naszpowiat.info\/index.php\/wp-json\/wp\/v2\/users\/9"}],"replies":[{"embeddable":true,"href":"https:\/\/naszpowiat.info\/index.php\/wp-json\/wp\/v2\/comments?post=6182"}],"version-history":[{"count":11,"href":"https:\/\/naszpowiat.info\/index.php\/wp-json\/wp\/v2\/posts\/6182\/revisions"}],"predecessor-version":[{"id":6202,"href":"https:\/\/naszpowiat.info\/index.php\/wp-json\/wp\/v2\/posts\/6182\/revisions\/6202"}],"wp:featuredmedia":[{"embeddable":true,"href":"https:\/\/naszpowiat.info\/index.php\/wp-json\/wp\/v2\/media\/6186"}],"wp:attachment":[{"href":"https:\/\/naszpowiat.info\/index.php\/wp-json\/wp\/v2\/media?parent=6182"}],"wp:term":[{"taxonomy":"category","embeddable":true,"href":"https:\/\/naszpowiat.info\/index.php\/wp-json\/wp\/v2\/categories?post=6182"},{"taxonomy":"post_tag","embeddable":true,"href":"https:\/\/naszpowiat.info\/index.php\/wp-json\/wp\/v2\/tags?post=6182"}],"curies":[{"name":"wp","href":"https:\/\/api.w.org\/{rel}","templated":true}]}}