{"id":6092,"date":"2024-01-23T15:01:29","date_gmt":"2024-01-23T15:01:29","guid":{"rendered":"https:\/\/naszpowiat.info\/?p=6092"},"modified":"2024-02-01T13:47:34","modified_gmt":"2024-02-01T13:47:34","slug":"zloze-wod-geotermalnych-pod-otwockiem-rozpoczely-sie-probne-pompowania","status":"publish","type":"post","link":"https:\/\/naszpowiat.info\/index.php\/2024\/01\/23\/zloze-wod-geotermalnych-pod-otwockiem-rozpoczely-sie-probne-pompowania\/","title":{"rendered":"Z\u0142o\u017ce w\u00f3d geotermalnych pod Otwockiem. Rozpocz\u0119\u0142y si\u0119 pr\u00f3bne pompowania"},"content":{"rendered":"\n<p><strong>Od pa\u017adziernika zesz\u0142ego roku w Otwocku trwaj\u0105 prace zwi\u0105zane z wykonaniem odwiertu geotermalnego. W ich trakcie natrafiono na wody podziemne o podwy\u017cszonej temperaturze w warstwie piaskowc\u00f3w Jury Dolnej. Woda z odwiertu b\u0119dzie badana zar\u00f3wno pod k\u0105tem mineralizacji, jak i temperatury. Wieloletnie badania i analizy wykazuj\u0105, \u017ce Polska posiada istotny potencja\u0142 geotermalny.<\/strong><\/p>\n\n\n\n<blockquote class=\"wp-block-quote is-layout-flow wp-block-quote-is-layout-flow\">\n<p><em>&#8211; 19 stycznia 2024 r. to data, na kt\u00f3r\u0105 od d\u0142u\u017cszego czasu czekali\u015bmy. W\u0142a\u015bnie zacz\u0119\u0142o si\u0119 wydobywanie w\u00f3d geotermalnych spod Otwocka, z g\u0142\u0119boko\u015bci przesz\u0142o p\u00f3\u0142tora kilometra. Para wodna, kt\u00f3ra si\u0119 unosi, to jest oznaka, \u017ce mamy temperatury. W najbli\u017cszych dniach poznamy dok\u0142adnie, ile one wynosz\u0105. Rokowania s\u0105 \u015bwietne<\/em> <em>r\u00f3wnie\u017c je\u017celi chodzi o wydatki \u2013 poinformowa\u0142 Jaros\u0142aw Margielski (prezydent Otwocka) w nagraniu zamieszczonym na swoim profilu w mediach spo\u0142eczno\u015bciowych. \u201eRuszy\u0142y pr\u00f3bne pompowania\u201d &#8211; doda\u0142 Jaros\u0142aw Margielski w opublikowanym wpisie.<\/em><\/p>\n<\/blockquote>\n\n\n\n<p>24 pa\u017adziernika 2023 r. rozpocz\u0119to prace nad wierceniem otworu geotermalnego o g\u0142\u0119boko\u015bci 1645 metr\u00f3w w parku miejskim w Otwocku. G\u0142\u00f3wnym celem by\u0142o zbadanie zasob\u00f3w w\u00f3d termalnych. W ceremonii inauguruj\u0105cej uczestniczyli wiceminister klimatu i \u015brodowiska, Piotr Dziadzio, wiceprezes NFO\u015aiGW, Artur Michalski, oraz prezydent Otwocka, Jaros\u0142aw Margielski.<\/p>\n\n\n\n<p>Dla Otwocka szacuje si\u0119, \u017ce planowana ciep\u0142ownia geotermalna, oparta na eksploatacji przyp\u0142yw\u00f3w w\u00f3d termalnych, mo\u017ce generowa\u0107 oko\u0142o 4,21 MW ciep\u0142a (przy sch\u0142adzaniu wody do 20 stopni Celsjusza). Jednak rzeczywiste mo\u017cliwo\u015bci b\u0119d\u0105 ocenione po przeprowadzeniu odwiertu rozpoznawczego, analizie geofizycznej, bada\u0144 hydrogeologicznych i bada\u0144 laboratoryjnych. Wspierana finansowo przez Narodowy Fundusz Ochrony \u015arodowiska i Gospodarki Wodnej, realizacja tego przedsi\u0119wzi\u0119cia podlega\u0107 b\u0119dzie dalszej weryfikacji.<\/p>\n\n\n\n<p>Miasto chce te\u017c wykorzysta\u0107 wod\u0119 wydobywan\u0105 spod ziemi do cel\u00f3w leczniczych, ze wzgl\u0119du na obecno\u015b\u0107 licznych cennych sk\u0142adnik\u00f3w mineralnych. Otwock przez wiele dziesi\u0119cioleci by\u0142 uzdrowiskiem, a teraz d\u0105\u017cy do odbudowy swoich historycznych tradycji.<\/p>\n\n\n\n<p>Na podstawie wieloletnich bada\u0144 oraz analiz geologicznych potwierdzono, \u017ce Polska dysponuje znacznym potencja\u0142em geotermalnym, obejmuj\u0105cym niemal po\u0142ow\u0119 powierzchni kraju. Inwestycja w kolejne \u017ar\u00f3d\u0142a energii odnawialnej stanowi kluczowy krok w kierunku zwi\u0119kszenia niezale\u017cno\u015bci i bezpiecze\u0144stwa energetycznego naszego kraju.<\/p>\n\n\n\n<p>Fot. inauguracja odwiertu geotermalnego w Otwocku \/ Ministerstwo Klimatu i \u015arodowiska<\/p>\n<div class=\"naszp-po-tresci\" id=\"naszp-1399460920\"><script async src=\"\/\/pagead2.googlesyndication.com\/pagead\/js\/adsbygoogle.js?client=ca-pub-5304901113955943\" crossorigin=\"anonymous\"><\/script><ins class=\"adsbygoogle\" style=\"display:block;\" data-ad-client=\"ca-pub-5304901113955943\" \ndata-ad-slot=\"9226873542\" \ndata-ad-format=\"auto\"><\/ins>\n<script> \n(adsbygoogle = window.adsbygoogle || []).push({}); \n<\/script>\n<\/div>","protected":false},"excerpt":{"rendered":"<p>Od pa\u017adziernika zesz\u0142ego roku w Otwocku trwaj\u0105 prace zwi\u0105zane z wykonaniem odwiertu geotermalnego. W ich trakcie natrafiono na wody podziemne o podwy\u017cszonej temperaturze w warstwie piaskowc\u00f3w Jury Dolnej. Woda z odwiertu b\u0119dzie badana zar\u00f3wno pod k\u0105tem mineralizacji, jak i temperatury. Wieloletnie badania i analizy wykazuj\u0105, \u017ce Polska posiada istotny potencja\u0142<span class=\"more-link\"><a href=\"https:\/\/naszpowiat.info\/index.php\/2024\/01\/23\/zloze-wod-geotermalnych-pod-otwockiem-rozpoczely-sie-probne-pompowania\/\">Czytaj dalej<\/a><\/span><\/p>\n","protected":false},"author":9,"featured_media":6093,"comment_status":"open","ping_status":"open","sticky":false,"template":"","format":"standard","meta":{"_monsterinsights_skip_tracking":false,"_monsterinsights_sitenote_active":false,"_monsterinsights_sitenote_note":"","_monsterinsights_sitenote_category":0,"footnotes":""},"categories":[123,169,178,127,108],"tags":[148],"class_list":["entry","author-admin","post-6092","post","type-post","status-publish","format-standard","has-post-thumbnail","category-aktualnosci","category-ekologia","category-energetyka","category-inwestycje","category-otwock","tag-otwock"],"aioseo_notices":[],"_links":{"self":[{"href":"https:\/\/naszpowiat.info\/index.php\/wp-json\/wp\/v2\/posts\/6092","targetHints":{"allow":["GET"]}}],"collection":[{"href":"https:\/\/naszpowiat.info\/index.php\/wp-json\/wp\/v2\/posts"}],"about":[{"href":"https:\/\/naszpowiat.info\/index.php\/wp-json\/wp\/v2\/types\/post"}],"author":[{"embeddable":true,"href":"https:\/\/naszpowiat.info\/index.php\/wp-json\/wp\/v2\/users\/9"}],"replies":[{"embeddable":true,"href":"https:\/\/naszpowiat.info\/index.php\/wp-json\/wp\/v2\/comments?post=6092"}],"version-history":[{"count":3,"href":"https:\/\/naszpowiat.info\/index.php\/wp-json\/wp\/v2\/posts\/6092\/revisions"}],"predecessor-version":[{"id":6102,"href":"https:\/\/naszpowiat.info\/index.php\/wp-json\/wp\/v2\/posts\/6092\/revisions\/6102"}],"wp:featuredmedia":[{"embeddable":true,"href":"https:\/\/naszpowiat.info\/index.php\/wp-json\/wp\/v2\/media\/6093"}],"wp:attachment":[{"href":"https:\/\/naszpowiat.info\/index.php\/wp-json\/wp\/v2\/media?parent=6092"}],"wp:term":[{"taxonomy":"category","embeddable":true,"href":"https:\/\/naszpowiat.info\/index.php\/wp-json\/wp\/v2\/categories?post=6092"},{"taxonomy":"post_tag","embeddable":true,"href":"https:\/\/naszpowiat.info\/index.php\/wp-json\/wp\/v2\/tags?post=6092"}],"curies":[{"name":"wp","href":"https:\/\/api.w.org\/{rel}","templated":true}]}}