{"id":5964,"date":"2023-12-08T11:34:43","date_gmt":"2023-12-08T11:34:43","guid":{"rendered":"https:\/\/naszpowiat.info\/?p=5964"},"modified":"2023-12-08T11:36:03","modified_gmt":"2023-12-08T11:36:03","slug":"tunel-w-kobylce-oddany-do-uzytku","status":"publish","type":"post","link":"https:\/\/naszpowiat.info\/index.php\/2023\/12\/08\/tunel-w-kobylce-oddany-do-uzytku\/","title":{"rendered":"Tunel w Koby\u0142ce oddany do u\u017cytku"},"content":{"rendered":"\n<p><strong>23 listopada mia\u0142o miejsce uroczyste otwarcie d\u0142ugo wyczekiwane przez mieszka\u0144c\u00f3w Koby\u0142ki inwestycji. Nowy tunel przynosi popraw\u0119 sytuacji komunikacyjnej w mie\u015bcie; zapewniaj\u0105c bezkolizyjne, bezpieczne i szybkie po\u0142\u0105czenie pomi\u0119dzy cz\u0119\u015bciami miasta rozdzielonymi lini\u0105 kolejow\u0105.<\/strong><\/p>\n\n\n\n<blockquote class=\"wp-block-quote is-layout-flow wp-block-quote-is-layout-flow\">\n<p>\u2013 Kolejna inwestycja PKP Polskich Linii Kolejowych S.A. w Koby\u0142ce pozytywnie wp\u0142ynie na jako\u015b\u0107 \u017cycia mieszka\u0144c\u00f3w. Tunel i przebudowane s\u0105siednie ulice usprawniaj\u0105 ruch w mie\u015bcie. Zwi\u0119ksza si\u0119 tak\u017ce bezpiecze\u0144stwo podr\u00f3\u017cowania kolej\u0105. W ostatnich latach, dzi\u0119ki efektywnemu wykorzystaniu \u015brodk\u00f3w z instrumentu CEF \u201e\u0141\u0105cz\u0105c Europ\u0119\u201d, na mazowieckim odcinku linii Rail Baltica powsta\u0142o dwana\u015bcie wygodnych i bezpiecznych bezkolizyjnych skrzy\u017cowa\u0144 \u2013 powiedzia\u0142 Andrzej Bittel, sekretarz stanu w Ministerstwie Infrastruktury.<\/p>\n<\/blockquote>\n\n\n\n<p><strong>Lepsza komunikacja, poprawa bezpiecze\u0144stwa<\/strong><\/p>\n\n\n\n<p>Ci\u0105g komunikacyjny, kt\u00f3rego cz\u0119\u015bci\u0105 jest tunel, spaja dwie cz\u0119\u015bci Koby\u0142ki rozdzielone przez tory. Prowadzi od skrzy\u017cowania ulic Orszagha i Granicznej pod torami linii kolejowej Warszawa -Bia\u0142ystok w stron\u0119 ulicy Nadarzy\u0144skiej.<\/p>\n\n\n\n<p>Na po\u0142udniowy wsch\u00f3d od tunelu zosta\u0142 wytyczony nowy, 800-metrowy odcinek dwupasmowej szosy (po jednym pasie ruchu w ka\u017cd\u0105 stron\u0119). Wzd\u0142u\u017c nowej drogi, kt\u00f3ra prowadzi od tunelu do skrzy\u017cowania ul. Nadarzy\u0144skiej (cz\u0119\u015b\u0107 drogi krajowej nr 634) z ulic\u0105 Bohater\u00f3w Ossowa, powsta\u0142 chodnik i \u015bcie\u017cka rowerowa. Ponadto zosta\u0142y zmodernizowane drogi w okolicy obiektu oraz wybudowano nowe dojazdy.<\/p>\n\n\n\n<p>Uko\u0144czony w listopadzie tunel zast\u0105pi\u0142 przejazd kolejowo-drogowy, wyposa\u017cony w rogatki, kt\u00f3ry \u0142\u0105czy\u0142 ulic\u0119 R\u0119czajsk\u0105 z Jana Paw\u0142a II.<\/p>\n\n\n\n<p>Inwestycja by\u0142a wsp\u00f3\u0142finansowana ze \u015brodk\u00f3w unijnego instrumentu CEF \u201e\u0141\u0105cz\u0105c Europ\u0119\u201d, a koszt prac wyni\u00f3s\u0142 46 mln z\u0142. Przedsi\u0119wzi\u0119cie zosta\u0142o zrealizowane przez konsorcjum, na czele kt\u00f3rego sta\u0142a firma Sarin\u017c.<\/p>\n\n\n\n<p><strong>Kilka miesi\u0119cy wcze\u015bniej powsta\u0142 wiadukt<\/strong><\/p>\n\n\n\n<p>Obiekt jest drugim bezkolizyjnym skrzy\u017cowaniem kolejowo-drogowym, oddanym w tym roku do u\u017cytku w Koby\u0142ce. W lipcu zosta\u0142 otwarty wiadukt drogowy nad lini\u0105 kolejow\u0105, zlokalizowany w okolicach przystanku Koby\u0142ka-Oss\u00f3w.&nbsp;&nbsp;<\/p>\n\n\n\n<p><strong>Trasa Rail Baltika \u0142\u0105czy pa\u0144stwa europejskie<\/strong><\/p>\n\n\n\n<p>Rail Baltika (E 75), przebiegaj\u0105ca przez Koby\u0142k\u0119, jest elementem transeuropejskiego korytarza transportowego. Po uko\u0144czeniu&nbsp; ma \u0142\u0105czy\u0107 torem normalnym Warszaw\u0119 \u2013 przez Kraje Nadba\u0142tyckie: Litw\u0119 \u0141otw\u0119 i Estoni\u0119 \u2013 z Helsinkami. Do tej pory zmodernizowane zosta\u0142y dwa odcinki trasy: od Warszawy Rembert\u00f3w do Sadownego oraz od Sadownego do Czy\u017cewa. W trakcie prac jest odcinek od Czy\u017cewa do Bia\u0142egostoku. Przebudowa ma na celu dostosowanie trasy do og\u00f3lnych standard\u00f3w linii kolejowych, jakie s\u0105 przyj\u0119te w Unii Europejskiej.&nbsp;&nbsp;&nbsp;&nbsp;<\/p>\n\n\n\n<p>\u0179r\u00f3d\u0142o: PKP Polskie Linie Kolejowe S.A. \/ fot. PKP Polskie Linie Kolejowe S.A.<\/p>\n<div class=\"naszp-po-tresci\" id=\"naszp-685284914\"><script async src=\"\/\/pagead2.googlesyndication.com\/pagead\/js\/adsbygoogle.js?client=ca-pub-5304901113955943\" crossorigin=\"anonymous\"><\/script><ins class=\"adsbygoogle\" style=\"display:block;\" data-ad-client=\"ca-pub-5304901113955943\" \ndata-ad-slot=\"9226873542\" \ndata-ad-format=\"auto\"><\/ins>\n<script> \n(adsbygoogle = window.adsbygoogle || []).push({}); \n<\/script>\n<\/div>","protected":false},"excerpt":{"rendered":"<p>23 listopada mia\u0142o miejsce uroczyste otwarcie d\u0142ugo wyczekiwane przez mieszka\u0144c\u00f3w Koby\u0142ki inwestycji. Nowy tunel przynosi popraw\u0119 sytuacji komunikacyjnej w mie\u015bcie; zapewniaj\u0105c bezkolizyjne, bezpieczne i szybkie po\u0142\u0105czenie pomi\u0119dzy cz\u0119\u015bciami miasta rozdzielonymi lini\u0105 kolejow\u0105. \u2013 Kolejna inwestycja PKP Polskich Linii Kolejowych S.A. w Koby\u0142ce pozytywnie wp\u0142ynie na jako\u015b\u0107 \u017cycia mieszka\u0144c\u00f3w. Tunel i<span class=\"more-link\"><a href=\"https:\/\/naszpowiat.info\/index.php\/2023\/12\/08\/tunel-w-kobylce-oddany-do-uzytku\/\">Czytaj dalej<\/a><\/span><\/p>\n","protected":false},"author":9,"featured_media":5965,"comment_status":"open","ping_status":"open","sticky":false,"template":"","format":"standard","meta":{"_monsterinsights_skip_tracking":false,"_monsterinsights_sitenote_active":false,"_monsterinsights_sitenote_note":"","_monsterinsights_sitenote_category":0,"footnotes":""},"categories":[123,183,127,89,152,31],"tags":[129],"class_list":["entry","author-admin","post-5964","post","type-post","status-publish","format-standard","has-post-thumbnail","category-aktualnosci","category-infrastruktura","category-inwestycje","category-kobylka","category-komunikacja","category-powiaty-mazowieckiego","tag-kolej"],"aioseo_notices":[],"_links":{"self":[{"href":"https:\/\/naszpowiat.info\/index.php\/wp-json\/wp\/v2\/posts\/5964","targetHints":{"allow":["GET"]}}],"collection":[{"href":"https:\/\/naszpowiat.info\/index.php\/wp-json\/wp\/v2\/posts"}],"about":[{"href":"https:\/\/naszpowiat.info\/index.php\/wp-json\/wp\/v2\/types\/post"}],"author":[{"embeddable":true,"href":"https:\/\/naszpowiat.info\/index.php\/wp-json\/wp\/v2\/users\/9"}],"replies":[{"embeddable":true,"href":"https:\/\/naszpowiat.info\/index.php\/wp-json\/wp\/v2\/comments?post=5964"}],"version-history":[{"count":2,"href":"https:\/\/naszpowiat.info\/index.php\/wp-json\/wp\/v2\/posts\/5964\/revisions"}],"predecessor-version":[{"id":5968,"href":"https:\/\/naszpowiat.info\/index.php\/wp-json\/wp\/v2\/posts\/5964\/revisions\/5968"}],"wp:featuredmedia":[{"embeddable":true,"href":"https:\/\/naszpowiat.info\/index.php\/wp-json\/wp\/v2\/media\/5965"}],"wp:attachment":[{"href":"https:\/\/naszpowiat.info\/index.php\/wp-json\/wp\/v2\/media?parent=5964"}],"wp:term":[{"taxonomy":"category","embeddable":true,"href":"https:\/\/naszpowiat.info\/index.php\/wp-json\/wp\/v2\/categories?post=5964"},{"taxonomy":"post_tag","embeddable":true,"href":"https:\/\/naszpowiat.info\/index.php\/wp-json\/wp\/v2\/tags?post=5964"}],"curies":[{"name":"wp","href":"https:\/\/api.w.org\/{rel}","templated":true}]}}