{"id":5855,"date":"2023-11-05T08:22:21","date_gmt":"2023-11-05T08:22:21","guid":{"rendered":"https:\/\/naszpowiat.info\/?p=5855"},"modified":"2023-11-05T08:23:24","modified_gmt":"2023-11-05T08:23:24","slug":"twojedzialaniemaznaczenie-zglos-sie-do-mlodziezowej-rady-powiatu-pruszkowskiego","status":"publish","type":"post","link":"https:\/\/naszpowiat.info\/index.php\/2023\/11\/05\/twojedzialaniemaznaczenie-zglos-sie-do-mlodziezowej-rady-powiatu-pruszkowskiego\/","title":{"rendered":"#twojedzia\u0142aniemaznaczenie &#8211; zg\u0142o\u015b si\u0119 do M\u0142odzie\u017cowej Rady Powiatu Pruszkowskiego"},"content":{"rendered":"\n<p>Uprzejmie informujemy, \u017ce od 30 pa\u017adziernika wszyscy mieszka\u0144cy powiatu pruszkowskiego w wieku 15-19 lat mog\u0105 zg\u0142asza\u0107 swoje kandydatury do M\u0142odzie\u017cowej Rady Powiatu Pruszkowskiego.<\/p>\n\n\n\n<p>Aby si\u0119 zarejestrowa\u0107, wystarczy wype\u0142ni\u0107 formularz zg\u0142oszeniowy dost\u0119pny pod linkiem:&nbsp;<strong><em><a href=\"https:\/\/powiat-pruszkowski.mlodziezowa-rada.org\/\" target=\"_blank\" rel=\"noreferrer noopener\">https:\/\/powiat-pruszkowski.mlodziezowa-rada.org\/<\/a><\/em><\/strong>. Kandydaci przejd\u0105 przez proces rejestracji poprzez przyjazn\u0105 aplikacj\u0119 MediaPark, kt\u00f3ra umo\u017cliwia sprawne&nbsp;zg\u0142oszenie&nbsp;kandydatury:&nbsp;<\/p>\n\n\n\n<ul class=\"wp-block-list\">\n<li>Mo\u017cna&nbsp;w bardzo kr\u00f3tkim czasie doda\u0107 informacje o sobie, wskaza\u0107 sw\u00f3j program, czy wstawi\u0107 swoje zdj\u0119cie.<\/li>\n\n\n\n<li>Aplikacja jest zintegrowana&nbsp;z popularnymi serwisami spo\u0142eczno\u015bciowymi &#8211; pozwala na sprawn\u0105 promocj\u0119 kandydat\u00f3w w\u015br\u00f3d znajomych.<\/li>\n\n\n\n<li>Mo\u017cna&nbsp;wydrukowa\u0107 plakat reklamuj\u0105cy&nbsp;kandydatur\u0119 &#8211; potrzeba na to tylko kilku klikni\u0119\u0107!<\/li>\n<\/ul>\n\n\n\n<p>Formularz zg\u0142oszeniowy jest aktywny&nbsp;do 10 listopada br.<\/p>\n\n\n\n<p>Wi\u0119cej informacji znajduje si\u0119 na stronie internetowej Powiatu Pruszkowskiego<strong><em> (<a href=\"https:\/\/samorzad.gov.pl\/web\/powiat-pruszkowski\/mlodziezowa-rada-powiatu-pruszkowskiego\">link<\/a>).<\/em><\/strong><\/p>\n\n\n\n<p><em>Zadanie pn. \u201ePowo\u0142anie M\u0142odzie\u017cowej Rady Powiatu Pruszkowskiego\u201d wsp\u00f3\u0142finansowano ze \u015brodk\u00f3w Samorz\u0105du Wojew\u00f3dztwa Mazowieckiego.<\/em><\/p>\n\n\n\n<p><em>#Mazowszepomaga #programywsparcia #solidarno\u015b\u0107mazowiecka&nbsp;<\/em><\/p>\n\n\n\n<p><\/p>\n\n\n\n<figure class=\"wp-block-image size-large\"><img loading=\"lazy\" decoding=\"async\" width=\"724\" height=\"1024\" src=\"https:\/\/naszpowiat.info\/wp-content\/uploads\/2023\/11\/plakat-Mlodziezowa-Rada-Powiatu-724x1024.png\" alt=\"\" class=\"wp-image-5860\" srcset=\"https:\/\/naszpowiat.info\/wp-content\/uploads\/2023\/11\/plakat-Mlodziezowa-Rada-Powiatu-724x1024.png 724w, https:\/\/naszpowiat.info\/wp-content\/uploads\/2023\/11\/plakat-Mlodziezowa-Rada-Powiatu-212x300.png 212w, https:\/\/naszpowiat.info\/wp-content\/uploads\/2023\/11\/plakat-Mlodziezowa-Rada-Powiatu-768x1086.png 768w, https:\/\/naszpowiat.info\/wp-content\/uploads\/2023\/11\/plakat-Mlodziezowa-Rada-Powiatu-1086x1536.png 1086w, https:\/\/naszpowiat.info\/wp-content\/uploads\/2023\/11\/plakat-Mlodziezowa-Rada-Powiatu-1448x2048.png 1448w, https:\/\/naszpowiat.info\/wp-content\/uploads\/2023\/11\/plakat-Mlodziezowa-Rada-Powiatu-389x550.png 389w, https:\/\/naszpowiat.info\/wp-content\/uploads\/2023\/11\/plakat-Mlodziezowa-Rada-Powiatu-354x500.png 354w\" sizes=\"auto, (max-width: 724px) 100vw, 724px\" \/><\/figure>\n<div class=\"naszp-po-tresci\" id=\"naszp-2604241639\"><script async src=\"\/\/pagead2.googlesyndication.com\/pagead\/js\/adsbygoogle.js?client=ca-pub-5304901113955943\" crossorigin=\"anonymous\"><\/script><ins class=\"adsbygoogle\" style=\"display:block;\" data-ad-client=\"ca-pub-5304901113955943\" \ndata-ad-slot=\"9226873542\" \ndata-ad-format=\"auto\"><\/ins>\n<script> \n(adsbygoogle = window.adsbygoogle || []).push({}); \n<\/script>\n<\/div>","protected":false},"excerpt":{"rendered":"<p>Uprzejmie informujemy, \u017ce od 30 pa\u017adziernika wszyscy mieszka\u0144cy powiatu pruszkowskiego w wieku 15-19 lat mog\u0105 zg\u0142asza\u0107 swoje kandydatury do M\u0142odzie\u017cowej Rady Powiatu Pruszkowskiego. Aby si\u0119 zarejestrowa\u0107, wystarczy wype\u0142ni\u0107 formularz zg\u0142oszeniowy dost\u0119pny pod linkiem:&nbsp;https:\/\/powiat-pruszkowski.mlodziezowa-rada.org\/. Kandydaci przejd\u0105 przez proces rejestracji poprzez przyjazn\u0105 aplikacj\u0119 MediaPark, kt\u00f3ra umo\u017cliwia sprawne&nbsp;zg\u0142oszenie&nbsp;kandydatury:&nbsp; Formularz zg\u0142oszeniowy jest aktywny&nbsp;do 10<span class=\"more-link\"><a href=\"https:\/\/naszpowiat.info\/index.php\/2023\/11\/05\/twojedzialaniemaznaczenie-zglos-sie-do-mlodziezowej-rady-powiatu-pruszkowskiego\/\">Czytaj dalej<\/a><\/span><\/p>\n","protected":false},"author":9,"featured_media":5858,"comment_status":"open","ping_status":"open","sticky":false,"template":"","format":"standard","meta":{"_monsterinsights_skip_tracking":false,"_monsterinsights_sitenote_active":false,"_monsterinsights_sitenote_note":"","_monsterinsights_sitenote_category":0,"footnotes":""},"categories":[123,38,31,187],"tags":[149],"class_list":["entry","author-admin","post-5855","post","type-post","status-publish","format-standard","has-post-thumbnail","category-aktualnosci","category-pruszkowski","category-powiaty-mazowieckiego","category-samorzad","tag-powiat-pruszkowski"],"aioseo_notices":[],"_links":{"self":[{"href":"https:\/\/naszpowiat.info\/index.php\/wp-json\/wp\/v2\/posts\/5855","targetHints":{"allow":["GET"]}}],"collection":[{"href":"https:\/\/naszpowiat.info\/index.php\/wp-json\/wp\/v2\/posts"}],"about":[{"href":"https:\/\/naszpowiat.info\/index.php\/wp-json\/wp\/v2\/types\/post"}],"author":[{"embeddable":true,"href":"https:\/\/naszpowiat.info\/index.php\/wp-json\/wp\/v2\/users\/9"}],"replies":[{"embeddable":true,"href":"https:\/\/naszpowiat.info\/index.php\/wp-json\/wp\/v2\/comments?post=5855"}],"version-history":[{"count":4,"href":"https:\/\/naszpowiat.info\/index.php\/wp-json\/wp\/v2\/posts\/5855\/revisions"}],"predecessor-version":[{"id":5864,"href":"https:\/\/naszpowiat.info\/index.php\/wp-json\/wp\/v2\/posts\/5855\/revisions\/5864"}],"wp:featuredmedia":[{"embeddable":true,"href":"https:\/\/naszpowiat.info\/index.php\/wp-json\/wp\/v2\/media\/5858"}],"wp:attachment":[{"href":"https:\/\/naszpowiat.info\/index.php\/wp-json\/wp\/v2\/media?parent=5855"}],"wp:term":[{"taxonomy":"category","embeddable":true,"href":"https:\/\/naszpowiat.info\/index.php\/wp-json\/wp\/v2\/categories?post=5855"},{"taxonomy":"post_tag","embeddable":true,"href":"https:\/\/naszpowiat.info\/index.php\/wp-json\/wp\/v2\/tags?post=5855"}],"curies":[{"name":"wp","href":"https:\/\/api.w.org\/{rel}","templated":true}]}}