{"id":5785,"date":"2023-10-15T12:41:11","date_gmt":"2023-10-15T12:41:11","guid":{"rendered":"https:\/\/naszpowiat.info\/?p=5785"},"modified":"2023-10-25T06:34:26","modified_gmt":"2023-10-25T06:34:26","slug":"fundacja-pge-partnerem-filmu-rycerz-o-sw-maksymilianie-marii-kolbe","status":"publish","type":"post","link":"https:\/\/naszpowiat.info\/index.php\/2023\/10\/15\/fundacja-pge-partnerem-filmu-rycerz-o-sw-maksymilianie-marii-kolbe\/","title":{"rendered":"Fundacja PGE partnerem filmu \u201eRycerz\u201d o \u015aw. Maksymilianie Marii Kolbe"},"content":{"rendered":"\n<p><strong>Fundacja PGE wspar\u0142a realizacj\u0119 filmu dokumentalnego o \u015aw. Maksymilianie Marii Kolbe pt. \u201eRycerz\u201d w re\u017cyserii Micha\u0142a Szymanowicza. Film zrealizowa\u0142a Fundacja Opoka w ramach projektu \u201ePolska energia zmienia \u015bwiat\u201d. Premiera dokumentu w Polsce odby\u0142a si\u0119 13 pa\u017adziernika 2023 roku.<\/strong><\/p>\n\n\n\n<blockquote class=\"wp-block-quote is-layout-flow wp-block-quote-is-layout-flow\">\n<p><em>W tym roku przypada 41. rocznica kanonizacji Maksymiliana Marii Kolbego. \u015aw. Maksymilian by\u0142 niezwyk\u0142ym cz\u0142owiekiem i wielkim Polakiem. Jako patron energetyk\u00f3w, jest mi szczeg\u00f3lnie bliski. Jego niez\u0142omna postawa wobec niemieckich oprawc\u00f3w w czasie II wojny \u015bwiatowej oraz mi\u0142o\u015b\u0107 do bli\u017aniego, wyra\u017cona poprzez dobrowolne oddanie swojego \u017cycia za drugiego cz\u0142owieka w niemieckim obozie koncentracyjnym Auschwitz, stanowi wz\u00f3r do na\u015bladowania dla wszystkich pokole\u0144. Poprzez wsparcie filmu \u201eRycerz\u201d nie tylko chcemy przybli\u017cy\u0107 sylwetk\u0119 tego wielkiego Polaka,<\/em> <em>ale tak\u017ce z\u0142o\u017con\u0105 i tragiczn\u0105 histori\u0119 Polski i Polak\u00f3w z czas\u00f3w drugiej wojny \u015bwiatowej i niemieckiej okupacji \u2013 <\/em>m\u00f3wi<strong> Wojciech D\u0105browski, prezes zarz\u0105du PGE Polskiej Grupy Energetycznej <\/strong>&#8211; <em>Bardzo dzi\u0119kuj\u0119 tw\u00f3rcom za zaanga\u017cowanie i realizacj\u0119 tego wa\u017cnego dla wszystkich Polak\u00f3w przedsi\u0119wzi\u0119cia. Jestem dumny, \u017ce PGE mog\u0142a by\u0107 jego cz\u0119\u015bci\u0105 i tym samym przyczyni\u0142a si\u0119 do promocji naszej polskiej historii tak\u017ce poza granicami naszego kraju \u2013 <\/em>doda\u0142 <strong>Wojciech D\u0105browski<\/strong>.<\/p>\n<\/blockquote>\n\n\n\n<blockquote class=\"wp-block-quote is-layout-flow wp-block-quote-is-layout-flow\">\n<p><em>Polska ziemia, polski Ko\u015bci\u00f3\u0142 nieustannie wydaj\u0105 wielkich, szlachetnych i \u015bwi\u0119tych ludzi: rodzina Ulm\u00f3w, Jan Pawe\u0142 II, kard. Stefan Wyszy\u0144ski, o. Maksymilian Kolbe \u2013 by wymieni\u0107 tylko kilku. Trzeba ich pokazywa\u0107 \u015bwiatu, \u015bwiatowej opinii publicznej. Nie tylko po, by si\u0119 nimi chwali\u0107, tym samym wzmacniaj\u0105c dobre imi\u0119 Polski, cho\u0107 to w du\u017cym stopniu te\u017c. Ale r\u00f3wnie\u017c dlatego, \u017ce oni si\u0142\u0105 swojego ducha, energi\u0105 swojego ducha potrafi\u0105 zmienia\u0107 \u015bwiat. Jan Pawe\u0142 II w namacalny niemal spos\u00f3b zmieni\u0142 \u015bwiat. Kiedy o. Maksymilian Kolbe wyst\u0105pi\u0142 z szeregu, by odda\u0107 \u017cycie za wsp\u00f3\u0142wi\u0119\u017ania, Auschwitz ju\u017c nie by\u0142o tylko miejscem przekl\u0119tym. On to miejsce zmieni\u0142. Zrobi\u0142 to si\u0142\u0105 Bo\u017cego Ducha. Powt\u00f3rz\u0119, trzeba to \u015bwiatu pokazywa\u0107. Taki cel przy\u015bwieca projektowi \u201ePolska energia zmienia \u015bwiat\u201d. To szlachetne dzie\u0142o od samego pocz\u0105tku wspiera PGE Polska Grupa Energetyczna. Bardzo za to dzi\u0119kuj\u0119 \u2013<\/em> m\u00f3wi <strong>ks. Marek Gancarczyk, prezes zarz\u0105du Fundacji Opoka<\/strong>.<\/p>\n<\/blockquote>\n\n\n\n<p>Film \u201eRycerz&#8221; ma na celu przybli\u017cenie widzom postaci \u015aw. Maksymiliana Marii Kolbego i jego dzia\u0142alno\u015bci nie tylko w Polsce, ale i na \u015bwiecie. \u015aw. Maksymilian, jest tw\u00f3rc\u0105 najwi\u0119kszego na \u015bwiecie klasztoru, w kt\u00f3rym mieszka\u0142o ponad 650 zakonnik\u00f3w, zapocz\u0105tkowa\u0142 wydawanie \u201eRycerza Niepokalanej\u201d, kt\u00f3rego nak\u0142ad w roku 1939 osi\u0105gn\u0105\u0142 milion egzemplarzy, jak r\u00f3wnie\u017c za\u0142o\u017cy\u0142 klasztor w Nagasaki w Japonii, w kt\u00f3rym udzielana by\u0142a pomoc ofiarom wybuchu bomby atomowej w 1945 roku. O jego wielko\u015bci, \u015bwiadczy nie tylko historia jego \u017cycia, ale tak\u017ce historia jego\u00a0\u015bmierci. \u015aw. Maksymilian Maria Kolbe zgin\u0105\u0142 \u015bmierci\u0105 m\u0119cze\u0144sk\u0105 w 1941 roku w niemieckim obozie zag\u0142ady Auschwitz, oddaj\u0105c swoje \u017cycie za wsp\u00f3\u0142wi\u0119\u017ania.<\/p>\n\n\n\n<p>Film dokumentalny \u201eRycerz\u201d jest drugim z serii film\u00f3w o wybitnych Polakach, realizowanych w ramach projektu \u201ePolska energia zmienia \u015bwiat\u201d. Wcze\u015bniej powsta\u0142 ju\u017c film dokumentalny \u201eB\u0119dziesz mi\u0142owa\u0142\u201d po\u015bwi\u0119cony b\u0142. Stefanowi kard. Wyszy\u0144skiemu.<\/p>\n\n\n\n<p>Premiera dokumentu \u201eRycerz\u201d w Polsce odby\u0142a si\u0119 13 pa\u017adziernika 2023 roku. W nast\u0119pnej kolejno\u015bci zostanie on wyemitowany w ameryka\u0144skiej sieci telewizyjnej Eternal Word Television Network (EWTN), kt\u00f3ra dociera do blisko 300 milion\u00f3w gospodarstw domowych w 150 krajach \u015bwiata. Telewizja ma zasi\u0119g og\u00f3lno\u015bwiatowy, ale najwi\u0119ksz\u0105 liczb\u0119 stanowi\u0105 odbiorcy angloj\u0119zyczni, szczeg\u00f3lnie w Ameryce P\u00f3\u0142nocnej (USA), oraz hiszpa\u0144skoj\u0119zyczni w Ameryce Po\u0142udniowej. Natomiast 30 pa\u017adziernika br. zostanie pokazany dyplomatom w Rzymie.<\/p>\n\n\n\n<p>Fundacja PGE od wielu lat jest zaanga\u017cowana w dzia\u0142ania maj\u0105ce na celu piel\u0119gnowanie patriotyzmu i kultywowanie pami\u0119ci o dziedzictwie historycznym Polski. Przyczynia si\u0119 te\u017c do rozwoju \u015bwiadomo\u015bci narodowej, obywatelskiej i kulturowej. W 2022 roku, w ramach obchod\u00f3w Roku Kardyna\u0142a Stefana Wyszy\u0144skiego, Fundacja PGE zaanga\u017cowa\u0142a si\u0119 w projekty z dziedziny kultury i sztuki, upami\u0119tniaj\u0105ce osob\u0119 Kardyna\u0142a.<\/p>\n<div class=\"naszp-po-tresci\" id=\"naszp-1405431146\"><script async src=\"\/\/pagead2.googlesyndication.com\/pagead\/js\/adsbygoogle.js?client=ca-pub-5304901113955943\" crossorigin=\"anonymous\"><\/script><ins class=\"adsbygoogle\" style=\"display:block;\" data-ad-client=\"ca-pub-5304901113955943\" \ndata-ad-slot=\"9226873542\" \ndata-ad-format=\"auto\"><\/ins>\n<script> \n(adsbygoogle = window.adsbygoogle || []).push({}); \n<\/script>\n<\/div>","protected":false},"excerpt":{"rendered":"<p>Fundacja PGE wspar\u0142a realizacj\u0119 filmu dokumentalnego o \u015aw. Maksymilianie Marii Kolbe pt. \u201eRycerz\u201d w re\u017cyserii Micha\u0142a Szymanowicza. Film zrealizowa\u0142a Fundacja Opoka w ramach projektu \u201ePolska energia zmienia \u015bwiat\u201d. Premiera dokumentu w Polsce odby\u0142a si\u0119 13 pa\u017adziernika 2023 roku. W tym roku przypada 41. rocznica kanonizacji Maksymiliana Marii Kolbego. \u015aw. Maksymilian<span class=\"more-link\"><a href=\"https:\/\/naszpowiat.info\/index.php\/2023\/10\/15\/fundacja-pge-partnerem-filmu-rycerz-o-sw-maksymilianie-marii-kolbe\/\">Czytaj dalej<\/a><\/span><\/p>\n","protected":false},"author":9,"featured_media":5786,"comment_status":"open","ping_status":"open","sticky":false,"template":"","format":"standard","meta":{"_monsterinsights_skip_tracking":false,"_monsterinsights_sitenote_active":false,"_monsterinsights_sitenote_note":"","_monsterinsights_sitenote_category":0,"footnotes":""},"categories":[123,178,182,78,30,59],"tags":[180],"class_list":["entry","author-admin","post-5785","post","type-post","status-publish","format-standard","has-post-thumbnail","category-aktualnosci","category-energetyka","category-film","category-historia","category-kultura","category-wydarzenia","tag-polska-grupa-energetyczna"],"aioseo_notices":[],"_links":{"self":[{"href":"https:\/\/naszpowiat.info\/index.php\/wp-json\/wp\/v2\/posts\/5785","targetHints":{"allow":["GET"]}}],"collection":[{"href":"https:\/\/naszpowiat.info\/index.php\/wp-json\/wp\/v2\/posts"}],"about":[{"href":"https:\/\/naszpowiat.info\/index.php\/wp-json\/wp\/v2\/types\/post"}],"author":[{"embeddable":true,"href":"https:\/\/naszpowiat.info\/index.php\/wp-json\/wp\/v2\/users\/9"}],"replies":[{"embeddable":true,"href":"https:\/\/naszpowiat.info\/index.php\/wp-json\/wp\/v2\/comments?post=5785"}],"version-history":[{"count":1,"href":"https:\/\/naszpowiat.info\/index.php\/wp-json\/wp\/v2\/posts\/5785\/revisions"}],"predecessor-version":[{"id":5787,"href":"https:\/\/naszpowiat.info\/index.php\/wp-json\/wp\/v2\/posts\/5785\/revisions\/5787"}],"wp:featuredmedia":[{"embeddable":true,"href":"https:\/\/naszpowiat.info\/index.php\/wp-json\/wp\/v2\/media\/5786"}],"wp:attachment":[{"href":"https:\/\/naszpowiat.info\/index.php\/wp-json\/wp\/v2\/media?parent=5785"}],"wp:term":[{"taxonomy":"category","embeddable":true,"href":"https:\/\/naszpowiat.info\/index.php\/wp-json\/wp\/v2\/categories?post=5785"},{"taxonomy":"post_tag","embeddable":true,"href":"https:\/\/naszpowiat.info\/index.php\/wp-json\/wp\/v2\/tags?post=5785"}],"curies":[{"name":"wp","href":"https:\/\/api.w.org\/{rel}","templated":true}]}}