{"id":5780,"date":"2023-10-15T12:31:24","date_gmt":"2023-10-15T12:31:24","guid":{"rendered":"https:\/\/naszpowiat.info\/?p=5780"},"modified":"2023-10-25T06:34:20","modified_gmt":"2023-10-25T06:34:20","slug":"grupa-pge-doceniona-za-pielegnowania-pamieci-o-polskiej-historii-i-jej-bohaterach","status":"publish","type":"post","link":"https:\/\/naszpowiat.info\/index.php\/2023\/10\/15\/grupa-pge-doceniona-za-pielegnowania-pamieci-o-polskiej-historii-i-jej-bohaterach\/","title":{"rendered":"Grupa PGE doceniona za piel\u0119gnowanie pami\u0119ci o polskiej historii i jej bohaterach"},"content":{"rendered":"\n<p><strong>PGE Polska Grupa Energetyczna zosta\u0142a doceniona za wspieranie dzia\u0142alno\u015bci patriotycznej i piel\u0119gnowanie polskiej pami\u0119ci historycznej. PGE otrzyma\u0142a wyr\u00f3\u017cnienie Stra\u017cnika Pami\u0119ci w kategorii \u201eMecenas\u201d oraz nagrod\u0119 Z\u0142oty BohaterON w kategorii \u201eFirma\u201d.<\/strong><\/p>\n\n\n\n<blockquote class=\"wp-block-quote is-layout-flow wp-block-quote-is-layout-flow\">\n<p><em>W imieniu PGE i wszystkich pracownik\u00f3w bardzo dzi\u0119kuj\u0119 za te wyr\u00f3\u017cnienia. To du\u017ca satysfakcja, \u017ce nasze dzia\u0142ania zwi\u0105zane z kultywowaniem pami\u0119ci o polskiej historii i bohaterach s\u0105 doceniane. Jeste\u015bmy najwi\u0119ksz\u0105 firm\u0105 energetyczn\u0105 w Polsce, kt\u00f3rej jednym z najwa\u017cniejszych zada\u0144 jest dbanie o bezpiecze\u0144stwo energetyczne Polak\u00f3w. Ale jako polska firma chcemy wykorzysta\u0107 nasz potencja\u0142 tak\u017ce do budowania wsp\u00f3lnoty narodowej i piel\u0119gnowania naszej wsp\u00f3lnej pami\u0119ci<\/em> &#8211; m\u00f3wi <strong>Wojciech D\u0105browski, prezes zarz\u0105du PGE Polskiej Grupy Energetycznej<\/strong> &#8211; <em>Na przestrzeni ostatnich lat zrealizowali\u015bmy bardzo du\u017co projekt\u00f3w historycznych, wi\u0119c nie spos\u00f3b je wszystkie wymieni\u0107. Ostatnio podsumowali\u015bmy nasz 5 &#8211; letni projekt \u2013 Tablice Pami\u0119ci, po\u015bwi\u0119cony ofiarom upami\u0119tnionym Tablicami Tchorka w Warszawie. R\u00f3wnie wa\u017cny jest dla nas projekt &#8222;Energetycy w Powstaniu&#8221;, w kt\u00f3rym upami\u0119tniamy bohater\u00f3w \u2013 energetyk\u00f3w, kt\u00f3rzy bronili Elektrowni na Powi\u015blu i jednocze\u015bnie dostarczali pr\u0105d walcz\u0105cej Warszawie. Jeste\u015bmy tak\u017ce zaanga\u017cowani w projekty, kt\u00f3rych celem jest uczczenie pami\u0119ci o polskim ruchu oporu, a tak\u017ce, jako mecenas Muzeum Dzieci Polskich w \u0141odzi, wsp\u00f3lnie przypominamy histori\u0119 polskich dzieci wi\u0119zionych i zamordowanych w niemieckim obozie<\/em> \u2013 dodaje <strong>Wojciech D\u0105browski<\/strong>.<\/p>\n<\/blockquote>\n\n\n\n<p>PGE od dawna realizuje dzia\u0142ania z zakresu piel\u0119gnowania pami\u0119ci o polskiej historii i jej bohaterach. G\u0142\u00f3wnym opiekunem projekt\u00f3w historycznych jest Fundacja PGE. W 2021 roku zosta\u0142a mecenasem Wirtualnego Muzeum Polskiego Pa\u0144stwa Podziemnego oraz zaanga\u017cowa\u0142a si\u0119 w organizacj\u0119 konkursu fotograficznego \u201eBaczy\u0144ski bez filtra\u201d. Dodatkowo, w 80. rocznic\u0119 powo\u0142ania do \u017cycia Armii Krajowej, zorganizowa\u0142a z Fundacj\u0105 na rzecz Wielkich Historii og\u00f3lnopolski konkurs \u201e\u015aladami bohater\u00f3w Armii Krajowej\u201d oraz stworzy\u0142a cykl animacji \u201eG\u0142osy AK\u201d historycznych nagra\u0144 g\u0142os\u00f3w dow\u00f3dc\u00f3w Armii Krajowej. Od 2018 roku realizuje projekt \u201eTablice Pami\u0119ci\u201d. W jego ramach przeprowadzi\u0142a kwerend\u0119 historyczn\u0105 wszystkich 165 tablic Tchorka znajduj\u0105cych si\u0119 na terenie Warszawy, wyda\u0142a folder o Tablicach Pami\u0119ci oraz wspar\u0142a wydanie dwuj\u0119zycznego albumu \u201ePami\u0119\u0107 Warszawy\u201d. Ponadto zamontowa\u0142a ponad 130 tabliczek informacyjnych przy tablicach Tchorka, wyczy\u015bci\u0142a i zakonserwowa\u0142a ponad 100 tablic oraz sporz\u0105dzi\u0142a i umie\u015bci\u0142a w aplikacji Tablice Pami\u0119ci oraz na stronie tablicepamieci.pl, pierwsz\u0105 w Polsce elektroniczn\u0105 baz\u0119 ponad 3100 nazwisk ofiar upami\u0119tnionych Tablicami Tchorka w Warszawie. Ponadto, Fundacja PGE co roku w rocznic\u0119 Powstania Warszawskiego oddaje ho\u0142d energetykom walcz\u0105cym w obronie warszawskiej Elektrowni Powi\u015ble, organizuj\u0105c uroczysto\u015b\u0107 pod has\u0142em &#8222;Energetycy w Powstaniu&#8221;. W tym roku w trakcie wydarzenia odby\u0142 si\u0119 premierowy pokaz animacji: \u201eRozkaz: Zdoby\u0107 Elektrowni\u0119!\u201d, stworzonej przy wykorzystaniu sztucznej inteligencji.<\/p>\n\n\n\n<p>Nagrody \u201eStra\u017cnik Pami\u0119ci\u201d przyznawane s\u0105 przez redakcj\u0119 tygodnika &#8222;Do Rzeczy&#8221; od 2013 r. osobom i instytucjom, kt\u00f3re piel\u0119gnuj\u0105 i promuj\u0105 polsk\u0105 to\u017csamo\u015b\u0107. W 2020 roku PGE zosta\u0142a nagrodzona \u201eStra\u017cnikiem Pami\u0119ci\u201d za projekt \u201eTablice Pami\u0119ci\u201d.<\/p>\n\n\n\n<p>BohaterON \u2013 w\u0142\u0105cz histori\u0119! to og\u00f3lnopolska kampania, kt\u00f3ra ma na celu upami\u0119tnienie<br>i uhonorowanie uczestnik\u00f3w Powstania Warszawskiego oraz promocj\u0119 historii Polski XX wieku. Nagrody BohaterONy 2023 im. Powsta\u0144c\u00f3w Warszawskich s\u0105 przyznawane osobom i instytucjom, kt\u00f3re w szczeg\u00f3lny spos\u00f3b promuj\u0105cych wiedz\u0119 o historii Polski oraz wsp\u00f3\u0142czesny patriotyzm.<\/p>\n<div class=\"naszp-po-tresci\" id=\"naszp-4222944452\"><script async src=\"\/\/pagead2.googlesyndication.com\/pagead\/js\/adsbygoogle.js?client=ca-pub-5304901113955943\" crossorigin=\"anonymous\"><\/script><ins class=\"adsbygoogle\" style=\"display:block;\" data-ad-client=\"ca-pub-5304901113955943\" \ndata-ad-slot=\"9226873542\" \ndata-ad-format=\"auto\"><\/ins>\n<script> \n(adsbygoogle = window.adsbygoogle || []).push({}); \n<\/script>\n<\/div>","protected":false},"excerpt":{"rendered":"<p>PGE Polska Grupa Energetyczna zosta\u0142a doceniona za wspieranie dzia\u0142alno\u015bci patriotycznej i piel\u0119gnowanie polskiej pami\u0119ci historycznej. PGE otrzyma\u0142a wyr\u00f3\u017cnienie Stra\u017cnika Pami\u0119ci w kategorii \u201eMecenas\u201d oraz nagrod\u0119 Z\u0142oty BohaterON w kategorii \u201eFirma\u201d. W imieniu PGE i wszystkich pracownik\u00f3w bardzo dzi\u0119kuj\u0119 za te wyr\u00f3\u017cnienia. To du\u017ca satysfakcja, \u017ce nasze dzia\u0142ania zwi\u0105zane z kultywowaniem<span class=\"more-link\"><a href=\"https:\/\/naszpowiat.info\/index.php\/2023\/10\/15\/grupa-pge-doceniona-za-pielegnowania-pamieci-o-polskiej-historii-i-jej-bohaterach\/\">Czytaj dalej<\/a><\/span><\/p>\n","protected":false},"author":9,"featured_media":5781,"comment_status":"open","ping_status":"open","sticky":false,"template":"","format":"standard","meta":{"_monsterinsights_skip_tracking":false,"_monsterinsights_sitenote_active":false,"_monsterinsights_sitenote_note":"","_monsterinsights_sitenote_category":0,"footnotes":""},"categories":[123,178,78,30,59],"tags":[180],"class_list":["entry","author-admin","post-5780","post","type-post","status-publish","format-standard","has-post-thumbnail","category-aktualnosci","category-energetyka","category-historia","category-kultura","category-wydarzenia","tag-polska-grupa-energetyczna"],"aioseo_notices":[],"_links":{"self":[{"href":"https:\/\/naszpowiat.info\/index.php\/wp-json\/wp\/v2\/posts\/5780","targetHints":{"allow":["GET"]}}],"collection":[{"href":"https:\/\/naszpowiat.info\/index.php\/wp-json\/wp\/v2\/posts"}],"about":[{"href":"https:\/\/naszpowiat.info\/index.php\/wp-json\/wp\/v2\/types\/post"}],"author":[{"embeddable":true,"href":"https:\/\/naszpowiat.info\/index.php\/wp-json\/wp\/v2\/users\/9"}],"replies":[{"embeddable":true,"href":"https:\/\/naszpowiat.info\/index.php\/wp-json\/wp\/v2\/comments?post=5780"}],"version-history":[{"count":2,"href":"https:\/\/naszpowiat.info\/index.php\/wp-json\/wp\/v2\/posts\/5780\/revisions"}],"predecessor-version":[{"id":5784,"href":"https:\/\/naszpowiat.info\/index.php\/wp-json\/wp\/v2\/posts\/5780\/revisions\/5784"}],"wp:featuredmedia":[{"embeddable":true,"href":"https:\/\/naszpowiat.info\/index.php\/wp-json\/wp\/v2\/media\/5781"}],"wp:attachment":[{"href":"https:\/\/naszpowiat.info\/index.php\/wp-json\/wp\/v2\/media?parent=5780"}],"wp:term":[{"taxonomy":"category","embeddable":true,"href":"https:\/\/naszpowiat.info\/index.php\/wp-json\/wp\/v2\/categories?post=5780"},{"taxonomy":"post_tag","embeddable":true,"href":"https:\/\/naszpowiat.info\/index.php\/wp-json\/wp\/v2\/tags?post=5780"}],"curies":[{"name":"wp","href":"https:\/\/api.w.org\/{rel}","templated":true}]}}