{"id":5757,"date":"2023-10-06T16:38:32","date_gmt":"2023-10-06T16:38:32","guid":{"rendered":"https:\/\/naszpowiat.info\/?p=5757"},"modified":"2023-10-06T16:39:03","modified_gmt":"2023-10-06T16:39:03","slug":"pge-mecenasem-edukacji-zamku-krolewskiego-w-warszawie-oraz-partnerem-wystawy-nowosielski","status":"publish","type":"post","link":"https:\/\/naszpowiat.info\/index.php\/2023\/10\/06\/pge-mecenasem-edukacji-zamku-krolewskiego-w-warszawie-oraz-partnerem-wystawy-nowosielski\/","title":{"rendered":"PGE Mecenasem Edukacji Zamku Kr\u00f3lewskiego w Warszawie oraz Partnerem wystawy \u201eNowosielski\u201d"},"content":{"rendered":"\n<p><strong>PGE Polska Grupa Energetyczna zosta\u0142a mecenasem Edukacji Zamku Kr\u00f3lewskiego w Warszawie oraz Partnerem wystawy \u201eNowosielski\u201d. Jest to 24 instytucja kultury, kt\u00f3ra do\u0142\u0105czy\u0142a do PGE Kulturalnej Grupy Energetycznej.<\/strong><\/p>\n\n\n\n<blockquote class=\"wp-block-quote is-layout-flow wp-block-quote-is-layout-flow\">\n<p><em>Zamek Kr\u00f3lewski w Warszawie od ponad 40 lat stanowi wa\u017cn\u0105 instytucj\u0119 kultury. Jego pocz\u0105tki si\u0119gaj\u0105 XIV wieku. Przez ten czas by\u0142 \u015bwiadkiem najwa\u017cniejszych wydarze\u0144 z historii Polski. Ca\u0142kowicie zniszczony w czasie II wojny \u015bwiatowej, a p\u00f3\u017aniej odbudowany dzi\u0119ki ca\u0142emu Narodowi Polskiemu jest symbolem Polsko\u015bci. Dlatego, jako jeden z najwi\u0119kszych mecenas\u00f3w kultury w Polsce i propagator\u00f3w narodowej historii nie mogli\u015bmy pomin\u0105\u0107 Zamku Kr\u00f3lewskiego w naszej Kulturalnej Grupie Energetycznej \u2013 powiedzia\u0142 <\/em><strong>Wojciech D\u0105browski, prezes zarz\u0105du PGE Polskiej Grupy Energetycznej.<\/strong><\/p>\n<\/blockquote>\n\n\n\n<p>W ramach wsp\u00f3\u0142pracy z Zamkiem Kr\u00f3lewskim w Warszawie, PGE b\u0119dzie realizowa\u0107 projekty edukacyjne, maj\u0105ce na celu zach\u0119cenie szerokiego grona odbiorc\u00f3w \u2013 dzieci, m\u0142odzie\u017cy, doros\u0142ych i senior\u00f3w \u2013 do udzia\u0142u i korzystania z bogatej oferty wydarze\u0144 organizowanych w muzeum.<em><\/em><\/p>\n\n\n\n<p>PGE wesprze projekty skierowane zar\u00f3wno dla najm\u0142odszych dzieci, m.in. Z maluszkiem w Zamku, Zamkowa Akademia M\u0142odego Eksploratora, jak r\u00f3wnie\u017c lekcje i warsztaty dla uczni\u00f3w szk\u00f3\u0142 podstawowych i ponadpodstawowych, oraz projekty skierowane do doros\u0142ych, jak np. Godzina ze sztuk\u0105, czy wyk\u0142ady z historii sztuki.<\/p>\n\n\n\n<p>PGE zosta\u0142a tak\u017ce Partnerem wystawy prac Jerzego Nowosielskiego, zorganizowan\u0105 dla uczczenia 100. rocznicy urodzin tego wybitnego malarza.<strong>&nbsp;<\/strong><\/p>\n\n\n\n<p>Wszystkie te inicjatywy maj\u0105 na celu promowanie dziedzictwa kulturalnego i artystycznego, jakie oferuje Zamek, a tak\u017ce zach\u0119canie do aktywnego uczestnictwa spo\u0142ecze\u0144stwa we wsp\u00f3\u0142tworzeniu i korzystaniu z tych warto\u015bciowych projekt\u00f3w.<\/p>\n\n\n\n<p>Zamek Kr\u00f3lewski w Warszawie to jedna z najwa\u017cniejszych rezydencji kr\u00f3lewskich w Europie oraz pomnik polskiej niepodleg\u0142o\u015bci. To historyczna siedziba kr\u00f3l\u00f3w, Sejmu, a tak\u017ce Prezydenta II Rzeczypospolitej. Zamek to muzeum, i galeria sztuki, kt\u00f3re wg listy brytyjskiego magazynu \u201eThe Art. Newpaper\u201d jest 23 najpopularniejszym Muzeum na \u015bwiecie, a tak\u017ce o\u015brodek nauki i edukacji oraz jedno z najwa\u017cniejszych w Polsce miejsc pe\u0142ni\u0105cych funkcje reprezentacyjne na szczeblu pa\u0144stwowym i mi\u0119dzynarodowym.<\/p>\n\n\n\n<p>PGE Polska Grupa Energetyczna jest jednym z najwi\u0119kszych mecenas\u00f3w kultury w Polsce. W ramach projektu \u201ePGE Kulturalna Grupa Energetyczna\u201d wspiera 24 instytucje kultury w ca\u0142ej Polsce, w tym Muzeum Narodowe w Warszawie, Zamek Kr\u00f3lewski w Warszawie, Muzeum Narodowe w Krakowie, Zamek Kr\u00f3lewski na Wawelu, Muzeum Narodowe w Lublinie, Muzeum Narodowe w Kielcach i Muzeum Narodowe w Gda\u0144sku. Obj\u0119\u0142a mecenatem tak\u017ce: Filharmoni\u0119 Narodow\u0105, Narodowe Forum Muzyki, Polsk\u0105 Filharmoni\u0119 Ba\u0142tyck\u0105, Filharmoni\u0119 Krakowsk\u0105, Filharmoni\u0119 Szczeci\u0144sk\u0105, Filharmoni\u0119 \u015al\u0105sk\u0105, Filharmoni\u0119 Gorzowsk\u0105, Filharmoni\u0119 Opolsk\u0105, Filharmoni\u0119 Lubelsk\u0105, Filharmoni\u0119 \u015awi\u0119tokrzysk\u0105, Filharmoni\u0119 Podkarpack\u0105, Filharmoni\u0119 Dolno\u015bl\u0105sk\u0105, Filharmoni\u0119 Zielonog\u00f3rsk\u0105, Toru\u0144sk\u0105 Orkiestr\u0119 Symfoniczn\u0105, Oper\u0119 i Filharmoni\u0119 Podlask\u0105 \u2013 Europejskie Centrum Sztuki, Filharmoni\u0119 Opolsk\u0105 oraz Filharmoni\u0119 \u0141\u00f3dzk\u0105 im. Artura Rubinsteina.<\/p>\n\n\n\n<p>PGE wspiera kultur\u0119, nie tylko poprzez mecenat wydarze\u0144 i instytucji kulturalnych, ale przede wszystkim zach\u0119caj\u0105c wszystkich do kontaktu ze sztuk\u0105 i obcowania z kultur\u0105. W ramach swojej dzia\u0142alno\u015bci kulturalnej szczeg\u00f3lnie wspiera inicjatywy edukacyjne. Tylko w 2022 roku w instytucjach kultury wspieranych przez PGE zosta\u0142o zorganizowanych ponad 6 tys. pojedynczych wydarze\u0144, w kt\u00f3rych wzi\u0119\u0142o udzia\u0142 blisko 6 mln os\u00f3b.<\/p>\n<div class=\"naszp-po-tresci\" id=\"naszp-4084385059\"><script async src=\"\/\/pagead2.googlesyndication.com\/pagead\/js\/adsbygoogle.js?client=ca-pub-5304901113955943\" crossorigin=\"anonymous\"><\/script><ins class=\"adsbygoogle\" style=\"display:block;\" data-ad-client=\"ca-pub-5304901113955943\" \ndata-ad-slot=\"9226873542\" \ndata-ad-format=\"auto\"><\/ins>\n<script> \n(adsbygoogle = window.adsbygoogle || []).push({}); \n<\/script>\n<\/div>","protected":false},"excerpt":{"rendered":"<p>PGE Polska Grupa Energetyczna zosta\u0142a mecenasem Edukacji Zamku Kr\u00f3lewskiego w Warszawie oraz Partnerem wystawy \u201eNowosielski\u201d. Jest to 24 instytucja kultury, kt\u00f3ra do\u0142\u0105czy\u0142a do PGE Kulturalnej Grupy Energetycznej. Zamek Kr\u00f3lewski w Warszawie od ponad 40 lat stanowi wa\u017cn\u0105 instytucj\u0119 kultury. Jego pocz\u0105tki si\u0119gaj\u0105 XIV wieku. Przez ten czas by\u0142 \u015bwiadkiem najwa\u017cniejszych<span class=\"more-link\"><a href=\"https:\/\/naszpowiat.info\/index.php\/2023\/10\/06\/pge-mecenasem-edukacji-zamku-krolewskiego-w-warszawie-oraz-partnerem-wystawy-nowosielski\/\">Czytaj dalej<\/a><\/span><\/p>\n","protected":false},"author":9,"featured_media":5758,"comment_status":"open","ping_status":"open","sticky":false,"template":"","format":"standard","meta":{"_monsterinsights_skip_tracking":false,"_monsterinsights_sitenote_active":false,"_monsterinsights_sitenote_note":"","_monsterinsights_sitenote_category":0,"footnotes":""},"categories":[123,178,30,59],"tags":[180],"class_list":["entry","author-admin","post-5757","post","type-post","status-publish","format-standard","has-post-thumbnail","category-aktualnosci","category-energetyka","category-kultura","category-wydarzenia","tag-polska-grupa-energetyczna"],"aioseo_notices":[],"_links":{"self":[{"href":"https:\/\/naszpowiat.info\/index.php\/wp-json\/wp\/v2\/posts\/5757","targetHints":{"allow":["GET"]}}],"collection":[{"href":"https:\/\/naszpowiat.info\/index.php\/wp-json\/wp\/v2\/posts"}],"about":[{"href":"https:\/\/naszpowiat.info\/index.php\/wp-json\/wp\/v2\/types\/post"}],"author":[{"embeddable":true,"href":"https:\/\/naszpowiat.info\/index.php\/wp-json\/wp\/v2\/users\/9"}],"replies":[{"embeddable":true,"href":"https:\/\/naszpowiat.info\/index.php\/wp-json\/wp\/v2\/comments?post=5757"}],"version-history":[{"count":1,"href":"https:\/\/naszpowiat.info\/index.php\/wp-json\/wp\/v2\/posts\/5757\/revisions"}],"predecessor-version":[{"id":5759,"href":"https:\/\/naszpowiat.info\/index.php\/wp-json\/wp\/v2\/posts\/5757\/revisions\/5759"}],"wp:featuredmedia":[{"embeddable":true,"href":"https:\/\/naszpowiat.info\/index.php\/wp-json\/wp\/v2\/media\/5758"}],"wp:attachment":[{"href":"https:\/\/naszpowiat.info\/index.php\/wp-json\/wp\/v2\/media?parent=5757"}],"wp:term":[{"taxonomy":"category","embeddable":true,"href":"https:\/\/naszpowiat.info\/index.php\/wp-json\/wp\/v2\/categories?post=5757"},{"taxonomy":"post_tag","embeddable":true,"href":"https:\/\/naszpowiat.info\/index.php\/wp-json\/wp\/v2\/tags?post=5757"}],"curies":[{"name":"wp","href":"https:\/\/api.w.org\/{rel}","templated":true}]}}