{"id":5687,"date":"2023-09-12T13:31:48","date_gmt":"2023-09-12T13:31:48","guid":{"rendered":"https:\/\/naszpowiat.info\/?p=5687"},"modified":"2023-09-20T08:30:23","modified_gmt":"2023-09-20T08:30:23","slug":"sipiera-rozwoj-regionu-priorytetem-moich-dzialan","status":"publish","type":"post","link":"https:\/\/naszpowiat.info\/index.php\/2023\/09\/12\/sipiera-rozwoj-regionu-priorytetem-moich-dzialan\/","title":{"rendered":"<strong>Sipiera: Rozw<\/strong><strong>\u00f3j regionu priorytetem moich dzia\u0142a\u0144<\/strong>"},"content":{"rendered":"\n<p><strong>&#8211; Gwarantem bezpiecze\u0144stwa i dalszego rozwoju Polski jest Prawo i Sprawiedliwo\u015b\u0107 &#8211; m<\/strong><strong>\u00f3wi w rozmowie z nasz\u0105 gazet\u0105 Pose\u0142 na Sejm RP Zdzis\u0142aw Sipiera.<\/strong><\/p>\n\n\n\n<p><strong><u>Redakcja:<\/u><\/strong> <strong>15 pa\u017adziernika odb\u0119d\u0105 si\u0119 wybory parlamentarne. Wiele m<\/strong><strong>\u00f3wi si\u0119 o wadze i znaczeniu tych wybor<\/strong><strong>\u00f3w w kontek\u015bcie przysz\u0142o\u015bci Polski.<\/strong><\/p>\n\n\n\n<p><strong><u>Pose\u0142 Zdzis\u0142aw Sipiera:<\/u><\/strong> Przez osiem lat rz\u0105d\u00f3w Prawa i Sprawiedliwo\u015bci wykonali\u015bmy tytaniczn\u0105 prac\u0119 na rzecz rozwoju Polski, komfortu \u017cycia Polek i Polak\u00f3w. Sztandarowy program 500 +, kt\u00f3ry od 1 stycznia 2024 roku stanie si\u0119 programem 800 + to wyraz troski o los polskich rodzin i przysz\u0142o\u015b\u0107 dzieci. Kolejna kwestia to 13 i 14 emerytura, obni\u017cenie podatk\u00f3w, Dobry Start 300 z\u0142 dla ucznia, bezp\u0142atne leki, czy bezp\u0142atne autostrady w spos\u00f3b wydatny wp\u0142yn\u0119\u0142y na poczucie stabilno\u015bci i bezpiecze\u0144stwa Polek i Polak\u00f3w. Dbamy o Polak\u00f3w, czego dowodem by\u0142y wprowadzane w czasach covidu Tarcza Antykryzysowa czy Tarcza Antyinflacyjna. Sytuacja za nasz\u0105 granic\u0105 wywo\u0142uje niepok\u00f3j. Rz\u0105d Prawa i Sprawiedliwo\u015bci pokazuje jak wa\u017cne jest bezpiecze\u0144stwo. Nowy sprz\u0119t wojskowy, mur na granicy to dzia\u0142ania zmierzaj\u0105ce do wzmocnienia Polski i jej potencja\u0142u. Najlepszym tego wyrazem by\u0142y uroczyste obchody \u015awi\u0119ta Wojska Polskiego. 15 sierpnia w Warszawie rodacy mogli podziwia\u0107 silne Wojsko Polskie, kt\u00f3re jest gwarantem naszego bezpiecze\u0144stwa. Polacy widz\u0105c rozw\u00f3j armii i kolejne inwestycje czuj\u0105 si\u0119 bezpieczeni. Zwr\u00f3\u0107my uwag\u0119 na gospodark\u0119 i rozw\u00f3j naszego kraju. Najlepszym przyk\u0142adem stabilno\u015bci jest niskie bezrobocie. Teraz sp\u00f3jrzmy na opozycj\u0119, kt\u00f3ra wielokrotnie pokaza\u0142a ju\u017c sw\u00f3j stosunek do Polak\u00f3w. Podwy\u017cszenie wieku emerytalnego, prywatyzacja, lekcewa\u017c\u0105ce podej\u015bcie do kwestii bezpiecze\u0144stwa to jest to, co od lat oferuje Platforma. Na to nie ma naszej zgody! Nasze has\u0142o \u201eBezpieczna Przysz\u0142o\u015b\u0107 Polak\u00f3w\u201d jest wyrazem tego, co dla Prawa i Sprawiedliwo\u015bci jest najwa\u017cniejsze. Troszczymy si\u0119 o Polsk\u0119, o dobro Polek i Polak\u00f3w, o polskie rodziny.<\/p>\n\n\n\n<p><strong>R: Kandyduje Pan z \u2026. miejsca na li\u015bcie Prawa i Sprawiedliwo\u015bci. Dlaczego wyborcy powinni g\u0142osowa\u0107 w\u0142a\u015bnie na Pana?<\/strong><\/p>\n\n\n\n<p>ZS: Przez cztery lata pracy jako Pose\u0142 by\u0142em obecny w \u017cyciu lokalnej spo\u0142eczno\u015bci. Taka jest praca, rola Pos\u0142a, kt\u00f3ry zosta\u0142 wybrany z danego okr\u0119gu. Moim zadaniem by\u0142a troska o rozw\u00f3j gmin z powiat\u00f3w pruszkowskiego, grodziskiego, otwockiego, piaseczy\u0144skiego, nowodworskiego, wo\u0142omi\u0144skiego, legionowskiego i warszawskiego-zachodniego. Zabiega\u0142em o to, aby do tych samorz\u0105d\u00f3w trafia\u0142y \u015brodki na rozw\u00f3j i wa\u017cne inwestycje infrastrukturalne. Rozw\u00f3j regionu zawsze by\u0142 priorytetem moich dzia\u0142a\u0144. Jednocze\u015bnie spotyka\u0142em si\u0119 z w\u0142odarzami, aby rozpoznawa\u0107 te potrzeby, a tak\u017ce rozmawia\u0142em z mieszka\u0144cami. Spotyka\u0142em si\u0119 r\u00f3wnie\u017c z ludzkimi problemami w moich biurach poselskich. Zawsze do ka\u017cdej sprawy podchodzi\u0142em z najwi\u0119ksz\u0105 uwag\u0105 i stara\u0142em si\u0119 nie\u015b\u0107 pomoc.<\/p>\n\n\n\n<p>Stanowi dla mnie zaszczyt, \u017ce po raz kolejny startuj\u0119 do Sejmu RP. G\u0142\u0119boko wierz\u0119, \u017ce moja dotychczasowa praca zostanie doceniona. Za ka\u017cdy oddany na mnie g\u0142os b\u0119d\u0119 wdzi\u0119czny. Najwa\u017cniejsza jest Polska i jej przysz\u0142o\u015b\u0107. Dlatego 15 pa\u017adziernika musimy dokona\u0107 w\u0142a\u015bciwego wyboru. Gwarantem bezpiecze\u0144stwa i dalszego rozwoju Polski jest Prawo i Sprawiedliwo\u015b\u0107.<\/p>\n\n\n\n<p><strong>R: 15 pa\u017adziernika odb\u0119dzie si\u0119 r<\/strong><strong>\u00f3wnie\u017c referendum. Polacy odpowiedz\u0105 na cztery pytania. Dlaczego akurat takie?<\/strong><\/p>\n\n\n\n<p>ZS: Pytania referendalne dotycz\u0105 fundamentalnych spraw dla naszego pa\u0144stwa. Polacy b\u0119d\u0105 mogli wypowiedzie\u0107 si\u0119 w kwestiach, kt\u00f3re w ostatnim czasie sta\u0142y si\u0119 tematem dyskusji i tak jak wspomnia\u0142em &#8211; s\u0105 wa\u017cne dla interesu naszego kraju. Pierwsze pytanie dotyczy wyprzeda\u017cy maj\u0105tku pa\u0144stwowego podmiotom zagranicznym. Rz\u0105d Prawa i Sprawiedliwo\u015bci pokaza\u0142, \u017ce dzi\u0119ki ci\u0119\u017ckiej pracy i dzia\u0142aniom na rzecz rozwoju polskich firm mo\u017cna osi\u0105gn\u0105\u0107 sukces. Platforma wyprzedawa\u0142a wszystko i d\u0105\u017cy\u0142a do pozbycia si\u0119 wszystkiego. Opozycja podnios\u0142a te\u017c wiek emerytalny, kt\u00f3ry rz\u0105d Prawa i Sprawiedliwo\u015bci obni\u017cy\u0142! My chcemy, aby Polacy mogli korzysta\u0107 z jesieni \u017cycia. Drugie pytanie dotyczy w\u0142a\u015bnie przywr\u00f3cenia poprzedniego wieku emerytalnego, a wi\u0119c jego podniesienia. Kolejna istotna kwestia to bezpiecze\u0144stwo. Pytanie referendalne dotyczy likwidacji bariery na granicy z Bia\u0142orusi\u0105. Chyba nikt komu bezpiecze\u0144stwo Polski le\u017cy na sercu nie jest za ograniczaniem narz\u0119dzi s\u0142u\u017c\u0105cych naszej obronie. Czwarte pytanie dotyczy przyj\u0119cia tysi\u0119cy nielegalnych imigrant\u00f3w z Bliskiego Wschodu i Afryki, zgodnie z przymusowym mechanizmem relokacji narzucanym przez biurokracj\u0119 europejsk\u0105. Nie ma naszej zgody na takie dzia\u0142ania! Chcemy czu\u0107 si\u0119 bezpieczenie w naszym kraju i mie\u0107 kontrol\u0119 nad tym, kto do nas migruje. Nie chcemy takich scen jakie mia\u0142y miejsce we Francji czy Skandynawii. Podkre\u015blam, \u017ce referendum dotyczy wa\u017cnych spraw. Polacy jako suweren odpowiedz\u0105 na fundamentalne pytania.<\/p>\n\n\n\n<p><strong>R: M<\/strong><strong>\u00f3wimy o wyborach i referendum, ale za nami intensywne cztery lata. Pandemia koronawirusa, wojna na Ukrainie, wiele problem<\/strong><strong>\u00f3w, ale tak\u017ce inwestycji, kt<\/strong><strong>\u00f3re rozwin\u0119\u0142y region. Mo\u017cna stwierdzi\u0107, \u017ce Polska lokalna rozwija si\u0119.<\/strong><\/p>\n\n\n\n<p>ZS: Bez w\u0105tpienia! Rz\u0105d Prawa i Sprawiedliwo\u015bci wspiera samorz\u0105dy. Do gmin trafiaj\u0105 \u015brodki, o kt\u00f3rych wcze\u015bniej w\u0142odarze mogli pomarzy\u0107. M\u00f3wimy o dofinansowaniach na poziomie 95%! Takie \u015brodki u\u0142atwiaj\u0105 realizacje wa\u017cnych i potrzebnych inwestycji. Rz\u0105dowy Program Inwestycji Strategicznych, Rz\u0105dowy Fundusz Rozwoju Dr\u00f3g, Rz\u0105dowy Program Odbudowy Zabytk\u00f3w, Rz\u0105dowy Fundusz Inwestycji Lokalnych to tylko kilka z form wsparcia. Prosz\u0119 spojrze\u0107 na zmiany, kt\u00f3re zasz\u0142y w Pruszkowie, Grodzisku Mazowieckim, \u017babiej Woli, Otwocku, Wo\u0142ominie, Legionowie. Wiele kilometr\u00f3w nowych dr\u00f3g, wodoci\u0105gi, kanalizacja, inwestycje kubaturowe, kt\u00f3re dotycz\u0105 ka\u017cdego obszaru \u017cycia.<\/p>\n\n\n\n<p><strong>R: Powsta\u0142o wiele po\u0142\u0105cze\u0144 drogowych, dzi\u0119ki kt<\/strong><strong>\u00f3rym komunikacja dla mieszka\u0144c<\/strong><strong>\u00f3w jest \u0142atwiejsza. Wida\u0107 r<\/strong><strong>\u00f3wnie\u017c efekty inwestycji w edukacj\u0119. Wiele tych inwestycji powsta\u0142o przy rz\u0105dowym wsparciu.<\/strong><\/p>\n\n\n\n<p>ZS: Dok\u0142adnie! Bo rz\u0105d Prawa i Sprawiedliwo\u015bci ws\u0142uchuje si\u0119 w potrzeby Polak\u00f3w. Jako Pose\u0142 wspieram inwestycje, kt\u00f3re s\u0142u\u017c\u0105 nam wszystkim. Z rz\u0105dowych \u015brodk\u00f3w mo\u017cliwe by\u0142o wybudowanie wa\u017cnej dla mieszka\u0144c\u00f3w Pruszkowa ul. Europejskiej, kt\u00f3ra pozwala mieszka\u0144com G\u0119sina na szybki dojazd do autostrady i likwiduje korki. Miasto Pruszk\u00f3w pozyska\u0142o na ten cel ponad 5,4 mln z\u0142. Mo\u017cliwo\u015bci komunikacyjne w regionie zmieni r\u00f3wnie\u017c wiadukt drogowy \u0142\u0105cz\u0105cy ul. Grunwaldzk\u0105 z ul. Warszawsk\u0105 w Pruszkowie. Tu dofinansowanie rz\u0105dowe wynosi 8,4 mln z\u0142. Wspomn\u0119 r\u00f3wnie\u017c o inwestycjach w o\u015bwiat\u0119. Ponad 25 mln z\u0142 na rozbudow\u0119 Szko\u0142y Podstawowej nr 3 w Pruszkowie, 5 mln z\u0142 na przedszkole w Wolicy czy 5 mln z\u0142 na budow\u0119 przedszkola z oddzia\u0142ami \u017c\u0142obka w gminie Pra\u017cm\u00f3w. S\u0105 to kluczowe inwestycje, kt\u00f3re zapewniaj\u0105 odpowiednie warunki rozwoju dzieci i m\u0142odzie\u017cy. Dzi\u015b wiele z tych inwestycji jest zrealizowanych, dzi\u0119ki czemu komfort nauki jest wi\u0119kszy. Pami\u0119tamy r\u00f3wnie\u017c o sporcie i rekreacji. 15,3 mln z\u0142 na hal\u0119 sportow\u0105 przy Szkole Podstawowej nr 3 w Piastowie, 9,7 mln z\u0142 na doko\u0144czenie hali sportowej w Grodzisku Mazowieckim. Wiele lat w Otwocku starano si\u0119 o basen. Dzi\u015b te plany si\u0119 materializuj\u0105. Miasto na ten cel pozyska\u0142o ponad 77,6 mln z\u0142. Dbamy r\u00f3wnie\u017c o bezpiecze\u0144stwo i zdrowie. Ponad 21 mln z\u0142 przeznaczono z rz\u0105dowych \u015brodk\u00f3w na przebudow\u0119 oddzia\u0142\u00f3w i zakup wyposa\u017cenia dla Szpitala Matki Bo\u017cej Nieustaj\u0105cej Pomocy w Wo\u0142ominie. Na budow\u0119 stra\u017cnicy OSP w Milan\u00f3wku trafi\u0142o 9,4 mln z\u0142. Warto wspomnie\u0107 o 21,2 mln z\u0142 na rozbudow\u0119 komendy policji w Pruszkowie. M\u00f3wimy o rzeczach realnych, miliardach z\u0142otych przeznaczonych na rozw\u00f3j i wa\u017cne inwestycje lokalne, dzi\u0119ki kt\u00f3rym lepiej si\u0119 \u017cyje. Mieszka\u0144cy powiat\u00f3w pruszkowskiego, otwockiego, grodziskiego, piaseczy\u0144skiego, wo\u0142omi\u0144skiego i nowodworskiego to odczuwaj\u0105.<\/p>\n\n\n\n<p><strong>R: To co m<\/strong><strong>\u00f3wi Pan Pose\u0142 brzmi imponuj\u0105co. Wielu samorz\u0105dowc<\/strong><strong>\u00f3w jednak narzeka, \u017ce rz\u0105d o nich zapomnia\u0142.<\/strong><\/p>\n\n\n\n<p>ZS: Nie rozumiem tego. Tak jak wcze\u015bniej wspomnia\u0142em &#8211; nigdy wcze\u015bniej nie by\u0142o mowy o takich dofinansowaniach rz\u0105dowych dla samorz\u0105d\u00f3w jak teraz! Dzi\u0119ki nowelizacji tzw. ustawy oko\u0142obud\u017cetowej na 2023 r. samorz\u0105dy jeszcze w tym roku otrzymaj\u0105 kolejne wsparcie w wysoko\u015bci 14 mld z\u0142.&nbsp; Podam kilka przyk\u0142ad\u00f3w. Samorz\u0105dy z powiatu pruszkowskiego otrzymaj\u0105 ponad 72 mln z\u0142, 47 mln z\u0142 dla gmin z powiatu grodziskiego, 50 mln z\u0142 dla gmin z powiatu otwockiego, ponad 88 mln z\u0142 dla gmin z powiatu piaseczy\u0144skiego. Dzi\u0119ki tym \u015brodkom samorz\u0105dy mog\u0105 zrealizowa\u0107 kolejne zadania.<\/p>\n\n\n\n<p><strong>R: Brzmi to imponuj\u0105co. Inwestycje samorz\u0105dowe to jedno, a kolejna kwestia to zmiany dla Polak<\/strong><strong>\u00f3w.<\/strong><\/p>\n\n\n\n<p>ZS: Polska jest jednym ze \u015bwiatowych lider\u00f3w rozwoju gospodarczego. Polska gospodarka w latach 2015-2022 wzros\u0142a realnie o ok. 32%. Ten wzrost by\u0142 wi\u0119kszy ni\u017c w jakimkolwiek innym du\u017cym pa\u0144stwie Unii Europejskiej. Uszczelnienie systemu podatkowego i naprawa finans\u00f3w publicznych umo\u017cliwi\u0142y realizacj\u0119 wielkich program\u00f3w spo\u0142ecznych. Wspomn\u0119 o najwi\u0119kszej w historii obni\u017cce podatk\u00f3w &#8211; PIT i CIT. W uj\u0119ciu realnym PKB Polski w I kwartale 2023 r., wobec I kwarta\u0142u 2019 r., wzr\u00f3s\u0142 o 13,8%! We\u017amy pod uwag\u0119, \u017ce mamy za sob\u0105 pandemi\u0119 i kryzys! To najwy\u017cszy wynik w\u015br\u00f3d du\u017cych gospodarek europejskich. Wobec obecnych wyzwa\u0144 podj\u0119li\u015bmy zdecydowane kroki na rzecz rozwoju armii i zwi\u0119kszenia bezpiecze\u0144stwa. Wa\u017cna jest r\u00f3wnie\u017c kwestia stopy bezrobocia, kt\u00f3ra nigdy nie by\u0142a ni\u017csza! W maju 2023 roku wynios\u0142a 2,7%, czyli to drugi wynik w Unii Europejskiej. W Polsce co roku powstaj\u0105 tysi\u0105ce miejsc pracy. Przyci\u0105gamy r\u00f3wnie\u017c kapita\u0142 zagraniczny.&nbsp;W Polsce zainwestuje ameryka\u0144ska firma Intel i b\u0119dzie to najwi\u0119ksza inwestycja w historii Polski! W pierwszej fazie b\u0119dzie to 20 mld z\u0142 i 2 tys. miejsc pracy.<\/p>\n\n\n\n<p><strong>R: Jaki\u015b czas temu Prawo i Sprawiedliwo\u015b\u0107 m<\/strong><strong>\u00f3wi\u0142o o nowych konkretach. Jak wygl\u0105da ich realizacja?<\/strong><\/p>\n\n\n\n<p>ZS: Dotrzymujemy s\u0142owa! 7 sierpnia w Tarczynie Prezydent Andrzej Duda podpisa\u0142 ustaw\u0119 o \u015bwiadczeniu Rodzina 800+. Od 1 stycznia 2024 r. do polskich rodzin pop\u0142ynie zwi\u0119kszona kwota wsparcia finansowego o 300 z\u0142 miesi\u0119cznie. Pozosta\u0142e warunki programu pozostan\u0105 bez zmian. Ka\u017cde dziecko w rodzinie otrzyma z programu 9600 z\u0142 w ci\u0105gu roku. Dodatkowe \u015brodki rodzice b\u0119d\u0105 mogli przeznaczy\u0107 na bie\u017c\u0105ce potrzeby dziecka czy zaj\u0119cia pozaszkolne. Szacujemy, \u017ce z programu Rodzina 800+ w 2024 r. skorzysta blisko 6,7 mln dzieci. 29 sierpnia 2023 r. Prezydent Andrzej Duda podpisa\u0142 nowelizacje ustaw o \u015bwiadczeniach opieki zdrowotnej finansowanych ze \u015brodk\u00f3w publicznych oraz o refundacji lek\u00f3w, \u015brodk\u00f3w spo\u017cywczych specjalnego przeznaczenia \u017cywieniowego oraz wyrob\u00f3w medycznych. Oznacza to nowe bezp\u0142atne leki dla dzieci i m\u0142odzie\u017cy do uko\u0144czenia 18. roku \u017cycia oraz senior\u00f3w po uko\u0144czeniu 65. roku \u017cycia. Lista obejmuje ponad 2000 pozycji i b\u0119dzie uzupe\u0142niana! Do tego jeszcze darmowe autostrady. Od 1 lipca 2023 r. wszystkie autostrady zarz\u0105dzane przez pa\u0144stwo s\u0105 bezp\u0142atne. Dotyczy to odcink\u00f3w A2 Konin-Stryk\u00f3w oraz A4 Wroc\u0142aw-So\u015bnica. W wakacyjne weekendy, dzi\u0119ki dzia\u0142aniom rz\u0105du, za darmo przejdziemy A1 na odcinku Gda\u0144sk-Toru\u0144.<\/p>\n\n\n\n<p><strong>R: Rz\u0105d Prawa i Sprawiedliwo\u015bci stawi\u0142 czo\u0142a wielu wyzwaniom. Czy Polacy mog\u0105 czu\u0107 si\u0119 bezpieczni?<\/strong><\/p>\n\n\n\n<p>ZS: Gwarantujemy bezpiecze\u0144stwo militarne, energetyczne, socjalne, ekonomiczne. Jeste\u015bmy parti\u0105, kt\u00f3ra zapewnia bezpiecze\u0144stwo Polakom na wielu poziomach. Przez osiem lat rz\u0105d\u00f3w Prawo i Sprawiedliwo\u015b\u0107 pokaza\u0142o, \u017ce troszczymy si\u0119 o Polak\u00f3w &#8211; polskie rodziny, ka\u017cd\u0105 grup\u0119 wiekow\u0105, ka\u017cd\u0105 grup\u0119 spo\u0142eczn\u0105.<\/p>\n\n\n\n<p><strong>R: Odliczamy czas do 15 pa\u017adziernika i wybor<\/strong><strong>\u00f3<\/strong><strong>w.<\/strong><strong><\/strong><\/p>\n\n\n\n<p>ZS: Zdecydujemy w\u00f3wczas o przysz\u0142o\u015b\u0107 Polski. Zach\u0119cam wszystkich Pa\u0144stwa do oddania g\u0142osu na Prawo i Sprawiedliwo\u015b\u0107, kt\u00f3rego celem jest bezpieczna przysz\u0142o\u015b\u0107 Polak\u00f3w, rozw\u00f3j naszego kraju i troska o los polskich rodzin. Dzi\u0119kuj\u0119 r\u00f3wnie\u017c za ka\u017cdy g\u0142os oddany na moj\u0105 osob\u0119.<\/p>\n<div class=\"naszp-po-tresci\" id=\"naszp-2309845107\"><script async src=\"\/\/pagead2.googlesyndication.com\/pagead\/js\/adsbygoogle.js?client=ca-pub-5304901113955943\" crossorigin=\"anonymous\"><\/script><ins class=\"adsbygoogle\" style=\"display:block;\" data-ad-client=\"ca-pub-5304901113955943\" \ndata-ad-slot=\"9226873542\" \ndata-ad-format=\"auto\"><\/ins>\n<script> \n(adsbygoogle = window.adsbygoogle || []).push({}); \n<\/script>\n<\/div>","protected":false},"excerpt":{"rendered":"<p>&#8211; Gwarantem bezpiecze\u0144stwa i dalszego rozwoju Polski jest Prawo i Sprawiedliwo\u015b\u0107 &#8211; m\u00f3wi w rozmowie z nasz\u0105 gazet\u0105 Pose\u0142 na Sejm RP Zdzis\u0142aw Sipiera. Redakcja: 15 pa\u017adziernika odb\u0119d\u0105 si\u0119 wybory parlamentarne. Wiele m\u00f3wi si\u0119 o wadze i znaczeniu tych wybor\u00f3w w kontek\u015bcie przysz\u0142o\u015bci Polski. Pose\u0142 Zdzis\u0142aw Sipiera: Przez osiem lat<span class=\"more-link\"><a href=\"https:\/\/naszpowiat.info\/index.php\/2023\/09\/12\/sipiera-rozwoj-regionu-priorytetem-moich-dzialan\/\">Czytaj dalej<\/a><\/span><\/p>\n","protected":false},"author":9,"featured_media":5688,"comment_status":"open","ping_status":"open","sticky":false,"template":"","format":"standard","meta":{"_monsterinsights_skip_tracking":false,"_monsterinsights_sitenote_active":false,"_monsterinsights_sitenote_note":"","_monsterinsights_sitenote_category":0,"footnotes":""},"categories":[123,28,38,31],"tags":[141],"class_list":["entry","author-admin","post-5687","post","type-post","status-publish","format-standard","has-post-thumbnail","category-aktualnosci","category-dla-mieszkanca","category-pruszkowski","category-powiaty-mazowieckiego","tag-pruszkow"],"aioseo_notices":[],"_links":{"self":[{"href":"https:\/\/naszpowiat.info\/index.php\/wp-json\/wp\/v2\/posts\/5687","targetHints":{"allow":["GET"]}}],"collection":[{"href":"https:\/\/naszpowiat.info\/index.php\/wp-json\/wp\/v2\/posts"}],"about":[{"href":"https:\/\/naszpowiat.info\/index.php\/wp-json\/wp\/v2\/types\/post"}],"author":[{"embeddable":true,"href":"https:\/\/naszpowiat.info\/index.php\/wp-json\/wp\/v2\/users\/9"}],"replies":[{"embeddable":true,"href":"https:\/\/naszpowiat.info\/index.php\/wp-json\/wp\/v2\/comments?post=5687"}],"version-history":[{"count":3,"href":"https:\/\/naszpowiat.info\/index.php\/wp-json\/wp\/v2\/posts\/5687\/revisions"}],"predecessor-version":[{"id":5693,"href":"https:\/\/naszpowiat.info\/index.php\/wp-json\/wp\/v2\/posts\/5687\/revisions\/5693"}],"wp:featuredmedia":[{"embeddable":true,"href":"https:\/\/naszpowiat.info\/index.php\/wp-json\/wp\/v2\/media\/5688"}],"wp:attachment":[{"href":"https:\/\/naszpowiat.info\/index.php\/wp-json\/wp\/v2\/media?parent=5687"}],"wp:term":[{"taxonomy":"category","embeddable":true,"href":"https:\/\/naszpowiat.info\/index.php\/wp-json\/wp\/v2\/categories?post=5687"},{"taxonomy":"post_tag","embeddable":true,"href":"https:\/\/naszpowiat.info\/index.php\/wp-json\/wp\/v2\/tags?post=5687"}],"curies":[{"name":"wp","href":"https:\/\/api.w.org\/{rel}","templated":true}]}}