{"id":5673,"date":"2023-09-08T12:25:53","date_gmt":"2023-09-08T12:25:53","guid":{"rendered":"https:\/\/naszpowiat.info\/?p=5673"},"modified":"2023-09-08T14:32:11","modified_gmt":"2023-09-08T14:32:11","slug":"stanislaw-lilpop-patronem-nowego-skweru-w-brwinowie","status":"publish","type":"post","link":"https:\/\/naszpowiat.info\/index.php\/2023\/09\/08\/stanislaw-lilpop-patronem-nowego-skweru-w-brwinowie\/","title":{"rendered":"<strong>Stanis\u0142aw Lilpop patronem nowego skweru w Brwinowie<\/strong>"},"content":{"rendered":"\n<p><strong>W Brwinowie powsta\u0142 skwer, na kt\u00f3rym zosta\u0142a ustawiona rze\u017aba plenerowa, przedstawiaj\u0105ca pana Lilpopa z psem. Autorem pracy jest Karol Badyna, znany polski rze\u017abiarz. Uwieczniony na skwerze Stanis\u0142aw Wilhelm Lilpop by\u0142 w przesz\u0142o\u015bci w\u0142a\u015bcicielem maj\u0105tku Brwin\u00f3w. \u00a0<\/strong><\/p>\n\n\n\n<blockquote class=\"wp-block-quote is-layout-flow wp-block-quote-is-layout-flow\">\n<p>\u201eTo niespodzianka \u2013 nie tylko dla dzieci z pobliskiego przedszkola, lecz tak\u017ce dla mieszka\u0144c\u00f3w i go\u015bci odwiedzaj\u0105cych Brwin\u00f3w. Po\u0142udniowa strona miasta zyska\u0142a nowy, pi\u0119kny skwer. Po zako\u0144czeniu prac zwi\u0105zanych z przebudow\u0105 ul. Stanis\u0142awa W. Lilpopa zosta\u0142a na nim ustawiona rze\u017aba plenerowa przedstawiaj\u0105ca patrona ulicy\u201d \u2013 informuje Gmina Brwin\u00f3w.<\/p>\n<\/blockquote>\n\n\n\n<p>Na brwinowskim skwerze, obok postaci przedstawiaj\u0105cej Stanis\u0142awa W. Lilpopa, stan\u0119\u0142a te\u017c figura siedz\u0105cego przed nim wy\u017c\u0142a. Ods\u0142oni\u0119cia rze\u017ab (1 wrze\u015bnia) dokona\u0142y przedszkolaki z Le\u015bnego Przedszkola w towarzystwie burmistrza Brwinowa, Arkadiusza Kosi\u0144skiego.<\/p>\n\n\n\n<p>Rze\u017aby, kt\u00f3re pojawi\u0142y si\u0119 na skwerze w Brwinowie, s\u0105 autorstwa Karola Badyna. Ten polski rze\u017abiarz jest profesorem Akademii Sztuk Pi\u0119knych im. Jana Matejki w Krakowie. W\u015br\u00f3d prac artysty, znajduj\u0105cych si\u0119 poza granicami kraju, mo\u017cna wymieni\u0107 pomnik Artura Rubinsteina w siedzibie ONZ w Nowym Jorku oraz pomnik Fryderyka Chopina w ogrodzie botanicznym w Singapurze. Natomiast przyk\u0142adami \u201epolskich\u201d dzie\u0142 Karola Badyna s\u0105 mi\u0119dzy innymi pomnik Wojciecha Korfantego w Warszawie czy pomnik Marsza\u0142ka J\u00f3zefa Pi\u0142sudskiego z c\u00f3rkami w Sulej\u00f3wku. \u00a0<\/p>\n\n\n\n<p>Stanis\u0142aw Wilhelm Lilpop (1863-1930) by\u0142 polskim przemys\u0142owcem, pochodz\u0105cym z bogatej rodziny o korzeniach austriackich. Zapisa\u0142 si\u0119 w historii jako jeden z za\u0142o\u017cycieli miasta-ogrodu Podkowy Le\u015bnej. Stanis\u0142aw Wilhelm Lilpop by\u0142 te\u017c zapalonym my\u015bliwym oraz pasjonatem fotografii (wykonywa\u0142 barwne fotografie metod\u0105 autochromatyczn\u0105). Odziedziczy\u0142 maj\u0105tek Brwin\u00f3w, kt\u00f3rego wi\u0119kszo\u015b\u0107 zosta\u0142a przez niego sprzedana w 1909 r. W nast\u0119pnym roku, za otrzymane w ten spos\u00f3b pieni\u0105dze, wyjecha\u0142 na safari do Kenii. Parcelacja maj\u0105tku oraz sprzeda\u017c dzia\u0142ek przyczyni\u0142y si\u0119 do szybkiego rozwoju Brwinowa.<\/p>\n\n\n\n<p>\u0179r\u00f3d\u0142o: Gmina Brwin\u00f3w. Fot. UM Brwin\u00f3w \/ Facebook<\/p>\n<div class=\"naszp-po-tresci\" id=\"naszp-2776616926\"><script async src=\"\/\/pagead2.googlesyndication.com\/pagead\/js\/adsbygoogle.js?client=ca-pub-5304901113955943\" crossorigin=\"anonymous\"><\/script><ins class=\"adsbygoogle\" style=\"display:block;\" data-ad-client=\"ca-pub-5304901113955943\" \ndata-ad-slot=\"9226873542\" \ndata-ad-format=\"auto\"><\/ins>\n<script> \n(adsbygoogle = window.adsbygoogle || []).push({}); \n<\/script>\n<\/div>","protected":false},"excerpt":{"rendered":"<p>W Brwinowie powsta\u0142 skwer, na kt\u00f3rym zosta\u0142a ustawiona rze\u017aba plenerowa, przedstawiaj\u0105ca pana Lilpopa z psem. Autorem pracy jest Karol Badyna, znany polski rze\u017abiarz. Uwieczniony na skwerze Stanis\u0142aw Wilhelm Lilpop by\u0142 w przesz\u0142o\u015bci w\u0142a\u015bcicielem maj\u0105tku Brwin\u00f3w. \u00a0 \u201eTo niespodzianka \u2013 nie tylko dla dzieci z pobliskiego przedszkola, lecz tak\u017ce dla mieszka\u0144c\u00f3w<span class=\"more-link\"><a href=\"https:\/\/naszpowiat.info\/index.php\/2023\/09\/08\/stanislaw-lilpop-patronem-nowego-skweru-w-brwinowie\/\">Czytaj dalej<\/a><\/span><\/p>\n","protected":false},"author":9,"featured_media":5674,"comment_status":"open","ping_status":"open","sticky":false,"template":"","format":"standard","meta":{"_monsterinsights_skip_tracking":false,"_monsterinsights_sitenote_active":false,"_monsterinsights_sitenote_note":"","_monsterinsights_sitenote_category":0,"footnotes":""},"categories":[123,68,78,127,30,38],"tags":[171],"class_list":["entry","author-admin","post-5673","post","type-post","status-publish","format-standard","has-post-thumbnail","category-aktualnosci","category-brwinow","category-historia","category-inwestycje","category-kultura","category-pruszkowski","tag-brwinow"],"aioseo_notices":[],"_links":{"self":[{"href":"https:\/\/naszpowiat.info\/index.php\/wp-json\/wp\/v2\/posts\/5673","targetHints":{"allow":["GET"]}}],"collection":[{"href":"https:\/\/naszpowiat.info\/index.php\/wp-json\/wp\/v2\/posts"}],"about":[{"href":"https:\/\/naszpowiat.info\/index.php\/wp-json\/wp\/v2\/types\/post"}],"author":[{"embeddable":true,"href":"https:\/\/naszpowiat.info\/index.php\/wp-json\/wp\/v2\/users\/9"}],"replies":[{"embeddable":true,"href":"https:\/\/naszpowiat.info\/index.php\/wp-json\/wp\/v2\/comments?post=5673"}],"version-history":[{"count":4,"href":"https:\/\/naszpowiat.info\/index.php\/wp-json\/wp\/v2\/posts\/5673\/revisions"}],"predecessor-version":[{"id":5678,"href":"https:\/\/naszpowiat.info\/index.php\/wp-json\/wp\/v2\/posts\/5673\/revisions\/5678"}],"wp:featuredmedia":[{"embeddable":true,"href":"https:\/\/naszpowiat.info\/index.php\/wp-json\/wp\/v2\/media\/5674"}],"wp:attachment":[{"href":"https:\/\/naszpowiat.info\/index.php\/wp-json\/wp\/v2\/media?parent=5673"}],"wp:term":[{"taxonomy":"category","embeddable":true,"href":"https:\/\/naszpowiat.info\/index.php\/wp-json\/wp\/v2\/categories?post=5673"},{"taxonomy":"post_tag","embeddable":true,"href":"https:\/\/naszpowiat.info\/index.php\/wp-json\/wp\/v2\/tags?post=5673"}],"curies":[{"name":"wp","href":"https:\/\/api.w.org\/{rel}","templated":true}]}}