{"id":5373,"date":"2023-05-22T13:24:07","date_gmt":"2023-05-22T13:24:07","guid":{"rendered":"https:\/\/naszpowiat.info\/?p=5373"},"modified":"2023-05-22T13:24:08","modified_gmt":"2023-05-22T13:24:08","slug":"inwestycje-sportowe-na-terenie-zabkowskich-placowek-oswiatowych","status":"publish","type":"post","link":"https:\/\/naszpowiat.info\/index.php\/2023\/05\/22\/inwestycje-sportowe-na-terenie-zabkowskich-placowek-oswiatowych\/","title":{"rendered":"<strong>Inwestycje sportowe na terenie z\u0105bkowskich plac\u00f3wek o\u015bwiatowych<\/strong>"},"content":{"rendered":"\n<p><strong>W Z\u0105bkach trwaj\u0105 prace zwi\u0105zane z budow\u0105 hal sportowych, zlokalizowanych przy szko\u0142ach podstawowych. Nowy obiekt, na obszarze kt\u00f3rego trwaj\u0105 prace zwi\u0105zane z wykonaniem elewacji, powstaje przy Szkole Podstawowej nr 1. Na bardziej zaawansowanym etapie realizacji jest hala sportowa, zlokalizowana przy Szkole Podstawowej nr 2, kt\u00f3ra zostanie oddana do u\u017cytku od nowego roku szkolnego. &nbsp;&nbsp;<\/strong><\/p>\n\n\n\n<p><strong>Hala sportowa przy Szkole Podstawowej nr 1<\/strong><\/p>\n\n\n\n<p>Szko\u0142a Podstawowa nr 1 im. Genera\u0142a Franciszka Kleeberga w Z\u0105bkach, znajduj\u0105ca si\u0119 przy ul. J\u00f3zefa Pi\u0142sudskiego 35, jest najstarsz\u0105 tego typu plac\u00f3wk\u0105 o\u015bwiatow\u0105 w mie\u015bcie.&nbsp;&nbsp;&nbsp;<\/p>\n\n\n\n<p>Powierzchnia ca\u0142kowita obiektu b\u0119dzie wynosi\u0142a 8879,97 m2. W budynku znajdzie si\u0119 wydzielona widownia wraz z zespo\u0142em sanitarno-szatniowym. Nowa hala sportowa zostanie przystosowany do prowadzenia trening\u00f3w szermierczych, a tak\u017ce do potrzeb os\u00f3b z niepe\u0142nosprawno\u015bciami.\u00a0 Planowane jest wyposa\u017cenie budynku w instalacje OZE. Przed rozpocz\u0119ciem prac budowlanych, zwi\u0105zanych z budow\u0105 hali, wykonawca rozebra\u0142 star\u0105 sal\u0119 gimnastyczn\u0105. Przeprowadzono te\u017c rozbi\u00f3rk\u0119 ogrodzenia i starego placu zabaw. Nast\u0119pnie zosta\u0142 wzniesiony nowy budynek. Obecnie mi\u0119dzy innymi trwaj\u0105 prace zwi\u0105zane z wykonaniem elewacji.\u00a0<\/p>\n\n\n\n<p>&nbsp;Finansowanie inwestycji w ca\u0142o\u015bci pochodzi ze \u015brodk\u00f3w zewn\u0119trznych. Budowa hali b\u0119dzie kosztowa\u0142a 8 646 399 z\u0142; w tym 4 950 000 z\u0142 pochodzi z Programu Inwestycji Strategicznych Polski \u0141ad, za\u015b reszta kwoty &#8211; &nbsp;3 696 399 z\u0142 z Ministerstwa Sportu.&nbsp;<\/p>\n\n\n\n<p><strong>Hala sportowa przy Szkole Podstawowej nr 2<\/strong><\/p>\n\n\n\n<p>Szko\u0142a Podstawowa nr 2 w Z\u0105bkach, kt\u00f3rej patronem jest Jan Kochanowski, znajduje si\u0119 przy ul. Batorego 11.<\/p>\n\n\n\n<p>Post\u0119powanie przetargowe, dotycz\u0105ce inwestycji, przeprowadzono na pocz\u0105tku 2022 r. Hala\u00a0sportowa b\u0119dzie mia\u0142a powierzchni\u0119 1040 m2 (45 metr\u00f3w d\u0142ugo\u015bci x 27 metr\u00f3w szeroko\u015bci), a jej minimalna wysoko\u015b\u0107 wyniesie 9 m. Jak informuje UM Z\u0105bki, obiekt zostanie wyposa\u017cony w:<\/p>\n\n\n\n<ul class=\"wp-block-list\">\n<li>Boisko do pi\u0142ki r\u0119cznej, koszyk\u00f3wki, siatk\u00f3wki oraz badmintona,<\/li>\n\n\n\n<li>Kosze sk\u0142adane podwieszone na wi\u0105zarach dachowych,<\/li>\n\n\n\n<li>Elektroniczn\u0105 tablic\u0119 wynik\u00f3w,<\/li>\n\n\n\n<li>Bramki do pi\u0142ki r\u0119cznej (wraz z siatkami),<\/li>\n\n\n\n<li>Tuleje, s\u0142upki oraz siatk\u0119 do siatk\u00f3wki,<\/li>\n\n\n\n<li>Siatki ochronne na okna,<\/li>\n\n\n\n<li>Materace ochronne na \u015bcianach budynku,<\/li>\n\n\n\n<li>Dwupoziomow\u0105 trybun\u0119 dla widowni (pojemno\u015b\u0107: 261 miejsc sta\u0142ych, 96 miejsc dostawnych)<\/li>\n<\/ul>\n\n\n\n<p>W\u0142adze Z\u0105bek zapowiadaj\u0105, i\u017c uczniowie SP nr 2 ju\u017c od nowego roku szkolnego dostan\u0105 do dyspozycji nowoczesn\u0105, wielofunkcyjn\u0105 hal\u0119 sportow\u0105. &nbsp;&nbsp;<\/p>\n\n\n\n<p>Fot. prace wyko\u0144czeniowe przy hali na terenie SP nr 2 w Z\u0105bkach \/ Facebook \/ Ma\u0142gorzata Zy\u015bk Burmistrz blisko ludzi<\/p>\n<div class=\"naszp-po-tresci\" id=\"naszp-2131115302\"><script async src=\"\/\/pagead2.googlesyndication.com\/pagead\/js\/adsbygoogle.js?client=ca-pub-5304901113955943\" crossorigin=\"anonymous\"><\/script><ins class=\"adsbygoogle\" style=\"display:block;\" data-ad-client=\"ca-pub-5304901113955943\" \ndata-ad-slot=\"9226873542\" \ndata-ad-format=\"auto\"><\/ins>\n<script> \n(adsbygoogle = window.adsbygoogle || []).push({}); \n<\/script>\n<\/div>","protected":false},"excerpt":{"rendered":"<p>W Z\u0105bkach trwaj\u0105 prace zwi\u0105zane z budow\u0105 hal sportowych, zlokalizowanych przy szko\u0142ach podstawowych. Nowy obiekt, na obszarze kt\u00f3rego trwaj\u0105 prace zwi\u0105zane z wykonaniem elewacji, powstaje przy Szkole Podstawowej nr 1. Na bardziej zaawansowanym etapie realizacji jest hala sportowa, zlokalizowana przy Szkole Podstawowej nr 2, kt\u00f3ra zostanie oddana do u\u017cytku od<span class=\"more-link\"><a href=\"https:\/\/naszpowiat.info\/index.php\/2023\/05\/22\/inwestycje-sportowe-na-terenie-zabkowskich-placowek-oswiatowych\/\">Czytaj dalej<\/a><\/span><\/p>\n","protected":false},"author":9,"featured_media":5374,"comment_status":"open","ping_status":"open","sticky":false,"template":"","format":"standard","meta":{"_monsterinsights_skip_tracking":false,"_monsterinsights_sitenote_active":false,"_monsterinsights_sitenote_note":"","_monsterinsights_sitenote_category":0,"footnotes":""},"categories":[123,127,40,157,62],"tags":[130],"class_list":["entry","author-admin","post-5373","post","type-post","status-publish","format-standard","has-post-thumbnail","category-aktualnosci","category-inwestycje","category-wolominski","category-sport","category-zabki-wolominski","tag-zabki"],"aioseo_notices":[],"_links":{"self":[{"href":"https:\/\/naszpowiat.info\/index.php\/wp-json\/wp\/v2\/posts\/5373","targetHints":{"allow":["GET"]}}],"collection":[{"href":"https:\/\/naszpowiat.info\/index.php\/wp-json\/wp\/v2\/posts"}],"about":[{"href":"https:\/\/naszpowiat.info\/index.php\/wp-json\/wp\/v2\/types\/post"}],"author":[{"embeddable":true,"href":"https:\/\/naszpowiat.info\/index.php\/wp-json\/wp\/v2\/users\/9"}],"replies":[{"embeddable":true,"href":"https:\/\/naszpowiat.info\/index.php\/wp-json\/wp\/v2\/comments?post=5373"}],"version-history":[{"count":3,"href":"https:\/\/naszpowiat.info\/index.php\/wp-json\/wp\/v2\/posts\/5373\/revisions"}],"predecessor-version":[{"id":5378,"href":"https:\/\/naszpowiat.info\/index.php\/wp-json\/wp\/v2\/posts\/5373\/revisions\/5378"}],"wp:featuredmedia":[{"embeddable":true,"href":"https:\/\/naszpowiat.info\/index.php\/wp-json\/wp\/v2\/media\/5374"}],"wp:attachment":[{"href":"https:\/\/naszpowiat.info\/index.php\/wp-json\/wp\/v2\/media?parent=5373"}],"wp:term":[{"taxonomy":"category","embeddable":true,"href":"https:\/\/naszpowiat.info\/index.php\/wp-json\/wp\/v2\/categories?post=5373"},{"taxonomy":"post_tag","embeddable":true,"href":"https:\/\/naszpowiat.info\/index.php\/wp-json\/wp\/v2\/tags?post=5373"}],"curies":[{"name":"wp","href":"https:\/\/api.w.org\/{rel}","templated":true}]}}