{"id":5362,"date":"2023-05-18T10:45:54","date_gmt":"2023-05-18T10:45:54","guid":{"rendered":"https:\/\/naszpowiat.info\/?p=5362"},"modified":"2023-05-18T10:52:15","modified_gmt":"2023-05-18T10:52:15","slug":"ii-maraton-plywacki-noc-jest-z-nami-w-zabkach-plywacy-pokonali-lacznie-96-150-m","status":"publish","type":"post","link":"https:\/\/naszpowiat.info\/index.php\/2023\/05\/18\/ii-maraton-plywacki-noc-jest-z-nami-w-zabkach-plywacy-pokonali-lacznie-96-150-m\/","title":{"rendered":"<strong>II Maraton P\u0142ywacki \u201eNoc jest z nami\u201d. W Z\u0105bkach p\u0142ywacy pokonali \u0142\u0105cznie 96 150 m<\/strong>"},"content":{"rendered":"\n<p><strong>W weekend (13 -14 maja) w powiecie wo\u0142omi\u0144skim zosta\u0142 zorganizowany II Maraton P\u0142ywacki \u201eNoc jest z nami\u201d. Marato\u0144czycy wystartowali 13 maja o godz. 22:00, a zako\u0144czyli rywalizacj\u0119 14 maja o godz. 2:00. W z\u0105bkowskiej cz\u0119\u015bci Maratonu P\u0142ywackiego czo\u0142owe miejsca zaj\u0119li: Micha\u0142 Szostak, Wiktoria Malec i Filip Jacewicz.<\/strong><\/p>\n\n\n\n<p>\u201eW nawi\u0105zaniu do wieloletniej popularnej imprezy kulturalnej \u201eNoc muze\u00f3w\u201d trzy p\u0142ywalnie z powiatu wo\u0142omi\u0144skiego organizuj\u0105 nocn\u0105 imprez\u0119 sportow\u0105\u201d \u2013 informowali przed wydarzeniem organizatorzy. Zawody maj\u0105 na celu popularyzowanie p\u0142ywania, promowanie rywalizacji sportowej, a tak\u017ce propagowanie zdrowego stylu \u017cycia.<\/p>\n\n\n\n<p>Wydarzenie sportowe zorganizowano na p\u0142ywalniach:<\/p>\n\n\n\n<ul class=\"wp-block-list\">\n<li>Miejskie Centrum Sportu w Z\u0105bkach,<\/li>\n\n\n\n<li>O\u015brodek Sportu i Rekreacji Huragan Wo\u0142omin,<\/li>\n\n\n\n<li>MCER &#8211; Mareckie Centrum Edukacyjno-Rekreacyjne.<\/li>\n<\/ul>\n\n\n\n<p>Rozpocz\u0119cie nocnego maratonu p\u0142ywackiego mia\u0142o miejsce w dniu 13.05.2023 r. (sobota) o godz. 22:00. Natomiast zako\u0144czenie rywalizacji p\u0142ywak\u00f3w, zgodnie z regulaminem, wyznaczono na dzie\u0144 14.05.2023 r. (niedziela), nie p\u00f3\u017aniej ni\u017c o godz. 2:00. Zawody by\u0142y przeznaczone wy\u0142\u0105cznie dla os\u00f3b pe\u0142noletnich. Uczestnicy mieli do wyboru dowolny styl p\u0142ywacki. Na jednym torze mog\u0142o przebywa\u0107 do 2 p\u0142ywak\u00f3w, maj\u0105cych do dyspozycji maksymalnie 15 minut przerwy.<\/p>\n\n\n\n<p>Jest to ju\u017c druga edycja imprezy. I maraton p\u0142ywacki, organizowany pod has\u0142em \u201eNoc jest z nami\u201d, odby\u0142 si\u0119 14 maja 2022 r.<\/p>\n\n\n\n<p><strong>Nocne p\u0142ywanie w Z\u0105bkach<\/strong><\/p>\n\n\n\n<p>W Z\u0105bkach uczestnicy maratonu rywalizowali na p\u0142ywalni, zlokalizowanej przy ul. Juliusza S\u0142owackiego 21. \u0141\u0105czany dystans, jaki pokonali zawodnicy na z\u0105bkowskim obiekcie, wyni\u00f3s\u0142 96 150 m. Klasyfikacja ko\u0144cowa w\u015br\u00f3d \u201enocnych marato\u0144czyk\u00f3w\u201d przedstawia\u0142a si\u0119 nast\u0119puj\u0105co:<\/p>\n\n\n\n<ol class=\"wp-block-list\" type=\"1\">\n<li>Micha\u0142 Szostak 14 675 m<\/li>\n\n\n\n<li>Wiktoria Malec 13 750 m<\/li>\n\n\n\n<li>Filip Jacewicz 13 675 m<\/li>\n\n\n\n<li>Karol Dworakowski 12 150 m<\/li>\n\n\n\n<li>Piotr Kapustka 10 250 m<\/li>\n\n\n\n<li>Jaros\u0142aw G\u0105siorowski 9 650 m<\/li>\n\n\n\n<li>Katarzyna Kontek-Jab\u0142o\u0144ska 9 000 m<\/li>\n\n\n\n<li>Piotr Prokopowicz 6 500 m (w czasie 3 h 12 min)<\/li>\n\n\n\n<li>Monika Raszowska 6 500 m ( w czasie 4 h)<\/li>\n<\/ol>\n\n\n\n<p>Imprez\u0119 Honorowym Patronatem obj\u0119li: Ma\u0142gorzata Zy\u015bk Burmistrz Miasta Z\u0105bki, El\u017cbieta Radwan Burmistrz Wo\u0142omina, Jacek Orych Burmistrz Miasta Marki.<\/p>\n\n\n\n<p>Fot. UM Z\u0105bki \/ B. \u015aladowski<\/p>\n<div class=\"naszp-po-tresci\" id=\"naszp-184400967\"><script async src=\"\/\/pagead2.googlesyndication.com\/pagead\/js\/adsbygoogle.js?client=ca-pub-5304901113955943\" crossorigin=\"anonymous\"><\/script><ins class=\"adsbygoogle\" style=\"display:block;\" data-ad-client=\"ca-pub-5304901113955943\" \ndata-ad-slot=\"9226873542\" \ndata-ad-format=\"auto\"><\/ins>\n<script> \n(adsbygoogle = window.adsbygoogle || []).push({}); \n<\/script>\n<\/div>","protected":false},"excerpt":{"rendered":"<p>W weekend (13 -14 maja) w powiecie wo\u0142omi\u0144skim zosta\u0142 zorganizowany II Maraton P\u0142ywacki \u201eNoc jest z nami\u201d. Marato\u0144czycy wystartowali 13 maja o godz. 22:00, a zako\u0144czyli rywalizacj\u0119 14 maja o godz. 2:00. W z\u0105bkowskiej cz\u0119\u015bci Maratonu P\u0142ywackiego czo\u0142owe miejsca zaj\u0119li: Micha\u0142 Szostak, Wiktoria Malec i Filip Jacewicz. \u201eW nawi\u0105zaniu do<span class=\"more-link\"><a href=\"https:\/\/naszpowiat.info\/index.php\/2023\/05\/18\/ii-maraton-plywacki-noc-jest-z-nami-w-zabkach-plywacy-pokonali-lacznie-96-150-m\/\">Czytaj dalej<\/a><\/span><\/p>\n","protected":false},"author":9,"featured_media":5371,"comment_status":"open","ping_status":"open","sticky":false,"template":"","format":"standard","meta":{"_monsterinsights_skip_tracking":false,"_monsterinsights_sitenote_active":false,"_monsterinsights_sitenote_note":"","_monsterinsights_sitenote_category":0,"footnotes":""},"categories":[123,157,62],"tags":[130],"class_list":["entry","author-admin","post-5362","post","type-post","status-publish","format-standard","has-post-thumbnail","category-aktualnosci","category-sport","category-zabki-wolominski","tag-zabki"],"aioseo_notices":[],"_links":{"self":[{"href":"https:\/\/naszpowiat.info\/index.php\/wp-json\/wp\/v2\/posts\/5362","targetHints":{"allow":["GET"]}}],"collection":[{"href":"https:\/\/naszpowiat.info\/index.php\/wp-json\/wp\/v2\/posts"}],"about":[{"href":"https:\/\/naszpowiat.info\/index.php\/wp-json\/wp\/v2\/types\/post"}],"author":[{"embeddable":true,"href":"https:\/\/naszpowiat.info\/index.php\/wp-json\/wp\/v2\/users\/9"}],"replies":[{"embeddable":true,"href":"https:\/\/naszpowiat.info\/index.php\/wp-json\/wp\/v2\/comments?post=5362"}],"version-history":[{"count":2,"href":"https:\/\/naszpowiat.info\/index.php\/wp-json\/wp\/v2\/posts\/5362\/revisions"}],"predecessor-version":[{"id":5372,"href":"https:\/\/naszpowiat.info\/index.php\/wp-json\/wp\/v2\/posts\/5362\/revisions\/5372"}],"wp:featuredmedia":[{"embeddable":true,"href":"https:\/\/naszpowiat.info\/index.php\/wp-json\/wp\/v2\/media\/5371"}],"wp:attachment":[{"href":"https:\/\/naszpowiat.info\/index.php\/wp-json\/wp\/v2\/media?parent=5362"}],"wp:term":[{"taxonomy":"category","embeddable":true,"href":"https:\/\/naszpowiat.info\/index.php\/wp-json\/wp\/v2\/categories?post=5362"},{"taxonomy":"post_tag","embeddable":true,"href":"https:\/\/naszpowiat.info\/index.php\/wp-json\/wp\/v2\/tags?post=5362"}],"curies":[{"name":"wp","href":"https:\/\/api.w.org\/{rel}","templated":true}]}}