{"id":5333,"date":"2023-05-09T06:27:45","date_gmt":"2023-05-09T06:27:45","guid":{"rendered":"https:\/\/naszpowiat.info\/?p=5333"},"modified":"2023-05-09T06:41:16","modified_gmt":"2023-05-09T06:41:16","slug":"podpisanie-umowy-na-budowe-basenu-w-otwocku","status":"publish","type":"post","link":"https:\/\/naszpowiat.info\/index.php\/2023\/05\/09\/podpisanie-umowy-na-budowe-basenu-w-otwocku\/","title":{"rendered":"<strong>W Otwocku powstanie basen. Umowa na jego budow\u0119 zosta\u0142a podpisana<\/strong>"},"content":{"rendered":"\n<p><strong>28 kwietnia w Teatrze Miejskim im. Stefana Jaracza mia\u0142o miejsce podpisanie umowy z wykonawc\u0105 na budow\u0119 kompleksu basenowego, kt\u00f3ry b\u0119dzie zlokalizowany przy ul. Karczewskiej w Otwocku. Za kilka miesi\u0119cy rozpocznie si\u0119 budowa nowoczesnego obiektu, w kt\u00f3rym powstan\u0105 m.in. 8-torowa p\u0142ywalnia, oddzielny basen do nauki p\u0142ywania, brodzik dla niemowl\u0105t, jacuzzi, sauna sucha i mokra, grota solna.<\/strong><\/p>\n\n\n\n<blockquote class=\"wp-block-quote is-layout-flow wp-block-quote-is-layout-flow\">\n<p>\u201ePlanowany basen, a w\u0142a\u015bciwie kompleks basenowy, to nie tylko obiekt w postaci krytej p\u0142ywalni. To projekt na miar\u0119 naszych czas\u00f3w i oczekiwa\u0144 mieszka\u0144c\u00f3w, kt\u00f3ry b\u0119dzie zmaterializowaniem blisko 50-letnich marze\u0144 kilku pokole\u0144 otwocczan. Obok 8-torowej p\u0142ywalni przewidziany jest brodzik dla niemowl\u0105t, oddzielny basen do nauki p\u0142ywania, jacuzzi, basen zewn\u0119trzny, zje\u017cd\u017calnia, grota solna, sauna infrared, sauna sucha i mokra itd. M\u00f3wi\u0105c kr\u00f3tko obiekt b\u0119dzie multifunkcyjny, przez co wszelkie por\u00f3wnania do przyszkolnych p\u0142ywalni nie maj\u0105 wi\u0119kszego uzasadnienia. Dzi\u0119ki zaproponowanym rozwi\u0105zaniom obiekt b\u0119dzie cechowa\u0142a wysoka przepustowo\u015b\u0107 i atrakcyjno\u015b\u0107, a co za tym idzie bezkonkurencyjno\u015b\u0107 w ca\u0142ej okolicy, przez co koszty jego utrzymania zostan\u0105 ograniczone do minimum. (\u2026)\u201d \u2013 informuje na swoim profilu facebookowym Jaros\u0142aw Margielski, Prezydent Otwocka.<\/p>\n<\/blockquote>\n\n\n\n<p><strong>Pocz\u0105tek procesu inwestycyjnego<\/strong><\/p>\n\n\n\n<p>Obiekt powstanie na terenach miejskich, przej\u0119tych w grudniu 2021 r. od Otwockiego Klubu Sportowego \u201eStart\u201d Otwock. Prace w terenie rozpoczn\u0105 si\u0119 za kilka miesi\u0119cy. Wcze\u015bniej niezb\u0119dne b\u0119dzie dope\u0142nienie wymog\u00f3w formalnych, m.in. wykonanie dokumentacji projektowej wykonawczej i uzyskanie pozwolenia na budow\u0119 przez wykonawc\u0119 inwestycji.<\/p>\n\n\n\n<p>Budowa kompleksu basenowego jest cz\u0119\u015bci\u0105 wi\u0119kszego projektu, zwi\u0105zanego z realizacj\u0105 kompleksu rekreacyjno-sportowego, kt\u00f3ry b\u0119dzie si\u0119 mie\u015bci\u0142 u zbiegu ulic Karczewskiej i \u015alusarskiego.&nbsp; W pierwszym etapie powstanie basem wraz z \u201eszerokim zapleczem\u201d. W kolejnych fazach zaplanowano budow\u0119 podziemnej strzelnicy sportowej i hali widowiskowo-sportowej.<\/p>\n\n\n\n<p><strong>\u201eCegie\u0142ki\u201d na budow\u0119 basenu<\/strong><\/p>\n\n\n\n<p>Otwock, mimo \u017ce mieszka w nim niemal 50 tys. mieszka\u0144c\u00f3w, do tej pory nie posiada basenu. Starania o jego budow\u0119 trwaj\u0105 od kilku dziesi\u0119cioleci. W latach 80. powsta\u0142 nawet Spo\u0142eczny Komitet Budowy Basenu, sprzedaj\u0105cy mieszka\u0144com \u201ecegie\u0142ki\u201d, przeznaczone na finansowanie budowy basenu. Jednak\u017ce inicjatywa ta nie przynios\u0142a oczekiwanych rezultat\u00f3w, a zebrane \u015brodki przepad\u0142y.&nbsp;&nbsp;&nbsp;&nbsp;<\/p>\n\n\n\n<p><strong>Finansowanie i wykonawca inwestycji<\/strong><\/p>\n\n\n\n<p>Koszt inwestycji wyniesie ok. 110 mln z\u0142. Natomiast niemal 78 milion\u00f3w z\u0142 b\u0119dzie pochodzi\u0142o z r\u00f3\u017cnych form rz\u0105dowego wsparcia. Wykonawc\u0105 przedsi\u0119wzi\u0119cia b\u0119dzie przedsi\u0119biorstwo Arcus Technologie Sp. z o.o. z Celestynowa, kt\u00f3re wygra\u0142o w post\u0119powaniu przetargowym, zako\u0144czonym 19.10.2022 r.&nbsp;<\/p>\n\n\n\n<p>Fot. Facebook \/ Jaros\u0142aw Margielski &#8211; Prezydent Otwocka<\/p>\n<div class=\"naszp-po-tresci\" id=\"naszp-2062120052\"><script async src=\"\/\/pagead2.googlesyndication.com\/pagead\/js\/adsbygoogle.js?client=ca-pub-5304901113955943\" crossorigin=\"anonymous\"><\/script><ins class=\"adsbygoogle\" style=\"display:block;\" data-ad-client=\"ca-pub-5304901113955943\" \ndata-ad-slot=\"9226873542\" \ndata-ad-format=\"auto\"><\/ins>\n<script> \n(adsbygoogle = window.adsbygoogle || []).push({}); \n<\/script>\n<\/div>","protected":false},"excerpt":{"rendered":"<p>28 kwietnia w Teatrze Miejskim im. Stefana Jaracza mia\u0142o miejsce podpisanie umowy z wykonawc\u0105 na budow\u0119 kompleksu basenowego, kt\u00f3ry b\u0119dzie zlokalizowany przy ul. Karczewskiej w Otwocku. Za kilka miesi\u0119cy rozpocznie si\u0119 budowa nowoczesnego obiektu, w kt\u00f3rym powstan\u0105 m.in. 8-torowa p\u0142ywalnia, oddzielny basen do nauki p\u0142ywania, brodzik dla niemowl\u0105t, jacuzzi, sauna<span class=\"more-link\"><a href=\"https:\/\/naszpowiat.info\/index.php\/2023\/05\/09\/podpisanie-umowy-na-budowe-basenu-w-otwocku\/\">Czytaj dalej<\/a><\/span><\/p>\n","protected":false},"author":9,"featured_media":5334,"comment_status":"open","ping_status":"open","sticky":false,"template":"","format":"standard","meta":{"_monsterinsights_skip_tracking":false,"_monsterinsights_sitenote_active":false,"_monsterinsights_sitenote_note":"","_monsterinsights_sitenote_category":0,"footnotes":""},"categories":[123,127,108,31,157],"tags":[148],"class_list":["entry","author-admin","post-5333","post","type-post","status-publish","format-standard","has-post-thumbnail","category-aktualnosci","category-inwestycje","category-otwock","category-powiaty-mazowieckiego","category-sport","tag-otwock"],"aioseo_notices":[],"_links":{"self":[{"href":"https:\/\/naszpowiat.info\/index.php\/wp-json\/wp\/v2\/posts\/5333","targetHints":{"allow":["GET"]}}],"collection":[{"href":"https:\/\/naszpowiat.info\/index.php\/wp-json\/wp\/v2\/posts"}],"about":[{"href":"https:\/\/naszpowiat.info\/index.php\/wp-json\/wp\/v2\/types\/post"}],"author":[{"embeddable":true,"href":"https:\/\/naszpowiat.info\/index.php\/wp-json\/wp\/v2\/users\/9"}],"replies":[{"embeddable":true,"href":"https:\/\/naszpowiat.info\/index.php\/wp-json\/wp\/v2\/comments?post=5333"}],"version-history":[{"count":4,"href":"https:\/\/naszpowiat.info\/index.php\/wp-json\/wp\/v2\/posts\/5333\/revisions"}],"predecessor-version":[{"id":5340,"href":"https:\/\/naszpowiat.info\/index.php\/wp-json\/wp\/v2\/posts\/5333\/revisions\/5340"}],"wp:featuredmedia":[{"embeddable":true,"href":"https:\/\/naszpowiat.info\/index.php\/wp-json\/wp\/v2\/media\/5334"}],"wp:attachment":[{"href":"https:\/\/naszpowiat.info\/index.php\/wp-json\/wp\/v2\/media?parent=5333"}],"wp:term":[{"taxonomy":"category","embeddable":true,"href":"https:\/\/naszpowiat.info\/index.php\/wp-json\/wp\/v2\/categories?post=5333"},{"taxonomy":"post_tag","embeddable":true,"href":"https:\/\/naszpowiat.info\/index.php\/wp-json\/wp\/v2\/tags?post=5333"}],"curies":[{"name":"wp","href":"https:\/\/api.w.org\/{rel}","templated":true}]}}