{"id":5269,"date":"2023-04-19T08:31:09","date_gmt":"2023-04-19T08:31:09","guid":{"rendered":"https:\/\/naszpowiat.info\/?p=5269"},"modified":"2023-04-19T08:31:27","modified_gmt":"2023-04-19T08:31:27","slug":"nowy-dwor-mazowiecki-w-miedzynarodowym-projekcie-dla-rewitalizacji","status":"publish","type":"post","link":"https:\/\/naszpowiat.info\/index.php\/2023\/04\/19\/nowy-dwor-mazowiecki-w-miedzynarodowym-projekcie-dla-rewitalizacji\/","title":{"rendered":"<strong>Nowy Dw\u00f3r Mazowiecki w mi\u0119dzynarodowym projekcie dla rewitalizacji<\/strong>"},"content":{"rendered":"\n<p><strong>Miasto znalaz\u0142o si\u0119 w elitarnym gronie uczestnik\u00f3w projektu InterRevita. Nowodworscy urz\u0119dnicy, wymieniaj\u0105c si\u0119 do\u015bwiadczeniami z partnerami z Litwy, \u0141otwy, Belgii, Hiszpanii i W\u0142och, b\u0119d\u0105 pracowa\u0107 nad nowym programem rewitalizacji. Na powstanie dokumentu najwi\u0119kszy wp\u0142yw b\u0119d\u0105 mieli jednak mieszka\u0144cy. &nbsp;&nbsp;<\/strong><\/p>\n\n\n\n<p>W pierwszym etapie projektu okre\u015blane b\u0119d\u0105 zjawiska kryzysowe, z kt\u00f3rymi borykaj\u0105 si\u0119 ma\u0142e i \u015brednie miasta w Europie. Wyp\u0142yw wysoko wykwalifikowanych pracownik\u00f3w, brak uto\u017csamiania si\u0119 z miastem przez nowych mieszka\u0144c\u00f3w, starzenie si\u0119 spo\u0142ecze\u0144stwa, zanikanie relacji s\u0105siedzkich \u2013 to tylko niekt\u00f3re z nich.<\/p>\n\n\n\n<p>Kolejnym krokiem b\u0119dzie przeprowadzanie konsultacji spo\u0142ecznych w ka\u017cdym z pa\u0144stw partnerskich z jednoczesn\u0105 wymian\u0105 do\u015bwiadcze\u0144 poprzez spotkania online oraz stacjonarne.<\/p>\n\n\n\n<p>W efekcie powstanie strategiczny program rewitalizacji, stanowi\u0105cy baz\u0119 dla p\u00f3\u017aniejszego pozyskiwania funduszy na realizacj\u0119 wypracowanych rozwi\u0105za\u0144. Dokumenty powsta\u0142e w ka\u017cdym z pa\u0144stw partnerskich zostan\u0105 przet\u0142umaczone na j\u0119zyk angielski i stanowi\u0107 b\u0119d\u0105 dokumenty kierunkowe dla innych pa\u0144stw europejskich w&nbsp; zakresie podj\u0119cia dzia\u0142a\u0144 o charakterze rewitalizacyjnym.<\/p>\n\n\n\n<p>Do programu z\u0142o\u017cono 134 wnioski w ca\u0142ej Europie, dofinansowanie otrzyma\u0142y 72 projekty \u2013 w tym zaledwie 3 z Polski.<\/p>\n\n\n\n<p>W ramach projektu InterRevita sfinansowane zostan\u0105 przede wszystkim:\u00a0 organizacja konsultacji spo\u0142ecznych, opracowanie programu rewitalizacji, promocja projektu.\u00a0<\/p>\n\n\n\n<blockquote class=\"wp-block-quote is-layout-flow wp-block-quote-is-layout-flow\">\n<p>Jak m\u00f3wi Jacek Kowalski, Burmistrz Nowego Dworu Mazowieckiego: <em>Jako miasto chcemy nieustannie si\u0119 uczy\u0107, dlatego przyst\u0105pili\u015bmy do projektu ????????????????????????????????????????????. Jego celem ma by\u0107 po prostu lepsze \u017cycie w ma\u0142ych i \u015brednich miastach.<\/em> I na tym w\u0142a\u015bnie najbardziej nam zale\u017cy. Wierzymy, \u017ce wymiana do\u015bwiadcze\u0144 w tak szerokim, europejskim gronie zaowocuje wprowadzeniem nowych rozwi\u0105za\u0144 z korzy\u015bci\u0105 dla naszych mieszka\u0144c\u00f3w.<\/p>\n<\/blockquote>\n\n\n\n<p>fot. Facebook \/ Urz\u0105d Miejski w Nowym Dworze Mazowieckim<\/p>\n<div class=\"naszp-po-tresci\" id=\"naszp-1585031448\"><script async src=\"\/\/pagead2.googlesyndication.com\/pagead\/js\/adsbygoogle.js?client=ca-pub-5304901113955943\" crossorigin=\"anonymous\"><\/script><ins class=\"adsbygoogle\" style=\"display:block;\" data-ad-client=\"ca-pub-5304901113955943\" \ndata-ad-slot=\"9226873542\" \ndata-ad-format=\"auto\"><\/ins>\n<script> \n(adsbygoogle = window.adsbygoogle || []).push({}); \n<\/script>\n<\/div>","protected":false},"excerpt":{"rendered":"<p>Miasto znalaz\u0142o si\u0119 w elitarnym gronie uczestnik\u00f3w projektu InterRevita. Nowodworscy urz\u0119dnicy, wymieniaj\u0105c si\u0119 do\u015bwiadczeniami z partnerami z Litwy, \u0141otwy, Belgii, Hiszpanii i W\u0142och, b\u0119d\u0105 pracowa\u0107 nad nowym programem rewitalizacji. Na powstanie dokumentu najwi\u0119kszy wp\u0142yw b\u0119d\u0105 mieli jednak mieszka\u0144cy. &nbsp;&nbsp; W pierwszym etapie projektu okre\u015blane b\u0119d\u0105 zjawiska kryzysowe, z kt\u00f3rymi borykaj\u0105<span class=\"more-link\"><a href=\"https:\/\/naszpowiat.info\/index.php\/2023\/04\/19\/nowy-dwor-mazowiecki-w-miedzynarodowym-projekcie-dla-rewitalizacji\/\">Czytaj dalej<\/a><\/span><\/p>\n","protected":false},"author":9,"featured_media":5273,"comment_status":"open","ping_status":"open","sticky":false,"template":"","format":"standard","meta":{"_monsterinsights_skip_tracking":false,"_monsterinsights_sitenote_active":false,"_monsterinsights_sitenote_note":"","_monsterinsights_sitenote_category":0,"footnotes":""},"categories":[123,106,35],"tags":[167],"class_list":["entry","author-admin","post-5269","post","type-post","status-publish","format-standard","has-post-thumbnail","category-aktualnosci","category-nowy-dwor-mazowiecki","category-nowodworski","tag-nowy-dwor-mazowiecki"],"aioseo_notices":[],"_links":{"self":[{"href":"https:\/\/naszpowiat.info\/index.php\/wp-json\/wp\/v2\/posts\/5269","targetHints":{"allow":["GET"]}}],"collection":[{"href":"https:\/\/naszpowiat.info\/index.php\/wp-json\/wp\/v2\/posts"}],"about":[{"href":"https:\/\/naszpowiat.info\/index.php\/wp-json\/wp\/v2\/types\/post"}],"author":[{"embeddable":true,"href":"https:\/\/naszpowiat.info\/index.php\/wp-json\/wp\/v2\/users\/9"}],"replies":[{"embeddable":true,"href":"https:\/\/naszpowiat.info\/index.php\/wp-json\/wp\/v2\/comments?post=5269"}],"version-history":[{"count":1,"href":"https:\/\/naszpowiat.info\/index.php\/wp-json\/wp\/v2\/posts\/5269\/revisions"}],"predecessor-version":[{"id":5271,"href":"https:\/\/naszpowiat.info\/index.php\/wp-json\/wp\/v2\/posts\/5269\/revisions\/5271"}],"wp:featuredmedia":[{"embeddable":true,"href":"https:\/\/naszpowiat.info\/index.php\/wp-json\/wp\/v2\/media\/5273"}],"wp:attachment":[{"href":"https:\/\/naszpowiat.info\/index.php\/wp-json\/wp\/v2\/media?parent=5269"}],"wp:term":[{"taxonomy":"category","embeddable":true,"href":"https:\/\/naszpowiat.info\/index.php\/wp-json\/wp\/v2\/categories?post=5269"},{"taxonomy":"post_tag","embeddable":true,"href":"https:\/\/naszpowiat.info\/index.php\/wp-json\/wp\/v2\/tags?post=5269"}],"curies":[{"name":"wp","href":"https:\/\/api.w.org\/{rel}","templated":true}]}}