{"id":5209,"date":"2023-03-31T08:34:36","date_gmt":"2023-03-31T08:34:36","guid":{"rendered":"https:\/\/naszpowiat.info\/?p=5209"},"modified":"2023-03-31T08:34:38","modified_gmt":"2023-03-31T08:34:38","slug":"mlodzi-aktorzy-pokazali-swoj-kunszt-w-otwocku","status":"publish","type":"post","link":"https:\/\/naszpowiat.info\/index.php\/2023\/03\/31\/mlodzi-aktorzy-pokazali-swoj-kunszt-w-otwocku\/","title":{"rendered":"<strong>M\u0142odzi aktorzy pokazali sw\u00f3j kunszt w Otwocku!<\/strong>"},"content":{"rendered":"\n<p><strong>Za nami pierwsza edycja konkursu teatralnego im. Ignacego Gogolewskiego. W niedziel\u0119, 26 marca, na scenie Powiatowego M\u0142odzie\u017cowego Domu Kultury w Otwocku, sw\u00f3j warsztat teatralny zaprezentowali uczniowie a\u017c pi\u0119ciu szk\u00f3\u0142. Celem projektu by\u0142o pokazanie, jak wielki potencja\u0142 maj\u0105 uczniowie z powiatu otwockiego, jak te\u017c promowanie ich talent\u00f3w.<\/strong><\/p>\n\n\n\n<p>Niedzielny poranek i popo\u0142udnie dostarczy\u0142o mi\u0142o\u015bnikom teatru wyj\u0105tkowego duchowego do\u015bwiadczenia. Pi\u0119\u0107 teatr\u00f3w szkolnych z J\u00f3zefowa, Karczewa, Siedzowa i Sobie\u0144-Jezior rywalizowa\u0142o w I Powiatowym Konkursie Teatralnym im. Ignacego Gogolewskiego. Jak powiedzia\u0142 Starosta Otwocki Krzysztof Szczegielniak: \u201eCiesz\u0119 si\u0119, \u017ce nasz projekt sta\u0142 si\u0119 platform\u0105 do prezentacji artystycznych talent\u00f3w naszej m\u0142odzie\u017cy. Ich pasja, zaanga\u017cowanie i talent zas\u0142uguje na to, aby go pokazywa\u0107 i dzieli\u0107 si\u0119 nim z innymi. Obserwuj\u0105c sceniczne popisy m\u0142odych ludzi jestem przekonany, \u017ce wielu z nich p\u00f3jdzie w \u015blady patrona naszego konkursu i tak jak Ignacy Gogolewski b\u0119dzie zdobywa\u0142o uznanie nie tylko na teatralnych scenach\u201d.<\/p>\n\n\n\n<p>Po dyskusjach i wymianie ocen jury w sk\u0142adzie: Jaros\u0142aw Kopaczewski (przewodnicz\u0105cy jury, aktor i re\u017cyser), Ewa Kwiecie\u0144 (wdowa po patronie konkursu Ignacym Gogolewskim), Agnieszka Gogolewska (c\u00f3rka Ignacego Gogolewskiego), Danuta Duszy\u0144ska i Edward Garwoli\u0144ski (reprezentuj\u0105cy lokalne \u015brodowisko teatralne) g\u0142\u00f3wn\u0105 nagrod\u0119 w kategorii szk\u00f3\u0142 ponadpodstawowych przyzna\u0142o dla Teatru Yorick z Liceum Og\u00f3lnokszta\u0142c\u0105cego im. \u015aw. Tomasza z Akwinu z J\u00f3zefowa, kt\u00f3ry zaprezentowa\u0142 &#8222;Uciechy Staropolskie&#8221;. Taka sama statuetka i nagroda w wysoko\u015bci 3 500,00 z\u0142 pow\u0119drowa\u0142a do grupy teatralnej &#8222;Bez Kurtyny&#8221; z Publicznej Szko\u0142y Podstawowej im. Batalion\u00f3w Ch\u0142opskich z Siedzowa, kt\u00f3ra wystawi\u0142a \u201eBajki na telefon\u201d.<\/p>\n\n\n\n<p>Wyr\u00f3\u017cnienia i nagrody w wysoko\u015bci 1 000,00 z\u0142 przyznano: Teatrowi SP-inki z Jedynki ze SP nr 1 im. Olofa Palmego z J\u00f3zefowa, Grupie Arlekin ze SP nr 2 im. Bohater\u00f3w Westerplatte z Karczewa, Ko\u0142u Teatralnemu z Publicznej Szko\u0142y Podstawowej im. Jana Paw\u0142a II z Sobie\u0144 \u2013 Jezior. Ale to nie wszystko! Cz\u0142onkinie jury Ewa Kwiecie\u0144 i Agnieszka Gogolewska ufundowa\u0142y nagrody dla najlepszego aktora i aktorki. Te statuetki otrzymali: Franciszek Dyderski (z Teatru Yorick) oraz Nikola Krechunyak (z Ko\u0142a Teatralnego z Sobie\u0144 \u2013 Jezior).<\/p>\n\n\n\n<p>Powiatowy konkurs teatralny nosi imi\u0119 Ignacego Gogolewskiego \u2013 aktora filmowego i teatralnego, re\u017cysera i scenarzysty, kt\u00f3ry by\u0142 zwi\u0105zany z regionem. W Liceum Og\u00f3lnokszta\u0142c\u0105cym im. K.I. Ga\u0142czy\u0144skiego w Otwocku znajduje si\u0119 aula jego imienia. Konkurs teatralny jest kolejnym projektem, kt\u00f3ry b\u0119dzie przypomina\u0142 o tej wybitnej postaci, zwi\u0105zanej z powiatem otwockim.<\/p>\n\n\n\n<p>fot. Starostwo Powiatowe w Otwocku<\/p>\n<div class=\"naszp-po-tresci\" id=\"naszp-3783531026\"><script async src=\"\/\/pagead2.googlesyndication.com\/pagead\/js\/adsbygoogle.js?client=ca-pub-5304901113955943\" crossorigin=\"anonymous\"><\/script><ins class=\"adsbygoogle\" style=\"display:block;\" data-ad-client=\"ca-pub-5304901113955943\" \ndata-ad-slot=\"9226873542\" \ndata-ad-format=\"auto\"><\/ins>\n<script> \n(adsbygoogle = window.adsbygoogle || []).push({}); \n<\/script>\n<\/div>","protected":false},"excerpt":{"rendered":"<p>Za nami pierwsza edycja konkursu teatralnego im. Ignacego Gogolewskiego. W niedziel\u0119, 26 marca, na scenie Powiatowego M\u0142odzie\u017cowego Domu Kultury w Otwocku, sw\u00f3j warsztat teatralny zaprezentowali uczniowie a\u017c pi\u0119ciu szk\u00f3\u0142. Celem projektu by\u0142o pokazanie, jak wielki potencja\u0142 maj\u0105 uczniowie z powiatu otwockiego, jak te\u017c promowanie ich talent\u00f3w. Niedzielny poranek i popo\u0142udnie<span class=\"more-link\"><a href=\"https:\/\/naszpowiat.info\/index.php\/2023\/03\/31\/mlodzi-aktorzy-pokazali-swoj-kunszt-w-otwocku\/\">Czytaj dalej<\/a><\/span><\/p>\n","protected":false},"author":9,"featured_media":5210,"comment_status":"open","ping_status":"open","sticky":false,"template":"","format":"standard","meta":{"_monsterinsights_skip_tracking":false,"_monsterinsights_sitenote_active":false,"_monsterinsights_sitenote_note":"","_monsterinsights_sitenote_category":0,"footnotes":""},"categories":[123,30,36,31,59],"tags":[147],"class_list":["entry","author-admin","post-5209","post","type-post","status-publish","format-standard","has-post-thumbnail","category-aktualnosci","category-kultura","category-otwocki","category-powiaty-mazowieckiego","category-wydarzenia","tag-powiat-otwocki"],"aioseo_notices":[],"_links":{"self":[{"href":"https:\/\/naszpowiat.info\/index.php\/wp-json\/wp\/v2\/posts\/5209","targetHints":{"allow":["GET"]}}],"collection":[{"href":"https:\/\/naszpowiat.info\/index.php\/wp-json\/wp\/v2\/posts"}],"about":[{"href":"https:\/\/naszpowiat.info\/index.php\/wp-json\/wp\/v2\/types\/post"}],"author":[{"embeddable":true,"href":"https:\/\/naszpowiat.info\/index.php\/wp-json\/wp\/v2\/users\/9"}],"replies":[{"embeddable":true,"href":"https:\/\/naszpowiat.info\/index.php\/wp-json\/wp\/v2\/comments?post=5209"}],"version-history":[{"count":1,"href":"https:\/\/naszpowiat.info\/index.php\/wp-json\/wp\/v2\/posts\/5209\/revisions"}],"predecessor-version":[{"id":5211,"href":"https:\/\/naszpowiat.info\/index.php\/wp-json\/wp\/v2\/posts\/5209\/revisions\/5211"}],"wp:featuredmedia":[{"embeddable":true,"href":"https:\/\/naszpowiat.info\/index.php\/wp-json\/wp\/v2\/media\/5210"}],"wp:attachment":[{"href":"https:\/\/naszpowiat.info\/index.php\/wp-json\/wp\/v2\/media?parent=5209"}],"wp:term":[{"taxonomy":"category","embeddable":true,"href":"https:\/\/naszpowiat.info\/index.php\/wp-json\/wp\/v2\/categories?post=5209"},{"taxonomy":"post_tag","embeddable":true,"href":"https:\/\/naszpowiat.info\/index.php\/wp-json\/wp\/v2\/tags?post=5209"}],"curies":[{"name":"wp","href":"https:\/\/api.w.org\/{rel}","templated":true}]}}