{"id":5144,"date":"2023-03-07T14:46:05","date_gmt":"2023-03-07T14:46:05","guid":{"rendered":"https:\/\/naszpowiat.info\/?p=5144"},"modified":"2023-03-07T14:55:10","modified_gmt":"2023-03-07T14:55:10","slug":"bieg-tropem-wilczym-w-otwocku","status":"publish","type":"post","link":"https:\/\/naszpowiat.info\/index.php\/2023\/03\/07\/bieg-tropem-wilczym-w-otwocku\/","title":{"rendered":"<strong>\u201eBieg Tropem Wilczym\u201d w Otwocku<\/strong>"},"content":{"rendered":"\n<p><strong>5 marca na terenie Muzeum Ziemi Otwockiej zorganizowano XI edycj\u0119 wydarzenia pn.: \u201eTropem Wilczym \u2013 Bieg Pami\u0119ci \u017bo\u0142nierzy Wykl\u0119tych\u201d. W trakcie ceremonii otwarcia biegu Prezydent Miasta Otwocka otrzyma\u0142 Odznaczenie Pami\u0105tkowe za Zas\u0142ugi dla \u015awiatowego Zwi\u0105zku \u017bo\u0142nierzy Armii Krajowej. Uczestnicy rywalizowali na czterech dystansach. Organizatorzy przygotowali te\u017c pozasportowe atrakcje.<\/strong><\/p>\n\n\n\n<p>1 marca w wi\u0119zieniu na Mokotowie wykonano wyrok \u015bmierci na przyw\u00f3dcach IV Zarz\u0105du G\u0142\u00f3wnego Zrzeszenia \u201eWolno\u015b\u0107 i Niezawis\u0142o\u015b\u0107\u201d. Dla upami\u0119tnienia \u017co\u0142nierzy antykomunistycznego i niepodleg\u0142o\u015bciowego podziemia w 2011 r. Sejm uchwali\u0142 ustaw\u0119 o ustanowieniu dnia 1 marca Narodowym Dniem Pami\u0119ci \u017bo\u0142nierzy Wykl\u0119tych.<\/p>\n\n\n\n<blockquote class=\"wp-block-quote is-layout-flow wp-block-quote-is-layout-flow\">\n<p>\u201eIde\u0105 projektu biegowo \u2013 edukacyjnego \u201eTropem Wilczym. Bieg Pami\u0119ci \u017bo\u0142nierzy Wykl\u0119tych\u201d jest oddanie ho\u0142du \u017co\u0142nierzom polskiego podziemia antykomunistycznego i antysowieckiego dzia\u0142aj\u0105cego w latach 1944 \u2013 1963 w obr\u0119bie przedwojennych granic RP oraz popularyzacja wiedzy na ten temat\u201d \u2013 poinformowa\u0142 w komunikacie otwocki ratusz.<\/p>\n\n\n\n<p><\/p>\n<\/blockquote>\n\n\n\n<p><strong>Odznaczenie dla Prezydenta Otwocka<\/strong><\/p>\n\n\n\n<p>Zanim na starcie pojawili si\u0119 uczestnicy, mia\u0142a miejsce ceremonia otwarcia biegu. W jej trakcie Prezydent Miasta Otwocka otrzyma\u0142 Odznaczenie Pami\u0105tkowe za Zas\u0142ugi dla \u015awiatowego Zwi\u0105zku \u017bo\u0142nierzy Armii Krajowej, kt\u00f3re zosta\u0142o wr\u0119czone przez Pana Janusza Komorowskiego, Prezesa Zarz\u0105du Okr\u0119gu \u015awiatowego Zwi\u0105zku \u017bo\u0142nierzy Armii Krajowej. Jak informuje UM Otwock: \u201eNast\u0119pnie Prezydent Otwocka Jaros\u0142aw Margielski odczyta\u0142 List Prezydenta Rzeczypospolitej Polskiej Andrzeja Dudy, z przes\u0142aniem dla uczestnik\u00f3w XI Edycji Biegu Tropem Wilczym\u201d.<\/p>\n\n\n\n<p><strong>Rywalizacja sportowa<\/strong><\/p>\n\n\n\n<p>Uczestnicy rywalizowali na nast\u0119puj\u0105cych dystansach:<\/p>\n\n\n\n<ul class=\"wp-block-list\">\n<li>1963 m \u2013 dla doros\u0142ych, dzieci powy\u017cej 10 roku \u017cycia i wszystkich ch\u0119tnych,<\/li>\n\n\n\n<li>150 m \u2013 dla dzieci do 7 lat,<\/li>\n\n\n\n<li>300 m \u2013 8 lat-10 lat,<\/li>\n\n\n\n<li>dodatkowo bieg na dystansie 5km&nbsp; ( z pomiarem czasu).<\/li>\n<\/ul>\n\n\n\n<p><strong>Atrakcje przygotowane w ramach wydarzenia<\/strong><\/p>\n\n\n\n<p>Poza rywalizacj\u0105 sportow\u0105, na uczestnik\u00f3w czeka\u0142y te\u017c inne atrakcje. Zap\u0142on\u0119\u0142o ognisko. Kuchnia polowa serwowa\u0142a gor\u0105c\u0105, \u017co\u0142niersk\u0105 groch\u00f3wk\u0119 oraz bigos. Organizatorzy przygotowali animacje dla dzieci, a tak\u017ce zapewnili dla wszystkich ch\u0119tnych mo\u017cliwo\u015b\u0107 przeja\u017cd\u017cki konnej.<\/p>\n\n\n\n<p>Zaprezentowana zosta\u0142a inscenizacja wojenna. Centralna Biblioteka Wojskowa przedstawi\u0142a materia\u0142y dydaktyczne. Swoj\u0105 obecno\u015b\u0107 zaznaczy\u0142y: Wojskowe Centrum Rekrutacji i 61 Batalion Lekkiej Piechoty z Ksi\u0105\u017cenic.<\/p>\n\n\n\n<p>Fot. UM Otwock<\/p>\n<div class=\"naszp-po-tresci\" id=\"naszp-640973807\"><script async src=\"\/\/pagead2.googlesyndication.com\/pagead\/js\/adsbygoogle.js?client=ca-pub-5304901113955943\" crossorigin=\"anonymous\"><\/script><ins class=\"adsbygoogle\" style=\"display:block;\" data-ad-client=\"ca-pub-5304901113955943\" \ndata-ad-slot=\"9226873542\" \ndata-ad-format=\"auto\"><\/ins>\n<script> \n(adsbygoogle = window.adsbygoogle || []).push({}); \n<\/script>\n<\/div>","protected":false},"excerpt":{"rendered":"<p>5 marca na terenie Muzeum Ziemi Otwockiej zorganizowano XI edycj\u0119 wydarzenia pn.: \u201eTropem Wilczym \u2013 Bieg Pami\u0119ci \u017bo\u0142nierzy Wykl\u0119tych\u201d. W trakcie ceremonii otwarcia biegu Prezydent Miasta Otwocka otrzyma\u0142 Odznaczenie Pami\u0105tkowe za Zas\u0142ugi dla \u015awiatowego Zwi\u0105zku \u017bo\u0142nierzy Armii Krajowej. Uczestnicy rywalizowali na czterech dystansach. Organizatorzy przygotowali te\u017c pozasportowe atrakcje. 1 marca<span class=\"more-link\"><a href=\"https:\/\/naszpowiat.info\/index.php\/2023\/03\/07\/bieg-tropem-wilczym-w-otwocku\/\">Czytaj dalej<\/a><\/span><\/p>\n","protected":false},"author":9,"featured_media":5145,"comment_status":"open","ping_status":"open","sticky":false,"template":"","format":"standard","meta":{"_monsterinsights_skip_tracking":false,"_monsterinsights_sitenote_active":false,"_monsterinsights_sitenote_note":"","_monsterinsights_sitenote_category":0,"footnotes":""},"categories":[123,78,30,108,36,59],"tags":[148],"class_list":["entry","author-admin","post-5144","post","type-post","status-publish","format-standard","has-post-thumbnail","category-aktualnosci","category-historia","category-kultura","category-otwock","category-otwocki","category-wydarzenia","tag-otwock"],"aioseo_notices":[],"_links":{"self":[{"href":"https:\/\/naszpowiat.info\/index.php\/wp-json\/wp\/v2\/posts\/5144","targetHints":{"allow":["GET"]}}],"collection":[{"href":"https:\/\/naszpowiat.info\/index.php\/wp-json\/wp\/v2\/posts"}],"about":[{"href":"https:\/\/naszpowiat.info\/index.php\/wp-json\/wp\/v2\/types\/post"}],"author":[{"embeddable":true,"href":"https:\/\/naszpowiat.info\/index.php\/wp-json\/wp\/v2\/users\/9"}],"replies":[{"embeddable":true,"href":"https:\/\/naszpowiat.info\/index.php\/wp-json\/wp\/v2\/comments?post=5144"}],"version-history":[{"count":1,"href":"https:\/\/naszpowiat.info\/index.php\/wp-json\/wp\/v2\/posts\/5144\/revisions"}],"predecessor-version":[{"id":5146,"href":"https:\/\/naszpowiat.info\/index.php\/wp-json\/wp\/v2\/posts\/5144\/revisions\/5146"}],"wp:featuredmedia":[{"embeddable":true,"href":"https:\/\/naszpowiat.info\/index.php\/wp-json\/wp\/v2\/media\/5145"}],"wp:attachment":[{"href":"https:\/\/naszpowiat.info\/index.php\/wp-json\/wp\/v2\/media?parent=5144"}],"wp:term":[{"taxonomy":"category","embeddable":true,"href":"https:\/\/naszpowiat.info\/index.php\/wp-json\/wp\/v2\/categories?post=5144"},{"taxonomy":"post_tag","embeddable":true,"href":"https:\/\/naszpowiat.info\/index.php\/wp-json\/wp\/v2\/tags?post=5144"}],"curies":[{"name":"wp","href":"https:\/\/api.w.org\/{rel}","templated":true}]}}