{"id":5070,"date":"2023-02-01T08:13:13","date_gmt":"2023-02-01T08:13:13","guid":{"rendered":"https:\/\/naszpowiat.info\/?p=5070"},"modified":"2023-02-01T08:13:14","modified_gmt":"2023-02-01T08:13:14","slug":"akcja-informacyjno-promocyjnej-pt-poznaj-wot","status":"publish","type":"post","link":"https:\/\/naszpowiat.info\/index.php\/2023\/02\/01\/akcja-informacyjno-promocyjnej-pt-poznaj-wot\/","title":{"rendered":"Akcja informacyjno-promocyjnej pt. \u201ePOZNAJ WOT\u201d"},"content":{"rendered":"\n<p><strong>Powiat Wo\u0142omi\u0144ski z inicjatywy Starosty Adama Lubiaka w\u0142\u0105czy\u0142 si\u0119 do wsp\u00f3lnej akcji informacyjno-promocyjnej o Wojskach Obrony Terytorialnej pt. \u201ePOZNAJ WOT\u201d.<\/strong><\/p>\n\n\n\n<p>Akcja prowadzona jest wsp\u00f3lnie z 5. Mazowieck\u0105 Brygad\u0105 Obrony Terytorialnej, kt\u00f3rej \u017co\u0142nierze w dniach 26 stycznia \u2013 10 lutego br., przeprowadzaj\u0105 w szko\u0142ach ponadpodstawowych dla kt\u00f3rych organem prowadz\u0105cym jest Powiat Wo\u0142omi\u0144ski prelekcje, pokazy i prezentacje dzia\u0142ania WOT.<\/p>\n\n\n\n<p>Jedno ze spotka\u0144 odb\u0119dzie si\u0119 w pi\u0105tek 3.02 w Zespole Szk\u00f3\u0142 w Wo\u0142ominie (ul. Legion\u00f3w 85), o godz. 9:55. W spotkaniu wezm\u0105 udzia\u0142 Starosta Adam Lubiak oraz przedstawiciele dow\u00f3dztwa 5. MBOT.<\/p>\n<div class=\"naszp-po-tresci\" id=\"naszp-1217417009\"><script async src=\"\/\/pagead2.googlesyndication.com\/pagead\/js\/adsbygoogle.js?client=ca-pub-5304901113955943\" crossorigin=\"anonymous\"><\/script><ins class=\"adsbygoogle\" style=\"display:block;\" data-ad-client=\"ca-pub-5304901113955943\" \ndata-ad-slot=\"9226873542\" \ndata-ad-format=\"auto\"><\/ins>\n<script> \n(adsbygoogle = window.adsbygoogle || []).push({}); \n<\/script>\n<\/div>","protected":false},"excerpt":{"rendered":"<p>Powiat Wo\u0142omi\u0144ski z inicjatywy Starosty Adama Lubiaka w\u0142\u0105czy\u0142 si\u0119 do wsp\u00f3lnej akcji informacyjno-promocyjnej o Wojskach Obrony Terytorialnej pt. \u201ePOZNAJ WOT\u201d. Akcja prowadzona jest wsp\u00f3lnie z 5. Mazowieck\u0105 Brygad\u0105 Obrony Terytorialnej, kt\u00f3rej \u017co\u0142nierze w dniach 26 stycznia \u2013 10 lutego br., przeprowadzaj\u0105 w szko\u0142ach ponadpodstawowych dla kt\u00f3rych organem prowadz\u0105cym jest Powiat<span class=\"more-link\"><a href=\"https:\/\/naszpowiat.info\/index.php\/2023\/02\/01\/akcja-informacyjno-promocyjnej-pt-poznaj-wot\/\">Czytaj dalej<\/a><\/span><\/p>\n","protected":false},"author":9,"featured_media":5075,"comment_status":"open","ping_status":"open","sticky":false,"template":"","format":"standard","meta":{"_monsterinsights_skip_tracking":false,"_monsterinsights_sitenote_active":false,"_monsterinsights_sitenote_note":"","_monsterinsights_sitenote_category":0,"footnotes":""},"categories":[123,40,31],"tags":[125],"class_list":["entry","author-admin","post-5070","post","type-post","status-publish","format-standard","has-post-thumbnail","category-aktualnosci","category-wolominski","category-powiaty-mazowieckiego","tag-powiat-wolominski"],"aioseo_notices":[],"_links":{"self":[{"href":"https:\/\/naszpowiat.info\/index.php\/wp-json\/wp\/v2\/posts\/5070","targetHints":{"allow":["GET"]}}],"collection":[{"href":"https:\/\/naszpowiat.info\/index.php\/wp-json\/wp\/v2\/posts"}],"about":[{"href":"https:\/\/naszpowiat.info\/index.php\/wp-json\/wp\/v2\/types\/post"}],"author":[{"embeddable":true,"href":"https:\/\/naszpowiat.info\/index.php\/wp-json\/wp\/v2\/users\/9"}],"replies":[{"embeddable":true,"href":"https:\/\/naszpowiat.info\/index.php\/wp-json\/wp\/v2\/comments?post=5070"}],"version-history":[{"count":1,"href":"https:\/\/naszpowiat.info\/index.php\/wp-json\/wp\/v2\/posts\/5070\/revisions"}],"predecessor-version":[{"id":5072,"href":"https:\/\/naszpowiat.info\/index.php\/wp-json\/wp\/v2\/posts\/5070\/revisions\/5072"}],"wp:featuredmedia":[{"embeddable":true,"href":"https:\/\/naszpowiat.info\/index.php\/wp-json\/wp\/v2\/media\/5075"}],"wp:attachment":[{"href":"https:\/\/naszpowiat.info\/index.php\/wp-json\/wp\/v2\/media?parent=5070"}],"wp:term":[{"taxonomy":"category","embeddable":true,"href":"https:\/\/naszpowiat.info\/index.php\/wp-json\/wp\/v2\/categories?post=5070"},{"taxonomy":"post_tag","embeddable":true,"href":"https:\/\/naszpowiat.info\/index.php\/wp-json\/wp\/v2\/tags?post=5070"}],"curies":[{"name":"wp","href":"https:\/\/api.w.org\/{rel}","templated":true}]}}