{"id":4975,"date":"2022-12-16T11:01:32","date_gmt":"2022-12-16T11:01:32","guid":{"rendered":"https:\/\/naszpowiat.info\/?p=4975"},"modified":"2022-12-16T11:02:39","modified_gmt":"2022-12-16T11:02:39","slug":"w-zabkach-zmieniaja-sie-zasady-gospodarowanie-odpadami","status":"publish","type":"post","link":"https:\/\/naszpowiat.info\/index.php\/2022\/12\/16\/w-zabkach-zmieniaja-sie-zasady-gospodarowanie-odpadami\/","title":{"rendered":"W Z\u0105bkach zmieniaj\u0105 si\u0119 zasady gospodarowania odpadami"},"content":{"rendered":"\n<p><strong>Od 1 stycznia 2023 r. zmieniona zostaje metoda ustalania op\u0142aty za gospodarowanie odpadami komunalnymi dla nieruchomo\u015bci, na kt\u00f3rych zamieszkuj\u0105 mieszka\u0144cy.<\/strong><\/p>\n\n\n\n<p>Zmiana polega na rozszerzeniu podzia\u0142u gospodarstw domowych ze wzgl\u0119du na liczb\u0119 os\u00f3b wchodz\u0105cych w sk\u0142ad gospodarstwa.<\/p>\n\n\n\n<p>Aktualnie obowi\u0105zuj\u0105 dwie stawki op\u0142aty \u2013 dla gospodarstw domowych jednoosobowych oraz dla gospodarstw dwuosobowych i wi\u0119kszych. Taki podzia\u0142 sprawia, \u017ce gospodarstwo z\u0142o\u017cone z dw\u00f3ch os\u00f3b ponosi takie same koszty jak gospodarstwo sk\u0142adaj\u0105ce si\u0119 z wi\u0119kszej liczby os\u00f3b, kt\u00f3re przecie\u017c r\u00f3wnie\u017c wytwarzaj\u0105 odpady.<\/p>\n\n\n\n<p>Po zmianach obowi\u0105zywa\u0107 b\u0119d\u0105 nast\u0119puj\u0105ce miesi\u0119czne stawki op\u0142aty* za gospodarowanie odpadami komunalnymi:<\/p>\n\n\n\n<ul class=\"wp-block-list\"><li><strong>35 z\u0142 od gospodarstwa domowego jednoosobowego;<\/strong><\/li><li><strong>70 z\u0142 od gospodarstwa domowego dwuosobowego;<\/strong><\/li><li><strong>100 od gospodarstwa domowego trzyosobowego;<\/strong><\/li><li><strong>115 z\u0142 od gospodarstwa domowego czteroosobowego lub wi\u0119kszego.<\/strong><\/li><\/ul>\n\n\n\n<p>Dla os\u00f3b prowadz\u0105cych jedno lub dwuosobowe gospodarstwo domowe op\u0142ata nie ulegnie zmianie, natomiast w przypadku wi\u0119kszych gospodarstw stawka wzrasta regresywnie, czyli im wi\u0119cej os\u00f3b, tym mniejsza b\u0119dzie op\u0142ata w przeliczeniu na jednego mieszka\u0144ca. Jest to tym bardziej uzasadnione, \u017ce osoba mieszkaj\u0105ca samotnie generuje wi\u0119ksz\u0105 ilo\u015b\u0107 odpad\u00f3w ni\u017c pojedyncza osoba wchodz\u0105ca w sk\u0142ad liczniejszego gospodarstwa. Ponadto, zmieniona metoda ustalania op\u0142aty pozostaje przyjazna dla rodzin wielodzietnych (wychowuj\u0105cych troje lub wi\u0119cej dzieci), gdy\u017c<br>w przypadku powi\u0119kszenia rodziny nie wp\u0142ywa to na wzrost op\u0142aty za odpady.<\/p>\n\n\n\n<p>OBOWI\u0104ZEK SEGREGACJI<\/p>\n\n\n\n<p>Pami\u0119tajmy, \u017ce aktualnie nie mamy mo\u017cliwo\u015bci zrezygnowania z obowi\u0105zku zbierania odpad\u00f3w<br>w spos\u00f3b selektywny. Niewywi\u0105zywanie si\u0119 z obowi\u0105zku selektywnej zbi\u00f3rki odpad\u00f3w wi\u0105\u017ce si\u0119 z naliczeniem dwukrotnie wy\u017cszej op\u0142aty, jak r\u00f3wnie\u017c z mo\u017cliwo\u015bci\u0105 otrzymania grzywny za nieprzestrzeganie obowi\u0105zku wynikaj\u0105cego z przepis\u00f3w ustawy z dnia 13 wrze\u015bnia 1996 r. o utrzymaniu czysto\u015bci i porz\u0105dku w gminach, jak r\u00f3wnie\u017c uchwalonego na jej podstawie regulaminu utrzymania czysto\u015bci i porz\u0105dku na terenie Miasta Z\u0105bki.<\/p>\n\n\n\n<p>Z\u0141O\u017bENIE DEKLARACJI<\/p>\n\n\n\n<p>Wprowadzone zmiany wi\u0105\u017c\u0105 si\u0119 z ustaleniem nowego wzoru deklaracji**, kt\u00f3r\u0105 po jej wype\u0142nieniu nale\u017cy z\u0142o\u017cy\u0107:<\/p>\n\n\n\n<ul class=\"wp-block-list\"><li>osobi\u015bcie w Urz\u0119dzie Miasta Z\u0105bki, 05-091 Z\u0105bki, ul. Wojska Polskiego 10<\/li><li>poczt\u0105 na ww. adres urz\u0119du<\/li><li>za po\u015brednictwem \u015brodk\u00f3w komunikacji elektronicznej (np. przez platform\u0119 e-PUAP).<\/li><\/ul>\n\n\n\n<p>W przypadku zabudowy mieszkaniowej wielolokalowej (wielorodzinnej) konieczne jest przekazanie wsp\u00f3lnocie lub sp\u00f3\u0142dzielni mieszkaniowej danych niezb\u0119dnych do wype\u0142nienia deklaracji. Dzi\u0119ki temu osoby reprezentuj\u0105ce wsp\u00f3lnot\u0119\/sp\u00f3\u0142dzielni\u0119 mieszkaniow\u0105 z\u0142o\u017c\u0105 deklaracj\u0119 w imieniu swoich mieszka\u0144c\u00f3w, podaj\u0105c \u0142\u0105czn\u0105 informacj\u0119 o liczbie gospodarstw domowych oraz ich rodzaju w zale\u017cno\u015bci od liczby os\u00f3b w gospodarstwie.<\/p>\n\n\n\n<p>ZWOLNIENIA W OP\u0141ACIE<\/p>\n\n\n\n<p>Wprowadzona zosta\u0142a mo\u017cliwo\u015b\u0107 skorzystania z cz\u0119\u015bciowego zwolnienia z op\u0142aty w przypadku kompostowania bioodpad\u00f3w stanowi\u0105cych odpady komunalne w kompostowniku przydomowym w zabudowie jednorodzinnej w wysoko\u015bci:<\/p>\n\n\n\n<ul class=\"wp-block-list\"><li>4 z\u0142 od gospodarstwa domowego jednoosobowego;<\/li><li>7 z\u0142 od gospodarstwa domowego dwuosobowego;<\/li><li>10 z\u0142 od gospodarstwa domowego trzyosobowego;<\/li><li>15 z\u0142 od gospodarstwa domowego czteroosobowego lub wi\u0119kszego.<\/li><\/ul>\n\n\n\n<p>Nale\u017cy jednak pami\u0119ta\u0107, \u017ce w przypadku zadeklarowania u\u017cywania kompostownika przydomowego nie wystawiamy ju\u017c bioodpad\u00f3w w terminie ich odbioru. Natomiast fakt posiadania i u\u017cytkowania kompostownika mo\u017ce by\u0107 zweryfikowany podczas ogl\u0119dzin nieruchomo\u015bci.<\/p>\n\n\n\n<p>WA\u017bYMY ODPADY<\/p>\n\n\n\n<p>Na terenie zlewni \u015bciek\u00f3w przy Punkcie Selektywnej Zbi\u00f3rki Odpad\u00f3w Komunalnych (PSZOK) przy ulicy Ks. Zycha 61 zosta\u0142a uruchomiona waga samochodowa, na kt\u00f3rej wa\u017cone s\u0105 pojazdy odbieraj\u0105ce odpady<br>z zamieszkanych nieruchomo\u015bci po\u0142o\u017conych na terenie naszego Miasta. Realizacja tego dodatkowego elementu kontroli ilo\u015bci odbieranych odpad\u00f3w jest wprowadzona, pomimo \u017ce dotychczasowy koszt odbioru odpad\u00f3w, w przeliczeniu na jednego mieszka\u0144ca, w Z\u0105bkach by\u0142 ni\u017cszy ni\u017c w innych gminach Powiatu Wo\u0142omi\u0144skiego. Zdecydowano si\u0119 na wdro\u017cenie tego rozwi\u0105zania, jako istotnego elementu dba\u0142o\u015bci o w\u0142a\u015bciw\u0105 realizacj\u0119 us\u0142ugi. Ilo\u015b\u0107 mieszka\u0144c\u00f3w i odpad\u00f3w ka\u017cdego roku wzrasta. Dost\u0119p do informacji o wadze odbieranych odpad\u00f3w praktycznie w czasie rzeczywistym, w po\u0142\u0105czeniu z monitoringiem oraz mo\u017cliwo\u015bci\u0105 \u015bledzenia trasy \u201e\u015bmieciarek\u201d b\u0119dzie mo\u017cliwy, niezale\u017cnie od tego, kt\u00f3ry przedsi\u0119biorca w danym momencie realizuje us\u0142ug\u0119 odbioru odpad\u00f3w<br>z terenu Z\u0105bek.<\/p>\n\n\n\n<p>*Stawki op\u0142aty zosta\u0142y okre\u015blone w uchwale Nr LXVI\/602\/2022 Rady Miasta Z\u0105bki z dnia 23 kwietnia 2020 r. w sprawie okre\u015blenia metody ustalania op\u0142aty za gospodarowanie odpadami komunalnymi i ustalenia wysoko\u015bci tej op\u0142aty zmienionej uchwa\u0142\u0105 Nr LXVIII\/629\/2022 Rady Miasta Z\u0105bki z dnia 16 listopada 2022 r.<\/p>\n\n\n\n<p>**Wz\u00f3r deklaracji okre\u015blono w uchwale Nr LXVI\/603\/2022 Rady Miasta Z\u0105bki z dnia 12 pa\u017adziernika 2022 r. w sprawie wzoru deklaracji o wysoko\u015bci op\u0142aty za gospodarowanie odpadami komunalnymi, warunk\u00f3w i trybu sk\u0142adania deklaracji za pomoc\u0105 \u015brodk\u00f3w komunikacji elektronicznej oraz dokument\u00f3w potwierdzaj\u0105cych dane w niej zawarte op\u0142aty za gospodarowanie odpadami komunalnymi (Dz. Urz. Woj. Maz. poz. 11165 z p\u00f3\u017an. zm.)<\/p>\n\n\n\n<p>\u017ar\u00f3d\u0142o: https:\/\/www.zabki.pl\/aktualnosci\/aktualnosci\/2022-12\/gospodarowanie-odpadami-zmiany<\/p>\n\n\n\n<p><\/p>\n<div class=\"naszp-po-tresci\" id=\"naszp-4169996831\"><script async src=\"\/\/pagead2.googlesyndication.com\/pagead\/js\/adsbygoogle.js?client=ca-pub-5304901113955943\" crossorigin=\"anonymous\"><\/script><ins class=\"adsbygoogle\" style=\"display:block;\" data-ad-client=\"ca-pub-5304901113955943\" \ndata-ad-slot=\"9226873542\" \ndata-ad-format=\"auto\"><\/ins>\n<script> \n(adsbygoogle = window.adsbygoogle || []).push({}); \n<\/script>\n<\/div>","protected":false},"excerpt":{"rendered":"<p>Od 1 stycznia 2023 r. zmieniona zostaje metoda ustalania op\u0142aty za gospodarowanie odpadami komunalnymi dla nieruchomo\u015bci, na kt\u00f3rych zamieszkuj\u0105 mieszka\u0144cy. Zmiana polega na rozszerzeniu podzia\u0142u gospodarstw domowych ze wzgl\u0119du na liczb\u0119 os\u00f3b wchodz\u0105cych w sk\u0142ad gospodarstwa. Aktualnie obowi\u0105zuj\u0105 dwie stawki op\u0142aty \u2013 dla gospodarstw domowych jednoosobowych oraz dla gospodarstw dwuosobowych<span class=\"more-link\"><a href=\"https:\/\/naszpowiat.info\/index.php\/2022\/12\/16\/w-zabkach-zmieniaja-sie-zasady-gospodarowanie-odpadami\/\">Czytaj dalej<\/a><\/span><\/p>\n","protected":false},"author":9,"featured_media":4978,"comment_status":"open","ping_status":"open","sticky":false,"template":"","format":"standard","meta":{"_monsterinsights_skip_tracking":false,"_monsterinsights_sitenote_active":false,"_monsterinsights_sitenote_note":"","_monsterinsights_sitenote_category":0,"footnotes":""},"categories":[123,40,31,62],"tags":[125],"class_list":["entry","author-admin","post-4975","post","type-post","status-publish","format-standard","has-post-thumbnail","category-aktualnosci","category-wolominski","category-powiaty-mazowieckiego","category-zabki-wolominski","tag-powiat-wolominski"],"aioseo_notices":[],"_links":{"self":[{"href":"https:\/\/naszpowiat.info\/index.php\/wp-json\/wp\/v2\/posts\/4975","targetHints":{"allow":["GET"]}}],"collection":[{"href":"https:\/\/naszpowiat.info\/index.php\/wp-json\/wp\/v2\/posts"}],"about":[{"href":"https:\/\/naszpowiat.info\/index.php\/wp-json\/wp\/v2\/types\/post"}],"author":[{"embeddable":true,"href":"https:\/\/naszpowiat.info\/index.php\/wp-json\/wp\/v2\/users\/9"}],"replies":[{"embeddable":true,"href":"https:\/\/naszpowiat.info\/index.php\/wp-json\/wp\/v2\/comments?post=4975"}],"version-history":[{"count":3,"href":"https:\/\/naszpowiat.info\/index.php\/wp-json\/wp\/v2\/posts\/4975\/revisions"}],"predecessor-version":[{"id":4981,"href":"https:\/\/naszpowiat.info\/index.php\/wp-json\/wp\/v2\/posts\/4975\/revisions\/4981"}],"wp:featuredmedia":[{"embeddable":true,"href":"https:\/\/naszpowiat.info\/index.php\/wp-json\/wp\/v2\/media\/4978"}],"wp:attachment":[{"href":"https:\/\/naszpowiat.info\/index.php\/wp-json\/wp\/v2\/media?parent=4975"}],"wp:term":[{"taxonomy":"category","embeddable":true,"href":"https:\/\/naszpowiat.info\/index.php\/wp-json\/wp\/v2\/categories?post=4975"},{"taxonomy":"post_tag","embeddable":true,"href":"https:\/\/naszpowiat.info\/index.php\/wp-json\/wp\/v2\/tags?post=4975"}],"curies":[{"name":"wp","href":"https:\/\/api.w.org\/{rel}","templated":true}]}}