{"id":4970,"date":"2022-12-15T08:44:38","date_gmt":"2022-12-15T08:44:38","guid":{"rendered":"https:\/\/naszpowiat.info\/?p=4970"},"modified":"2022-12-15T08:44:39","modified_gmt":"2022-12-15T08:44:39","slug":"choinki-za-elektroodpady-ekologiczne-swieta-2022","status":"publish","type":"post","link":"https:\/\/naszpowiat.info\/index.php\/2022\/12\/15\/choinki-za-elektroodpady-ekologiczne-swieta-2022\/","title":{"rendered":"CHOINKI ZA ELEKTROODPADY\u2013 EKOLOGICZNE \u015aWI\u0118TA 2022"},"content":{"rendered":"\n<p>Starosta Wo\u0142omi\u0144ski zaprasza mieszka\u0144c\u00f3w powiatu do udzia\u0142u w akcji proekologicznej, przygotowanej przez Wydzia\u0142 Ochrony \u015arodowiska Starostwa Powiatowego w Wo\u0142ominie.<\/p>\n\n\n\n<p>Akcja ma na celu propagowanie prawid\u0142owego post\u0119powania ze zu\u017cytym sprz\u0119tem elektrycznym i elektronicznym, kt\u00f3rego nie brakuje w&nbsp;naszych gospodarstwach domowych. Elektroodpady zawieraj\u0105 wiele cennych element\u00f3w, kt\u00f3re podlegaj\u0105 odzyskowi, a tak\u017ce cz\u0119\u015bci niebezpieczne i substancje szkodliwe, kt\u00f3re powinny by\u0107 prawid\u0142owo zutylizowane.<\/p>\n\n\n\n<p>Zebrane odpady odbierze profesjonalna firma.<\/p>\n\n\n\n<p><strong>Dzi\u0119ki temu<\/strong><strong> przed\u015bwi\u0105teczne porz\u0105dki po\u0142\u0105czymy z <\/strong><strong>dzia\u0142aniem po\u017cytecznym dla \u015brodowiska!<\/strong><\/p>\n\n\n\n<p><strong>W tym roku akcja odb\u0119dzie si\u0119 <u>17 grudnia<\/u> na parkingu przy Starostwie Powiatowym<br>w Wo\u0142ominie ul. Pr\u0105dzy\u0144skiego 3 (przy wej\u015bciu C).<\/strong><\/p>\n\n\n\n<p><strong>Rozpoczynamy od godz. 9.00 i jeste\u015bmy do czasu rozdania wszystkich choinek<\/strong><\/p>\n\n\n\n<p><strong>Kontener na odpady b\u0119dzie dost\u0119pny w godzinach 9.00-12.00<\/strong><\/p>\n\n\n\n<p><br><strong>Co to s\u0105 elektroodpady?&nbsp;<\/strong><\/p>\n\n\n\n<p>S\u0105 to popsute, nieu\u017cywane, ju\u017c niepotrzebne urz\u0105dzenia elektryczne i&nbsp;elektroniczne, kt\u00f3rych prawid\u0142owe dzia\u0142anie jest uzale\u017cnione od dop\u0142ywu pr\u0105du elektrycznego lub by\u0142y zasilane przez baterie(np. zepsute komputery, czajniki, zabawki itp.).<\/p>\n\n\n\n<p><strong>W przypadku drobnego sprz\u0119tu<\/strong> (np. s\u0142uchawki, kabelki, p\u0142yty CD\/DVD) \u2013 <strong>prosimy<br>o przyniesienie<\/strong> <strong>min. 10 szt.<\/strong><\/p>\n\n\n\n<p>Nie przyjmujemy \u017car\u00f3wek &nbsp;i \u015bwietl\u00f3wek.<\/p>\n\n\n\n<p>W nagrod\u0119 za proekologiczn\u0105 postaw\u0119 mieszka\u0144cy maj\u0105 szans\u0119 otrzyma\u0107 \u015bwi\u0105teczne drzewko, kt\u00f3re mo\u017ce zosta\u0107 p\u00f3\u017aniej przesadzone do ziemi w ogr\u00f3dku. S\u0105 to \u015bwierki srebrne o wysoko\u015bci ok. 100-120 cm, w donicach.<\/p>\n\n\n\n<p><strong>Do przekazania mamy 300 sztuk drzewek!<\/strong><\/p>\n\n\n\n<p><strong>Serdecznie zapraszamy !<\/strong><\/p>\n\n\n\n<p><\/p>\n\n\n\n<p><\/p>\n\n\n\n<p><strong>Informacje na temat akcji pn. \u201eChoinka za elektroodpady\u201d<\/strong><\/p>\n\n\n\n<ol class=\"wp-block-list\" type=\"1\"><li><strong>Postanowienia og\u00f3lne<\/strong><\/li><li>Organizatorem akcji proekologicznej, organizowanej pod has\u0142em \u201eChoinka za elektroodpady\u201d, zwanej dalej Akcj\u0105, jest Starostwo Powiatowe w Wo\u0142ominie, ul. Pr\u0105dzy\u0144skiego 3, 05-200 Wo\u0142omin.<\/li><\/ol>\n\n\n\n<ul class=\"wp-block-list\"><li>Celem Akcji jest promowanie w\u0142a\u015bciwych postaw ekologicznych w\u015br\u00f3d mieszka\u0144c\u00f3w<\/li><\/ul>\n\n\n\n<p>powiatu wo\u0142omi\u0144skiego, a w szczeg\u00f3lno\u015bci nawyku selektywnej zbi\u00f3rki i prawid\u0142owego postepowania ze zu\u017cytym sprz\u0119tem elektrycznym i elektronicznym.<\/p>\n\n\n\n<p><strong>&nbsp;&nbsp;&nbsp;&nbsp; 2. Termin i miejsce prowadzenia Akcji<\/strong><\/p>\n\n\n\n<ol class=\"wp-block-list\" type=\"1\"><li>Akcja przeprowadzona b\u0119dzie w dniu 17.12.2022 r. od godz. 9.00 do 12.00 lub do wyczerpania choinek.<\/li><li>Miejsce akcji: przy budynku Starostwa Powiatowego w Wo\u0142ominie, ul. &nbsp;Pr\u0105dzy\u0144skiego 3 w Wo\u0142ominie, przy wej\u015bciu<strong> nr C.<\/strong><\/li><\/ol>\n\n\n\n<ul class=\"wp-block-list\"><li><strong>Uczestnicy Akcji<\/strong><\/li><\/ul>\n\n\n\n<p>Akcja \u201eChoinka za elektroodpady\u201d skierowana jest do mieszka\u0144c\u00f3w powiatu wo\u0142omi\u0144skiego, zwanych dalej Uczestnikami.<\/p>\n\n\n\n<ul class=\"wp-block-list\"><li><strong>Zasady Akcji<\/strong><\/li><li>Uczestnik, kt\u00f3ry odda w czasie trwania Akcji&nbsp; kompletny zu\u017cyty sprz\u0119t elektryczny b\u0105d\u017a elektroniczny lub baterie elektryczne, b\u0119dzie uprawniony do otrzymania<\/li><\/ul>\n\n\n\n<p>nagrody w postaci choinki o wysoko\u015bci 100-120 cm, uprawianej w donicy, zgodnie<br>z nast\u0119puj\u0105cymi zasadami:<\/p>\n\n\n\n<ol class=\"wp-block-list\" type=\"a\"><li>1 szt. du\u017cego i \u015bredniego sprz\u0119tu AGD (np. lod\u00f3wka, pralka, kuchenka, zmywarka, telewizor, monitor, kosiarka, odkurzacz, komputer, wiertarka \u0142adowarki telefon, mikser, \u017celazko, mikrofal\u00f3wka, czajnik ) \u2013 1 \u015bwierk,<\/li><li>10 szt. ma\u0142ego elektrosprz\u0119tu (np. s\u0142uchawki, kable, myszka, p\u0142yty CD, kasety, itp.) \u2013 1 \u015bwierk,<\/li><li>min. 30 sztuk baterii \u2013 1 \u015bwierk.<\/li><li>Z akcji wy\u0142\u0105czone s\u0105: \u017car\u00f3wki, \u015bwietl\u00f3wki, tonery i tusze.<\/li><li>Ostateczn\u0105 decyzj\u0119, co do zaszeregowania wielko\u015bci elektroodpadu, podejmuje pracownik Starostwa Powiatowego w Wo\u0142ominie, bior\u0105cy udzia\u0142 w akcji.<\/li><li>W razie w\u0105tpliwo\u015bci co do oddawanego elektroodpadu, pracownik Starostwa Powiatowego w Wo\u0142ominie, mo\u017ce odm\u00f3wi\u0107 jego przyj\u0119cia.<\/li><li>\u015awierki b\u0119d\u0105 wydawane przez pracownik\u00f3w Starostwa Powiatowego w Wo\u0142ominie, po spe\u0142nieniu wymog\u00f3w okre\u015blonych w niniejszej informacji.<\/li><li>Transport i za\u0142adunek \u015bwierk\u00f3w we w\u0142asnym zakresie.<\/li><li>Udzia\u0142 w akcji oznacza akceptacj\u0119 ww. informacji.<\/li><li>O sprawach nieuregulowanych niniejsz\u0105 Informacj\u0105 rozstrzyga Organizator.<\/li><li>Dodatkowe informacje dotycz\u0105ce akcji mo\u017cna uzyska\u0107 mailowo <a href=\"mailto:zee.wos@powiat-wolominski.pl\">zee.wos@powiat-wolominski.pl<\/a> lub pod numerami telefonu 22&nbsp;346 11 58, 22&nbsp;346 11 61.<\/li><\/ol>\n<div class=\"naszp-po-tresci\" id=\"naszp-2033912481\"><script async src=\"\/\/pagead2.googlesyndication.com\/pagead\/js\/adsbygoogle.js?client=ca-pub-5304901113955943\" crossorigin=\"anonymous\"><\/script><ins class=\"adsbygoogle\" style=\"display:block;\" data-ad-client=\"ca-pub-5304901113955943\" \ndata-ad-slot=\"9226873542\" \ndata-ad-format=\"auto\"><\/ins>\n<script> \n(adsbygoogle = window.adsbygoogle || []).push({}); \n<\/script>\n<\/div>","protected":false},"excerpt":{"rendered":"<p>Starosta Wo\u0142omi\u0144ski zaprasza mieszka\u0144c\u00f3w powiatu do udzia\u0142u w akcji proekologicznej, przygotowanej przez Wydzia\u0142 Ochrony \u015arodowiska Starostwa Powiatowego w Wo\u0142ominie. Akcja ma na celu propagowanie prawid\u0142owego post\u0119powania ze zu\u017cytym sprz\u0119tem elektrycznym i elektronicznym, kt\u00f3rego nie brakuje w&nbsp;naszych gospodarstwach domowych. Elektroodpady zawieraj\u0105 wiele cennych element\u00f3w, kt\u00f3re podlegaj\u0105 odzyskowi, a tak\u017ce cz\u0119\u015bci niebezpieczne<span class=\"more-link\"><a href=\"https:\/\/naszpowiat.info\/index.php\/2022\/12\/15\/choinki-za-elektroodpady-ekologiczne-swieta-2022\/\">Czytaj dalej<\/a><\/span><\/p>\n","protected":false},"author":9,"featured_media":4974,"comment_status":"open","ping_status":"open","sticky":false,"template":"","format":"standard","meta":{"_monsterinsights_skip_tracking":false,"_monsterinsights_sitenote_active":false,"_monsterinsights_sitenote_note":"","_monsterinsights_sitenote_category":0,"footnotes":""},"categories":[123,40,31,58],"tags":[125],"class_list":["entry","author-admin","post-4970","post","type-post","status-publish","format-standard","has-post-thumbnail","category-aktualnosci","category-wolominski","category-powiaty-mazowieckiego","category-wolomin-wolominski","tag-powiat-wolominski"],"aioseo_notices":[],"_links":{"self":[{"href":"https:\/\/naszpowiat.info\/index.php\/wp-json\/wp\/v2\/posts\/4970","targetHints":{"allow":["GET"]}}],"collection":[{"href":"https:\/\/naszpowiat.info\/index.php\/wp-json\/wp\/v2\/posts"}],"about":[{"href":"https:\/\/naszpowiat.info\/index.php\/wp-json\/wp\/v2\/types\/post"}],"author":[{"embeddable":true,"href":"https:\/\/naszpowiat.info\/index.php\/wp-json\/wp\/v2\/users\/9"}],"replies":[{"embeddable":true,"href":"https:\/\/naszpowiat.info\/index.php\/wp-json\/wp\/v2\/comments?post=4970"}],"version-history":[{"count":1,"href":"https:\/\/naszpowiat.info\/index.php\/wp-json\/wp\/v2\/posts\/4970\/revisions"}],"predecessor-version":[{"id":4972,"href":"https:\/\/naszpowiat.info\/index.php\/wp-json\/wp\/v2\/posts\/4970\/revisions\/4972"}],"wp:featuredmedia":[{"embeddable":true,"href":"https:\/\/naszpowiat.info\/index.php\/wp-json\/wp\/v2\/media\/4974"}],"wp:attachment":[{"href":"https:\/\/naszpowiat.info\/index.php\/wp-json\/wp\/v2\/media?parent=4970"}],"wp:term":[{"taxonomy":"category","embeddable":true,"href":"https:\/\/naszpowiat.info\/index.php\/wp-json\/wp\/v2\/categories?post=4970"},{"taxonomy":"post_tag","embeddable":true,"href":"https:\/\/naszpowiat.info\/index.php\/wp-json\/wp\/v2\/tags?post=4970"}],"curies":[{"name":"wp","href":"https:\/\/api.w.org\/{rel}","templated":true}]}}