{"id":4946,"date":"2022-12-09T09:17:43","date_gmt":"2022-12-09T09:17:43","guid":{"rendered":"https:\/\/naszpowiat.info\/?p=4946"},"modified":"2022-12-09T09:38:07","modified_gmt":"2022-12-09T09:38:07","slug":"grand-prix-polski-ekstraklasa-fts-oraz-ogolnopolski-turniej-tanca-towarzyskiego-o-puchar-starosty-wolominskiego","status":"publish","type":"post","link":"https:\/\/naszpowiat.info\/index.php\/2022\/12\/09\/grand-prix-polski-ekstraklasa-fts-oraz-ogolnopolski-turniej-tanca-towarzyskiego-o-puchar-starosty-wolominskiego\/","title":{"rendered":"GRAND PRIX POLSKI EKSTRAKLASA FTS oraz Og\u00f3lnopolski Turniej Ta\u0144ca Towarzyskiego o Puchar Starosty Wo\u0142omi\u0144skiego"},"content":{"rendered":"\n<p><strong>Po kilkuletniej przerwie do Powiatu Wo\u0142omi\u0144skiego wracaj\u0105 rozgrywki ta\u0144ca towarzyskiego na najwy\u017cszym poziomie. Zawody odb\u0119d\u0105 si\u0119 w dniach 10-11 grudnia w Radzyminie. Uroczyste Gale poprowadz\u0105 m.in. Iwona Pavlovic, Anna G\u0142ogowska i Rafa\u0142 Maserak.<\/strong><\/p>\n\n\n\n<p>Wyj\u0105tkowe i presti\u017cowe wydarzenie jakim s\u0105 Og\u00f3lnopolski Turniej Ta\u0144ca Towarzyskiego<br>o Puchar Starosty Wo\u0142omi\u0144skiego oraz GRAND PRIX POLSKI EKSTRAKLASA FTS odb\u0119dzie si\u0119 w Radzymi\u0144skim O\u015brodku Kultury i Sportu w dniach 10-11 grudnia (w godz. 9-21). Organizatorzy zaplanowali blisko 300 start\u00f3w w kilkunastu klasach tanecznych i kategoriach wiekowych. G\u0142\u00f3wnymi punktami dwudniowego \u015bwi\u0119ta ta\u0144ca b\u0119d\u0105 wieczorne Gale, kt\u00f3re od godz. 18 poprowadz\u0105 Iwona Pavlovic, Anna G\u0142ogowska i Rafa\u0142 Maserak.<\/p>\n\n\n\n<p>&#8211; Udzia\u0142 w turnieju zapowiedzieli najlepsi tancerze Federacji Ta\u0144ca Sportowego, kt\u00f3rzy w tym sezonie zdobyli najwi\u0119ksz\u0105 liczb\u0119 punkt\u00f3w. Czeka nas wszystkich niesamowite wydarzenie pe\u0142ne pozytywnych emocji i sportowej rywalizacji. Ciesz\u0119 si\u0119, \u017ce po kilku latach przerwy ponownie mo\u017cemy go\u015bci\u0107 w naszym powiecie najwa\u017cniejsze rozgrywki sportowe w ta\u0144cu towarzyskim \u2013 m\u00f3wi Starosta Wo\u0142omi\u0144ski Adam Lubiak.<\/p>\n\n\n\n<p>&#8211; Sama nie mog\u0119 doczeka\u0107 si\u0119 tych emocji dlatego, \u017ce rzadko mamy okazj\u0119 ogl\u0105da\u0107 takiej rangi wydarzenia. Bardzo ciesz\u0119 si\u0119 na wyst\u0119p z Rafa\u0142em Maserakiem, tym bardziej, \u017ce nie mia\u0142am jeszcze okazji ta\u0144czy\u0107 z nim u nas, na terenie naszego powiatu, a zawsze jest to dla mnie wielkie \u015bwi\u0119to. Chcieliby\u015bmy, \u017ceby wszyscy bawili si\u0119 w rytm najpi\u0119kniejszej muzyki do ta\u0144ca towarzyskiego. Sama o to zadba\u0142am, \u017ceby by\u0142y hity, czyli utwory muzyczne kt\u00f3re ka\u017cdy zna, ale zosta\u0142y przearan\u017cowane specjalnie na potrzeby turnieju na taniec towarzyski. \u2013 m\u00f3wi Kierownik Artystyczny Turnieju Anna G\u0142ogowska.<\/p>\n\n\n\n<p>&#8211; W Polsce odbywaj\u0105 si\u0119 dwa istotne turnieje: Mistrzostwa Polski i Grand Prix. Mistrzostwa<br>to jeden turniej, w kt\u00f3rym s\u0105 eliminacje i na kt\u00f3ry przyje\u017cd\u017ca mn\u00f3stwo par, przez co cz\u0119sto jest to wydarzenie dwudniowe ze wzgl\u0119du na ilo\u015b\u0107 uczestnik\u00f3w. Natomiast Grand Prix to zawody bardziej roz\u0142o\u017cone w czasie. Na poszczeg\u00f3lnych zawodach zbiera si\u0119 punkty, co pozwala na pe\u0142niejsze zaprezentowanie swoich umiej\u0119tno\u015bci. Dlatego w dniach 10-11 grudnia w Radzyminie czeka nas wiele emocji i pozytywnych do\u015bwiadcze\u0144.<\/p>\n\n\n\n<p>Wydarzenie honorowymi patronatami obj\u0119li Wojewoda Mazowiecki Konstanty Radziwi\u0142\u0142, Starosta Wo\u0142omi\u0144ski Adam Lubiak oraz Burmistrz Radzymina Krzysztof Chaci\u0144ski. Organizatorami s\u0105 Federacja Ta\u0144ca Sportowego, Mazowiecki Zwi\u0105zek Ta\u0144ca Sportowego, Powiat Wo\u0142omi\u0144ski, Gmina Radzymin, Sportowy Klub Taneczny Strefa Ta\u0144ca, &nbsp;Stowarzyszenie Nie daj si\u0119 nudzie. Sponsorem G\u0142\u00f3wnym wydarzenia jest PKO Bank Polski.<\/p>\n\n\n\n<p><\/p>\n<div class=\"naszp-po-tresci\" id=\"naszp-2886444049\"><script async src=\"\/\/pagead2.googlesyndication.com\/pagead\/js\/adsbygoogle.js?client=ca-pub-5304901113955943\" crossorigin=\"anonymous\"><\/script><ins class=\"adsbygoogle\" style=\"display:block;\" data-ad-client=\"ca-pub-5304901113955943\" \ndata-ad-slot=\"9226873542\" \ndata-ad-format=\"auto\"><\/ins>\n<script> \n(adsbygoogle = window.adsbygoogle || []).push({}); \n<\/script>\n<\/div>","protected":false},"excerpt":{"rendered":"<p>Po kilkuletniej przerwie do Powiatu Wo\u0142omi\u0144skiego wracaj\u0105 rozgrywki ta\u0144ca towarzyskiego na najwy\u017cszym poziomie. Zawody odb\u0119d\u0105 si\u0119 w dniach 10-11 grudnia w Radzyminie. Uroczyste Gale poprowadz\u0105 m.in. Iwona Pavlovic, Anna G\u0142ogowska i Rafa\u0142 Maserak. Wyj\u0105tkowe i presti\u017cowe wydarzenie jakim s\u0105 Og\u00f3lnopolski Turniej Ta\u0144ca Towarzyskiegoo Puchar Starosty Wo\u0142omi\u0144skiego oraz GRAND PRIX POLSKI<span class=\"more-link\"><a href=\"https:\/\/naszpowiat.info\/index.php\/2022\/12\/09\/grand-prix-polski-ekstraklasa-fts-oraz-ogolnopolski-turniej-tanca-towarzyskiego-o-puchar-starosty-wolominskiego\/\">Czytaj dalej<\/a><\/span><\/p>\n","protected":false},"author":9,"featured_media":4951,"comment_status":"open","ping_status":"open","sticky":false,"template":"","format":"standard","meta":{"_monsterinsights_skip_tracking":false,"_monsterinsights_sitenote_active":false,"_monsterinsights_sitenote_note":"","_monsterinsights_sitenote_category":0,"footnotes":""},"categories":[123,30,40,31,59],"tags":[125],"class_list":["entry","author-admin","post-4946","post","type-post","status-publish","format-standard","has-post-thumbnail","category-aktualnosci","category-kultura","category-wolominski","category-powiaty-mazowieckiego","category-wydarzenia","tag-powiat-wolominski"],"aioseo_notices":[],"_links":{"self":[{"href":"https:\/\/naszpowiat.info\/index.php\/wp-json\/wp\/v2\/posts\/4946","targetHints":{"allow":["GET"]}}],"collection":[{"href":"https:\/\/naszpowiat.info\/index.php\/wp-json\/wp\/v2\/posts"}],"about":[{"href":"https:\/\/naszpowiat.info\/index.php\/wp-json\/wp\/v2\/types\/post"}],"author":[{"embeddable":true,"href":"https:\/\/naszpowiat.info\/index.php\/wp-json\/wp\/v2\/users\/9"}],"replies":[{"embeddable":true,"href":"https:\/\/naszpowiat.info\/index.php\/wp-json\/wp\/v2\/comments?post=4946"}],"version-history":[{"count":2,"href":"https:\/\/naszpowiat.info\/index.php\/wp-json\/wp\/v2\/posts\/4946\/revisions"}],"predecessor-version":[{"id":4956,"href":"https:\/\/naszpowiat.info\/index.php\/wp-json\/wp\/v2\/posts\/4946\/revisions\/4956"}],"wp:featuredmedia":[{"embeddable":true,"href":"https:\/\/naszpowiat.info\/index.php\/wp-json\/wp\/v2\/media\/4951"}],"wp:attachment":[{"href":"https:\/\/naszpowiat.info\/index.php\/wp-json\/wp\/v2\/media?parent=4946"}],"wp:term":[{"taxonomy":"category","embeddable":true,"href":"https:\/\/naszpowiat.info\/index.php\/wp-json\/wp\/v2\/categories?post=4946"},{"taxonomy":"post_tag","embeddable":true,"href":"https:\/\/naszpowiat.info\/index.php\/wp-json\/wp\/v2\/tags?post=4946"}],"curies":[{"name":"wp","href":"https:\/\/api.w.org\/{rel}","templated":true}]}}