{"id":4842,"date":"2022-11-10T10:52:22","date_gmt":"2022-11-10T10:52:22","guid":{"rendered":"https:\/\/naszpowiat.info\/?p=4842"},"modified":"2022-11-10T12:01:22","modified_gmt":"2022-11-10T12:01:22","slug":"spotkanie-w-wiceministrem-andrzejem-bittelem","status":"publish","type":"post","link":"https:\/\/naszpowiat.info\/index.php\/2022\/11\/10\/spotkanie-w-wiceministrem-andrzejem-bittelem\/","title":{"rendered":"Spotkanie z Wiceministrem Andrzejem Bittelem"},"content":{"rendered":"\n<p><strong>We wtorek 8 listopada na zaproszenie Starosty Adama Lubiaka, odby\u0142o si\u0119 otwarte spotkanie Wiceministra Infrastruktury Andrzeja Bittela z mieszka\u0144cami powiatu wo\u0142omi\u0144skiego, kt\u00f3re po\u015bwi\u0119cone by\u0142o m.in. inwestycjom kolejowym.<\/strong><\/p>\n\n\n\n<p>Wiceminister Andrzej Bittel jest pe\u0142nomocnikiem rz\u0105du ds. przeciwdzia\u0142ania wykluczeniu komunikacyjnemu oraz radnym Sejmiku Wojew\u00f3dztwa Mazowieckiego. Tematem spotkania by\u0142y sprawy transportowe oraz inwestycje kolejowe realizowane na terenie powiatu wo\u0142omi\u0144skiego<br>i ca\u0142ego Mazowsza.<\/p>\n\n\n\n<p>Pan Minister om\u00f3wi\u0142 m.in. post\u0119puj\u0105ce prace na budowach skrzy\u017cowa\u0144 dwupoziomowych<br>w Koby\u0142ce &#8211; wiaduktu drogowego nad torami i tunelu pod lini\u0105 kolejow\u0105 zapewni\u0105 bezpiecze\u0144stwo ruchu kolejowego i drogowego. Warte \u0142\u0105cznie 70,7 mln z\u0142 inwestycje realizowane przez PKP Polskie Linie Kolejowe S.A. s\u0105 wsp\u00f3\u0142finansowane ze \u015brodk\u00f3w instrumentu CEF \u201e\u0141\u0105cz\u0105c Europ\u0119\u201d.<\/p>\n\n\n\n<p>Zaawansowane s\u0105 r\u00f3wnie\u017c budowy wiadukt\u00f3w nad torami w T\u0142uszczu i Mokrej Wsi oraz tunelu w Zielonce. W Toporze wykonawca kontynuuje prace na budowie przej\u015bcia dla pieszych pod torami, kt\u00f3re u\u0142atwi dost\u0119p do przystanku kolejowego. Kierowcy i piesi korzystaj\u0105 te\u017c z ju\u017c gotowych obiekt\u00f3w: wiadukt\u00f3w drogowych w Toporze, \u0141ochowie (dwa obiekty) i Ma\u0142kini oraz przej\u015b\u0107 pod torami w Jasienicy Mazowieckiej i \u0141ochowie. PKP realizuje r\u00f3wnie\u017c modernizacj\u0119 i budow\u0119 nowych dworc\u00f3w kolejowych m.in. w Chrz\u0119snem, T\u0142uszczu, Dobczynie, Z\u0105bkach<br>i Wo\u0142ominie.<\/p>\n\n\n\n<p>W spotkaniu wzi\u0119li udzia\u0142 licznie przybyli mieszka\u0144cy i samorz\u0105dowcy m.in. Radna Sejmiku Wojew\u00f3dztwa Mazowieckiego Katarzyna Lubiak, Wicestarosta Piotr Borczy\u0144ski cz\u0142onek zarz\u0105du Grzegorz Siwek, Wiceprzewodnicz\u0105cy Rady Powiatu Cezary Wnuk, Burmistrz Miasta Z\u0105bki Ma\u0142gorzata Zy\u015bk, Zast\u0119pca W\u00f3jta Gminy D\u0105br\u00f3wka Agnieszka Gryglas oraz radni powiatowi i gminni.<\/p>\n<div class=\"naszp-po-tresci\" id=\"naszp-2003298090\"><script async src=\"\/\/pagead2.googlesyndication.com\/pagead\/js\/adsbygoogle.js?client=ca-pub-5304901113955943\" crossorigin=\"anonymous\"><\/script><ins class=\"adsbygoogle\" style=\"display:block;\" data-ad-client=\"ca-pub-5304901113955943\" \ndata-ad-slot=\"9226873542\" \ndata-ad-format=\"auto\"><\/ins>\n<script> \n(adsbygoogle = window.adsbygoogle || []).push({}); \n<\/script>\n<\/div>","protected":false},"excerpt":{"rendered":"<p>We wtorek 8 listopada na zaproszenie Starosty Adama Lubiaka, odby\u0142o si\u0119 otwarte spotkanie Wiceministra Infrastruktury Andrzeja Bittela z mieszka\u0144cami powiatu wo\u0142omi\u0144skiego, kt\u00f3re po\u015bwi\u0119cone by\u0142o m.in. inwestycjom kolejowym. Wiceminister Andrzej Bittel jest pe\u0142nomocnikiem rz\u0105du ds. przeciwdzia\u0142ania wykluczeniu komunikacyjnemu oraz radnym Sejmiku Wojew\u00f3dztwa Mazowieckiego. Tematem spotkania by\u0142y sprawy transportowe oraz inwestycje kolejowe<span class=\"more-link\"><a href=\"https:\/\/naszpowiat.info\/index.php\/2022\/11\/10\/spotkanie-w-wiceministrem-andrzejem-bittelem\/\">Czytaj dalej<\/a><\/span><\/p>\n","protected":false},"author":9,"featured_media":4885,"comment_status":"open","ping_status":"open","sticky":false,"template":"","format":"standard","meta":{"_monsterinsights_skip_tracking":false,"_monsterinsights_sitenote_active":false,"_monsterinsights_sitenote_note":"","_monsterinsights_sitenote_category":0,"footnotes":""},"categories":[123,127,40,58],"tags":[129],"class_list":["entry","author-admin","post-4842","post","type-post","status-publish","format-standard","has-post-thumbnail","category-aktualnosci","category-inwestycje","category-wolominski","category-wolomin-wolominski","tag-kolej"],"aioseo_notices":[],"_links":{"self":[{"href":"https:\/\/naszpowiat.info\/index.php\/wp-json\/wp\/v2\/posts\/4842","targetHints":{"allow":["GET"]}}],"collection":[{"href":"https:\/\/naszpowiat.info\/index.php\/wp-json\/wp\/v2\/posts"}],"about":[{"href":"https:\/\/naszpowiat.info\/index.php\/wp-json\/wp\/v2\/types\/post"}],"author":[{"embeddable":true,"href":"https:\/\/naszpowiat.info\/index.php\/wp-json\/wp\/v2\/users\/9"}],"replies":[{"embeddable":true,"href":"https:\/\/naszpowiat.info\/index.php\/wp-json\/wp\/v2\/comments?post=4842"}],"version-history":[{"count":2,"href":"https:\/\/naszpowiat.info\/index.php\/wp-json\/wp\/v2\/posts\/4842\/revisions"}],"predecessor-version":[{"id":4879,"href":"https:\/\/naszpowiat.info\/index.php\/wp-json\/wp\/v2\/posts\/4842\/revisions\/4879"}],"wp:featuredmedia":[{"embeddable":true,"href":"https:\/\/naszpowiat.info\/index.php\/wp-json\/wp\/v2\/media\/4885"}],"wp:attachment":[{"href":"https:\/\/naszpowiat.info\/index.php\/wp-json\/wp\/v2\/media?parent=4842"}],"wp:term":[{"taxonomy":"category","embeddable":true,"href":"https:\/\/naszpowiat.info\/index.php\/wp-json\/wp\/v2\/categories?post=4842"},{"taxonomy":"post_tag","embeddable":true,"href":"https:\/\/naszpowiat.info\/index.php\/wp-json\/wp\/v2\/tags?post=4842"}],"curies":[{"name":"wp","href":"https:\/\/api.w.org\/{rel}","templated":true}]}}