{"id":4837,"date":"2022-11-08T10:15:54","date_gmt":"2022-11-08T10:15:54","guid":{"rendered":"https:\/\/naszpowiat.info\/?p=4837"},"modified":"2022-11-08T10:20:33","modified_gmt":"2022-11-08T10:20:33","slug":"sulejowek-wzbogaci-sie-o-dwa-tunele","status":"publish","type":"post","link":"https:\/\/naszpowiat.info\/index.php\/2022\/11\/08\/sulejowek-wzbogaci-sie-o-dwa-tunele\/","title":{"rendered":"Sulej\u00f3wek wzbogaci si\u0119 o dwa tunele"},"content":{"rendered":"\n<p><strong>W sierpniu rozpocz\u0119\u0142a si\u0119 budowa pierwszego tunelu pod torami w Sulej\u00f3wku, wytyczonego w ci\u0105gu&nbsp; al. Marsza\u0142ka J\u00f3zefa Pi\u0142sudskiego. Nast\u0119pnie w pa\u017adzierniku pojawi\u0142a si\u0119 informacja o budowie drugiego tunelu w mie\u015bcie. Dzi\u0119ki nowym inwestycjom, bezkolizyjne skrzy\u017cowania kolejowo-drogowe usprawni\u0105 komunikacj\u0119 w 20-tysi\u0119cznym Sulej\u00f3wku.<\/strong><\/p>\n\n\n\n<p>\u2013 Budowa bezkolizyjnych skrzy\u017cowa\u0144 w ca\u0142ym kraju, takich jak to w Sulej\u00f3wku, potwierdza, \u017ce priorytetem rz\u0105du jest bezpiecze\u0144stwo. Pragn\u0119 wyrazi\u0107 zadowolenie, \u017ce powstaj\u0105 one dzi\u0119ki dobrej wsp\u00f3\u0142pracy z samorz\u0105dami \u2013 powiedzia\u0142 wiceminister infrastruktury Andrzej Bittel.<\/p>\n\n\n\n<p><strong>I tunel pod torami w Sulej\u00f3wku<\/strong><\/p>\n\n\n\n<p>Budowa pierwszego tunelu w Sulej\u00f3wku rozpocz\u0119\u0142a si\u0119 16 sierpnia 2022 r. Warto\u015b\u0107 inwestycji jest szacowana na 60 mln z\u0142 netto. Zgodnie z planem prace maj\u0105 si\u0119 zako\u0144czy\u0107 w III kwartale 2023 r. Zast\u0105pi on przejazd drogowy przez tory kolejowe, wytyczony w ci\u0105gu al. Marsza\u0142ka J\u00f3zefa Pi\u0142sudskiego (droga wojew\u00f3dzka nr 638 o d\u0142ugo\u015bci 4,2 km, \u0142\u0105cz\u0105ca Sulej\u00f3wek ze Star\u0105 Mi\u0142osn\u0105). Przez Sulej\u00f3wek przebiega linia kolejowa nr 2 Warszawa-Terespol. Nowa droga b\u0119dzie mia\u0142a po jednym pasie ruchu w ka\u017cd\u0105 stron\u0119. Wytyczone zostan\u0105 chodnik i \u015bcie\u017cka rowerowa. Dla pieszych zostan\u0105 zbudowane schody i winda. Na czas rob\u00f3t przejazd w Weso\u0142ej zostanie zamkni\u0119ty. Dlatego w zwi\u0105zku z budow\u0105 utworzono objazdy, prowadz\u0105ce przez Weso\u0142\u0105 i Sulej\u00f3wek.<\/p>\n\n\n\n<p>Inwestycja jest realizowana we wsp\u00f3\u0142pracy PKP Polskie Linie Kolejowe S.A., Wojew\u00f3dztwa Mazowieckiego i Miasta Sulej\u00f3wek. Cz\u0119\u015b\u0107 \u015brodk\u00f3w pochodzi z unijnego Funduszu Sp\u00f3jno\u015bci.<\/p>\n\n\n\n<p><strong>II tunel pod torami w Sulej\u00f3wku<\/strong><\/p>\n\n\n\n<p>Umowa na budow\u0119 drugiego tunelu zosta\u0142a podpisana 24 pa\u017adziernika przez w\u0142adze Sulej\u00f3wka, PKP Polskie Linie Kolejowe S.A. i przedstawicieli Powiatu Mi\u0144skiego. Warto\u015b\u0107 projektu zosta\u0142a oszacowana na ok. 100 mln z\u0142. Obecnie przygotowywany jest przetarg na t\u0119 budow\u0119, kt\u00f3ry ju\u017c wkr\u00f3tce &#8211; jeszcze w tym roku &#8211; zostanie og\u0142oszony. Dokumentacja projektowa dotycz\u0105ca inwestycji jest ju\u017c przygotowana.<\/p>\n\n\n\n<p>Drugi tunel o d\u0142ugo\u015bci 90 metr\u00f3w powstanie w ci\u0105gu ulic Przejazd i Krasi\u0144skiego (droga powiatowa nr 2284W). Nowa droga b\u0119dzie mia\u0142a po jednym pasie ruchu w ka\u017cd\u0105 stron\u0119. Powstanie ci\u0105g pieszo-rowerowy oraz zostanie u\u0142o\u017cony chodnik. W obiekcie zaplanowano te\u017c windy. Przebudowa obejmie uk\u0142ad przyleg\u0142ych ulic. Zako\u0144czenie prac planowane jest na III kwarta\u0142 2025 r.<\/p>\n\n\n\n<p>Inwestycja jest realizowana we wsp\u00f3\u0142pracy PKP Polskie Linie Kolejowe S.A., Powiatu Mi\u0144skiego i&nbsp;&nbsp; Miasta Sulej\u00f3wek. R\u00f3wnie\u017c w tym przypadka inwestorzy b\u0119d\u0105 si\u0119 starali o pozyskanie \u015brodk\u00f3w z Unii Europejskiej.<\/p>\n\n\n\n<p>Aktualnie w okolicach Warszawy prace przy bezkolizyjnych skrzy\u017cowaniach kolejowo-drogowych trwaj\u0105 m.in. w Koby\u0142ce (tunel drogowy pod torami kolejowymi, wiadukt drogowy nad torami) i w Zielonce (tunel pod wiaduktem kolejowym).<\/p>\n\n\n\n<p>\u0179r\u00f3d\u0142o: Ministerstwo Infrastruktury<\/p>\n\n\n\n<p>(fot. podpisanie umowy dotycz\u0105cej budowy tunelu w Sulej\u00f3wku, \u017ar\u00f3d\u0142o: Ministerstwo Infrastruktury)<\/p>\n<div class=\"naszp-po-tresci\" id=\"naszp-2308776364\"><script async src=\"\/\/pagead2.googlesyndication.com\/pagead\/js\/adsbygoogle.js?client=ca-pub-5304901113955943\" crossorigin=\"anonymous\"><\/script><ins class=\"adsbygoogle\" style=\"display:block;\" data-ad-client=\"ca-pub-5304901113955943\" \ndata-ad-slot=\"9226873542\" \ndata-ad-format=\"auto\"><\/ins>\n<script> \n(adsbygoogle = window.adsbygoogle || []).push({}); \n<\/script>\n<\/div>","protected":false},"excerpt":{"rendered":"<p>W sierpniu rozpocz\u0119\u0142a si\u0119 budowa pierwszego tunelu pod torami w Sulej\u00f3wku, wytyczonego w ci\u0105gu&nbsp; al. Marsza\u0142ka J\u00f3zefa Pi\u0142sudskiego. Nast\u0119pnie w pa\u017adzierniku pojawi\u0142a si\u0119 informacja o budowie drugiego tunelu w mie\u015bcie. Dzi\u0119ki nowym inwestycjom, bezkolizyjne skrzy\u017cowania kolejowo-drogowe usprawni\u0105 komunikacj\u0119 w 20-tysi\u0119cznym Sulej\u00f3wku. \u2013 Budowa bezkolizyjnych skrzy\u017cowa\u0144 w ca\u0142ym kraju, takich jak<span class=\"more-link\"><a href=\"https:\/\/naszpowiat.info\/index.php\/2022\/11\/08\/sulejowek-wzbogaci-sie-o-dwa-tunele\/\">Czytaj dalej<\/a><\/span><\/p>\n","protected":false},"author":9,"featured_media":4840,"comment_status":"open","ping_status":"open","sticky":false,"template":"","format":"standard","meta":{"_monsterinsights_skip_tracking":false,"_monsterinsights_sitenote_active":false,"_monsterinsights_sitenote_note":"","_monsterinsights_sitenote_category":0,"footnotes":""},"categories":[123,127,34,31,52],"tags":[129,137],"class_list":["entry","author-admin","post-4837","post","type-post","status-publish","format-standard","has-post-thumbnail","category-aktualnosci","category-inwestycje","category-minski","category-powiaty-mazowieckiego","category-sulejowek","tag-kolej","tag-sulejowek"],"aioseo_notices":[],"_links":{"self":[{"href":"https:\/\/naszpowiat.info\/index.php\/wp-json\/wp\/v2\/posts\/4837","targetHints":{"allow":["GET"]}}],"collection":[{"href":"https:\/\/naszpowiat.info\/index.php\/wp-json\/wp\/v2\/posts"}],"about":[{"href":"https:\/\/naszpowiat.info\/index.php\/wp-json\/wp\/v2\/types\/post"}],"author":[{"embeddable":true,"href":"https:\/\/naszpowiat.info\/index.php\/wp-json\/wp\/v2\/users\/9"}],"replies":[{"embeddable":true,"href":"https:\/\/naszpowiat.info\/index.php\/wp-json\/wp\/v2\/comments?post=4837"}],"version-history":[{"count":1,"href":"https:\/\/naszpowiat.info\/index.php\/wp-json\/wp\/v2\/posts\/4837\/revisions"}],"predecessor-version":[{"id":4839,"href":"https:\/\/naszpowiat.info\/index.php\/wp-json\/wp\/v2\/posts\/4837\/revisions\/4839"}],"wp:featuredmedia":[{"embeddable":true,"href":"https:\/\/naszpowiat.info\/index.php\/wp-json\/wp\/v2\/media\/4840"}],"wp:attachment":[{"href":"https:\/\/naszpowiat.info\/index.php\/wp-json\/wp\/v2\/media?parent=4837"}],"wp:term":[{"taxonomy":"category","embeddable":true,"href":"https:\/\/naszpowiat.info\/index.php\/wp-json\/wp\/v2\/categories?post=4837"},{"taxonomy":"post_tag","embeddable":true,"href":"https:\/\/naszpowiat.info\/index.php\/wp-json\/wp\/v2\/tags?post=4837"}],"curies":[{"name":"wp","href":"https:\/\/api.w.org\/{rel}","templated":true}]}}