{"id":4817,"date":"2022-10-26T07:19:20","date_gmt":"2022-10-26T07:19:20","guid":{"rendered":"https:\/\/naszpowiat.info\/?p=4817"},"modified":"2022-10-26T07:19:22","modified_gmt":"2022-10-26T07:19:22","slug":"jazz-moment-wernisaz-fotografii-jazzowej-urszula-las-uli-las-w-palacu-w-chrzesnem","status":"publish","type":"post","link":"https:\/\/naszpowiat.info\/index.php\/2022\/10\/26\/jazz-moment-wernisaz-fotografii-jazzowej-urszula-las-uli-las-w-palacu-w-chrzesnem\/","title":{"rendered":"&#8222;Jazz Moment&#8221; &#8211; wernisa\u017c fotografii Jazzowej Urszula Las Uli Las w Pa\u0142acu w Chrz\u0119snem"},"content":{"rendered":"\n<p><strong>W niedziel\u0119 16 pa\u017adziernika w pa\u0142acowych salach ekspozycyjnych mia\u0142o miejsce wyj\u0105tkowe wydarzenie jakim by\u0142o otwarcie wystawy mistrzyni fotografii koncertowej oraz laureatki najbardziej presti\u017cowych nagr\u00f3d fotografii muzycznej &#8211; Uli Las.&nbsp; Artystka jest zdobywczyni\u0105 najwa\u017cniejszej nagrody Jazz Awards Photo of the Year (2022) przyznawanej przez Jazz Journalist Association w Nowym Jorku. Nagrodzon\u0105 fotografi\u0119, jak r\u00f3wnie\u017c wiele innych, mo\u017cna ogl\u0105da\u0107 na wystawie w Pa\u0142acu w Chrz\u0119snem. Dope\u0142nieniem kulturalnej niedzieli by\u0142 koncert Cosmic Silence. Leszek \u017b\u0105d\u0142o &amp; Joachim Mencel.<\/strong><\/p>\n\n\n\n<p>W kolejnej os\u0142onie cyklu Chrz\u0119sne na Jazzowo, pa\u0142acowe wn\u0119trza go\u015bci\u0142y wybitnych muzyk\u00f3w. Leszek \u017b\u0105d\u0142o, kt\u00f3ry na sta\u0142e mieszka w Monachium, uwa\u017cany jest za jednego z najwa\u017cniejszych muzyk\u00f3w austriackiej i niemieckiej sceny jazzowej. Saksofoni\u015bcie towarzyszy\u0142 &#8222;romantyk polskiej pianistyki jazzowej&#8221; -Joachim Mencel, kt\u00f3ry oczarowa\u0142 publiczno\u015b\u0107 wirtuozeri\u0105 gry na lirze korbowej. Wype\u0142niona po brzegi sala koncertowa Pa\u0142acu w Chrzesnem z entuzjazmem reagowa\u0142a na zaprezentowany repertuar, tym bardziej , \u017ce po raz pierwszy na chrz\u0119\u015bnie\u0144skiej scenie pojawi\u0142a si\u0119 wydaj\u0105ca niepowtarzalne d\u017awi\u0119ki lira korbowa &#8211; tu w duecie z fenomenalnym saksofonem. Jazzowe improwizacje, kt\u00f3re sta\u0142y si\u0119 opowie\u015bci\u0105 mi\u0119dzyplanetarn\u0105, wprowadzi\u0142y i\u015bcie kosmiczny nastr\u00f3j, pe\u0142en lemowskich akcent\u00f3w. Wcze\u015bniej przybyli go\u015bcie mogli podziwia\u0107 wernisa\u017c fotografii jazzowej Uli Las, kt\u00f3ry otworzy\u0142a artystka we w\u0142asnej osobie. Ula Lass jak sama przyznaje,fotografuje od zawsze, pocz\u0105tkowo by\u0142a to fotografia tradycyjna i praca w ciemni. Studiowa\u0142a w Akademii Fotografii, uczestniczy\u0142a w licznych plenerach i warsztatach fotograficznych, m.in. w ZPAFie, zwie\u0144czonym wystaw\u0105 Fotografii Alternatywnej. Jednak jak przyznaje, najwa\u017cniejsze lekcje otrzyma\u0142a od Marka Karewicza, w kt\u00f3rego w pracowni mog\u0142a si\u0119 rozwija\u0107.<\/p>\n\n\n\n<p>Od kilku lat bardzo intensywnie zaj\u0119\u0142a si\u0119 portretowaniem muzyk\u00f3w na scenie. Fotografuje liczne koncerty, festiwale i&nbsp; wydarzenia, g\u0142\u00f3wnie jazzowe. Jest cz\u0142onkiem Polskiego Stowarzyszenia Jazzowego.&nbsp; Laureatka GRAND PRIX MK Jazz Foto 2020 im. Marka Karewicza. Finalistka Jazz World Photo 2020 (8 miejsce). Finalistka MK Jazz Foto 2019 im. Marka Karewicza. Jej prace prezentowane by\u0142y na 5 wystawach zbiorowych. Pracuje nad wystaw\u0105 indywidualn\u0105.<\/p>\n\n\n\n<p>\u201eW fotografii lubi\u0119 portrety, bliskie kadry, podpatrywanie obiektywem pewnej intymno\u015bci muzyka na scenie, jego twarzy, ruchu d\u0142oni, chwilami braku kontroli, tego, co wydarza si\u0119 podczas koncertu. Wyczekuj\u0119 momentu muzycznego uniesienia, jestem cierpliwa, staram si\u0119 by\u0107 niezauwa\u017calna, szukam \u015bwiat\u0142a, ale najwa\u017cniejsze zawsze we wszystkim s\u0105 dla mnie emocje, to na nie czekam\u201d \u2013 przyznaje.<\/p>\n\n\n\n<p>Wystawa prac Uli Lass, kt\u00f3r\u0105 mo\u017cna podziwia\u0107 w Pa\u0142acu w Chrz\u0119snem do ko\u0144ca roku, zosta\u0142a zorganizowana dzi\u0119ki wsparciu PSJ &#8211; Polskiego Stowarzyszenia Jazzowego.<\/p>\n<div class=\"naszp-po-tresci\" id=\"naszp-503888821\"><script async src=\"\/\/pagead2.googlesyndication.com\/pagead\/js\/adsbygoogle.js?client=ca-pub-5304901113955943\" crossorigin=\"anonymous\"><\/script><ins class=\"adsbygoogle\" style=\"display:block;\" data-ad-client=\"ca-pub-5304901113955943\" \ndata-ad-slot=\"9226873542\" \ndata-ad-format=\"auto\"><\/ins>\n<script> \n(adsbygoogle = window.adsbygoogle || []).push({}); \n<\/script>\n<\/div>","protected":false},"excerpt":{"rendered":"<p>W niedziel\u0119 16 pa\u017adziernika w pa\u0142acowych salach ekspozycyjnych mia\u0142o miejsce wyj\u0105tkowe wydarzenie jakim by\u0142o otwarcie wystawy mistrzyni fotografii koncertowej oraz laureatki najbardziej presti\u017cowych nagr\u00f3d fotografii muzycznej &#8211; Uli Las.&nbsp; Artystka jest zdobywczyni\u0105 najwa\u017cniejszej nagrody Jazz Awards Photo of the Year (2022) przyznawanej przez Jazz Journalist Association w Nowym Jorku. Nagrodzon\u0105<span class=\"more-link\"><a href=\"https:\/\/naszpowiat.info\/index.php\/2022\/10\/26\/jazz-moment-wernisaz-fotografii-jazzowej-urszula-las-uli-las-w-palacu-w-chrzesnem\/\">Czytaj dalej<\/a><\/span><\/p>\n","protected":false},"author":9,"featured_media":4818,"comment_status":"open","ping_status":"open","sticky":false,"template":"","format":"standard","meta":{"_monsterinsights_skip_tracking":false,"_monsterinsights_sitenote_active":false,"_monsterinsights_sitenote_note":"","_monsterinsights_sitenote_category":0,"footnotes":""},"categories":[123,30,40,54,59],"tags":[131,133],"class_list":["entry","author-admin","post-4817","post","type-post","status-publish","format-standard","has-post-thumbnail","category-aktualnosci","category-kultura","category-wolominski","category-tluszcz","category-wydarzenia","tag-jazz","tag-wernisaz"],"aioseo_notices":[],"_links":{"self":[{"href":"https:\/\/naszpowiat.info\/index.php\/wp-json\/wp\/v2\/posts\/4817","targetHints":{"allow":["GET"]}}],"collection":[{"href":"https:\/\/naszpowiat.info\/index.php\/wp-json\/wp\/v2\/posts"}],"about":[{"href":"https:\/\/naszpowiat.info\/index.php\/wp-json\/wp\/v2\/types\/post"}],"author":[{"embeddable":true,"href":"https:\/\/naszpowiat.info\/index.php\/wp-json\/wp\/v2\/users\/9"}],"replies":[{"embeddable":true,"href":"https:\/\/naszpowiat.info\/index.php\/wp-json\/wp\/v2\/comments?post=4817"}],"version-history":[{"count":1,"href":"https:\/\/naszpowiat.info\/index.php\/wp-json\/wp\/v2\/posts\/4817\/revisions"}],"predecessor-version":[{"id":4819,"href":"https:\/\/naszpowiat.info\/index.php\/wp-json\/wp\/v2\/posts\/4817\/revisions\/4819"}],"wp:featuredmedia":[{"embeddable":true,"href":"https:\/\/naszpowiat.info\/index.php\/wp-json\/wp\/v2\/media\/4818"}],"wp:attachment":[{"href":"https:\/\/naszpowiat.info\/index.php\/wp-json\/wp\/v2\/media?parent=4817"}],"wp:term":[{"taxonomy":"category","embeddable":true,"href":"https:\/\/naszpowiat.info\/index.php\/wp-json\/wp\/v2\/categories?post=4817"},{"taxonomy":"post_tag","embeddable":true,"href":"https:\/\/naszpowiat.info\/index.php\/wp-json\/wp\/v2\/tags?post=4817"}],"curies":[{"name":"wp","href":"https:\/\/api.w.org\/{rel}","templated":true}]}}